{"id":641694,"date":"2023-10-05T12:01:47","date_gmt":"2023-10-05T08:01:47","guid":{"rendered":"https:\/\/arantv.az\/?p=641694"},"modified":"2023-10-05T12:01:47","modified_gmt":"2023-10-05T08:01:47","slug":"ilham-%c9%99liyev-iordaniyanin-olk%c9%99miz%c9%99-yeni-t%c9%99yin-olunmus-s%c9%99firinin-etimadnam%c9%99sini-q%c9%99bul-edib-foto","status":"publish","type":"post","link":"https:\/\/arantv.az\/?p=641694","title":{"rendered":"\u0130lham \u018fliyev \u0130ordaniyan\u0131n \u00f6lk\u0259miz\u0259 yeni t\u0259yin olunmu\u015f s\u0259firinin etimadnam\u0259sini q\u0259bul edib &#8211; FOTO"},"content":{"rendered":"<p>Az\u0259rbaycan Respublikas\u0131n\u0131n Prezidenti\u00a0<strong>\u0130lham \u018fliyev<\/strong>\u00a0oktyabr\u0131n 5-d\u0259 \u0130ordaniya Ha\u015fimil\u0259r Krall\u0131\u011f\u0131n\u0131n \u00f6lk\u0259miz\u0259 yeni t\u0259yin olunmu\u015f f\u00f6vq\u0259lad\u0259 v\u0259 s\u0259lahiyy\u0259tli s\u0259firi \u00d6m\u0259r B\u0259r\u0259k\u0259t \u0259l-Nahar\u0131n etimadnam\u0259sini q\u0259bul edib.<\/p>\n<p><a href=\"https:\/\/azertag.az\/xeber\/azerbaycan_prezidenti_ilham_eliyev_iordaniyanin_olkemizde_yeni_teyin_olunmus_sefirinin_etimadnamesini_qebul_edib-2775259\" target=\"_blank\" rel=\"noopener\">AZ\u018fRTAC<\/a>\u00a0x\u0259b\u0259r verir ki, s\u0259fir etimadnam\u0259sini Prezident \u0130lham \u018fliyev\u0259 t\u0259qdim edib.<\/p>\n<p>Sonra d\u00f6vl\u0259timizin ba\u015f\u00e7\u0131s\u0131 s\u0259firl\u0259 s\u00f6hb\u0259t edib.<\/p>\n<p>S\u0259fir, ilk n\u00f6vb\u0259d\u0259, \u0130ordaniya Ha\u015fimil\u0259r Krall\u0131\u011f\u0131n\u0131n Kral\u0131 II Abdullah ibn Al H\u00fcseynin salamlar\u0131n\u0131 d\u00f6vl\u0259timizin ba\u015f\u00e7\u0131s\u0131na \u00e7atd\u0131r\u0131b.<\/p>\n<p>Prezident \u0130lham \u018fliyev salamlara g\u00f6r\u0259 minn\u0259tdarl\u0131\u011f\u0131n\u0131 bildirib, onun da salamlar\u0131n\u0131 \u0130ordaniya Kral\u0131na \u00e7atd\u0131rma\u011f\u0131 xahi\u015f edib.<\/p>\n<p>Az\u0259rbaycan il\u0259 \u0130ordaniyan\u0131n dost v\u0259 qarda\u015f, z\u0259ngin tarix\u0259 malik \u00f6lk\u0259l\u0259r oldu\u011funu vur\u011fulayan d\u00f6vl\u0259timizin ba\u015f\u00e7\u0131s\u0131 ikit\u0259r\u0259fli m\u00fcnasib\u0259tl\u0259rimizin y\u00fcks\u0259k s\u0259viyy\u0259d\u0259 oldu\u011funu deyib, \u00f6lk\u0259l\u0259rimizin beyn\u0259lxalq t\u0259\u015fkilatlar \u00e7\u0259r\u00e7iv\u0259sind\u0259 h\u0259r zaman bir-birini d\u0259st\u0259kl\u0259diyini m\u0259mnunluqla qeyd edib.<\/p>\n<p>Siyasi \u0259laq\u0259l\u0259rimizin yax\u015f\u0131 s\u0259viyy\u0259d\u0259 oldu\u011funu dey\u0259n Prezident \u0130lham \u018fliyev g\u0259l\u0259c\u0259kd\u0259 iqtisadi \u0259m\u0259kda\u015fl\u0131\u011f\u0131n daha da geni\u015fl\u0259ndirilm\u0259sinin \u00f6n\u0259mini vur\u011fulay\u0131b.<\/p>\n<p>Az\u0259rbaycana s\u0259fir t\u0259yin olunmas\u0131ndan m\u0259mnunlu\u011funu bildir\u0259n \u00d6m\u0259r B\u0259r\u0259k\u0259t \u0259l-Nahar paytaxt\u0131m\u0131zda ged\u0259n b\u00f6y\u00fck inki\u015faf prosesl\u0259rinin v\u0259 insanlar\u0131n firavanl\u0131\u011f\u0131n\u0131n onda d\u0259rin t\u0259\u0259ss\u00fcrat hissi yaratd\u0131\u011f\u0131n\u0131 deyib.<\/p>\n<p>Prezident \u0130lham \u018fliyev Az\u0259rbaycan haqq\u0131nda s\u00f6yl\u0259diyi xo\u015f s\u00f6zl\u0259r\u0259 g\u00f6r\u0259 s\u0259fir\u0259 minn\u0259tdarl\u0131\u011f\u0131n\u0131 bildirib v\u0259 ona f\u0259aliyy\u0259tind\u0259 u\u011furlar arzulay\u0131b.<\/p>\n<p>G\u00f6r\u00fc\u015fd\u0259 iqtisadi-ticari \u0259laq\u0259l\u0259rin geni\u015fl\u0259ndirilm\u0259si, turizm, t\u0259hsil v\u0259 dig\u0259r sah\u0259l\u0259rd\u0259 \u0259m\u0259kda\u015fl\u0131q m\u0259s\u0259l\u0259l\u0259ri m\u00fczakir\u0259 olunub.<\/p>\n<p>&nbsp;<\/p>\n<div class=\"gallery\">\n<div class=\"gallery-i\"><img src=\"https:\/\/cdn.oxu.az\/uploads\/W1siZiIsIjIwMjMvMTAvMDUvMTEvNDQvMjIvZGRlMjU3MTEtZDliOS00ZmQ5LTlkZmMtOTVmMmFkYWUyODA5LzE2OTY0OTE1MDQzMjIyMzUyOTY5XzEyMDB4NjMwLmpwZyJdLFsicCIsImVuY29kZSIsImpwZyIsIi1xdWFsaXR5IDgwIl0sWyJwIiwidGh1bWIiLCI1OTB4NTkwXHUwMDNlIl1d?sha=0cb6588ba58568c4\" alt=\"\" \/><\/p>\n<div class=\"gallery-i-caption\"><\/div>\n<\/div>\n<div class=\"gallery-i\"><img src=\"https:\/\/cdn.oxu.az\/uploads\/W1siZiIsIjIwMjMvMTAvMDUvMTEvNDQvMjIvYzY1ZjQ4ZTItNzhiZC00ZDg3LTgyNTktZGIwN2NhNWZmMjVkLzE2OTY0OTE1MDQ2NDkyMzI1NjYwXzEyMDB4NjMwLmpwZyJdLFsicCIsImVuY29kZSIsImpwZyIsIi1xdWFsaXR5IDgwIl0sWyJwIiwidGh1bWIiLCI1OTB4NTkwXHUwMDNlIl1d?sha=bcd3ca5a264a27d9\" alt=\"\" \/><\/p>\n<div class=\"gallery-i-caption\"><\/div>\n<\/div>\n<div class=\"gallery-i\"><img src=\"https:\/\/cdn.oxu.az\/uploads\/W1siZiIsIjIwMjMvMTAvMDUvMTEvNDQvMjIvYzhjMWI1MDktNzBhOS00NzA3LWE3YzktOTFjYTgxY2E0MGIwLzE2OTY0OTE1MDQ1ODAxODg5MTBfMTIwMHg2MzAuanBnIl0sWyJwIiwiZW5jb2RlIiwianBnIiwiLXF1YWxpdHkgODAiXSxbInAiLCJ0aHVtYiIsIjU5MHg1OTBcdTAwM2UiXV0?sha=f2afb01541299b21\" alt=\"\" \/><\/div>\n<\/div>\n","protected":false},"excerpt":{"rendered":"<p>Az\u0259rbaycan Respublikas\u0131n\u0131n Prezidenti\u00a0\u0130lham \u018fliyev\u00a0oktyabr\u0131n 5-d\u0259 \u0130ordaniya Ha\u015fimil\u0259r Krall\u0131\u011f\u0131n\u0131n \u00f6lk\u0259miz\u0259 yeni t\u0259yin olunmu\u015f f\u00f6vq\u0259lad\u0259 v\u0259 s\u0259lahiyy\u0259tli s\u0259firi \u00d6m\u0259r B\u0259r\u0259k\u0259t \u0259l-Nahar\u0131n etimadnam\u0259sini q\u0259bul edib. AZ\u018fRTAC\u00a0x\u0259b\u0259r verir ki, s\u0259fir etimadnam\u0259sini Prezident \u0130lham \u018fliyev\u0259 t\u0259qdim edib. Sonra d\u00f6vl\u0259timizin ba\u015f\u00e7\u0131s\u0131 s\u0259firl\u0259 s\u00f6hb\u0259t edib. S\u0259fir, ilk n\u00f6vb\u0259d\u0259, \u0130ordaniya Ha\u015fimil\u0259r Krall\u0131\u011f\u0131n\u0131n Kral\u0131 II Abdullah ibn Al H\u00fcseynin salamlar\u0131n\u0131 d\u00f6vl\u0259timizin ba\u015f\u00e7\u0131s\u0131na \u00e7atd\u0131r\u0131b. Prezident \u0130lham \u018fliyev salamlara g\u00f6r\u0259 minn\u0259tdarl\u0131\u011f\u0131n\u0131 bildirib, onun da salamlar\u0131n\u0131 \u0130ordaniya Kral\u0131na \u00e7atd\u0131rma\u011f\u0131 xahi\u015f edib. Az\u0259rbaycan il\u0259 \u0130ordaniyan\u0131n dost v\u0259 qarda\u015f, z\u0259ngin tarix\u0259 malik \u00f6lk\u0259l\u0259r oldu\u011funu vur\u011fulayan d\u00f6vl\u0259timizin ba\u015f\u00e7\u0131s\u0131 ikit\u0259r\u0259fli m\u00fcnasib\u0259tl\u0259rimizin y\u00fcks\u0259k s\u0259viyy\u0259d\u0259 oldu\u011funu deyib, \u00f6lk\u0259l\u0259rimizin&hellip;<\/p>\n","protected":false},"author":2,"featured_media":641697,"comment_status":"closed","ping_status":"closed","sticky":false,"template":"","format":"standard","meta":{"om_disable_all_campaigns":false,"_monsterinsights_skip_tracking":false,"_monsterinsights_sitenote_active":false,"_monsterinsights_sitenote_note":"","_monsterinsights_sitenote_category":0},"categories":[4],"tags":[],"aioseo_notices":[],"gutentor_comment":0,"rttpg_featured_image_url":{"full":["https:\/\/arantv.az\/wp-content\/uploads\/2023\/10\/FotoJet-4-2.jpg",620,413,false],"landscape":["https:\/\/arantv.az\/wp-content\/uploads\/2023\/10\/FotoJet-4-2.jpg",620,413,false],"portraits":["https:\/\/arantv.az\/wp-content\/uploads\/2023\/10\/FotoJet-4-2.jpg",620,413,false],"thumbnail":["https:\/\/arantv.az\/wp-content\/uploads\/2023\/10\/FotoJet-4-2-500x280.jpg",500,280,true],"medium":["https:\/\/arantv.az\/wp-content\/uploads\/2023\/10\/FotoJet-4-2-548x365.jpg",548,365,true],"large":["https:\/\/arantv.az\/wp-content\/uploads\/2023\/10\/FotoJet-4-2.jpg",620,413,false],"1536x1536":["https:\/\/arantv.az\/wp-content\/uploads\/2023\/10\/FotoJet-4-2.jpg",620,413,false],"2048x2048":["https:\/\/arantv.az\/wp-content\/uploads\/2023\/10\/FotoJet-4-2.jpg",620,413,false],"post-thumbnail":["https:\/\/arantv.az\/wp-content\/uploads\/2023\/10\/FotoJet-4-2-240x172.jpg",240,172,true],"advps-thumb-one":["https:\/\/arantv.az\/wp-content\/uploads\/2023\/10\/FotoJet-4-2.jpg",620,413,false]},"rttpg_author":{"display_name":"V\u00fcsal Rafiqo\u011flu","author_link":"https:\/\/arantv.az\/?author=2"},"rttpg_comment":0,"rttpg_category":"<a href=\"https:\/\/arantv.az\/?cat=4\" rel=\"category\">Siyas\u0259t<\/a>","rttpg_excerpt":"Az\u0259rbaycan Respublikas\u0131n\u0131n Prezidenti\u00a0\u0130lham \u018fliyev\u00a0oktyabr\u0131n 5-d\u0259 \u0130ordaniya Ha\u015fimil\u0259r Krall\u0131\u011f\u0131n\u0131n \u00f6lk\u0259miz\u0259 yeni t\u0259yin olunmu\u015f f\u00f6vq\u0259lad\u0259 v\u0259 s\u0259lahiyy\u0259tli s\u0259firi \u00d6m\u0259r B\u0259r\u0259k\u0259t \u0259l-Nahar\u0131n etimadnam\u0259sini q\u0259bul edib. AZ\u018fRTAC\u00a0x\u0259b\u0259r verir ki, s\u0259fir etimadnam\u0259sini Prezident \u0130lham \u018fliyev\u0259 t\u0259qdim edib. Sonra d\u00f6vl\u0259timizin ba\u015f\u00e7\u0131s\u0131 s\u0259firl\u0259 s\u00f6hb\u0259t edib. S\u0259fir, ilk n\u00f6vb\u0259d\u0259, \u0130ordaniya Ha\u015fimil\u0259r Krall\u0131\u011f\u0131n\u0131n Kral\u0131 II Abdullah ibn Al H\u00fcseynin salamlar\u0131n\u0131 d\u00f6vl\u0259timizin ba\u015f\u00e7\u0131s\u0131na \u00e7atd\u0131r\u0131b. Prezident&hellip;","_links":{"self":[{"href":"https:\/\/arantv.az\/index.php?rest_route=\/wp\/v2\/posts\/641694"}],"collection":[{"href":"https:\/\/arantv.az\/index.php?rest_route=\/wp\/v2\/posts"}],"about":[{"href":"https:\/\/arantv.az\/index.php?rest_route=\/wp\/v2\/types\/post"}],"author":[{"embeddable":true,"href":"https:\/\/arantv.az\/index.php?rest_route=\/wp\/v2\/users\/2"}],"replies":[{"embeddable":true,"href":"https:\/\/arantv.az\/index.php?rest_route=%2Fwp%2Fv2%2Fcomments&post=641694"}],"version-history":[{"count":0,"href":"https:\/\/arantv.az\/index.php?rest_route=\/wp\/v2\/posts\/641694\/revisions"}],"wp:featuredmedia":[{"embeddable":true,"href":"https:\/\/arantv.az\/index.php?rest_route=\/wp\/v2\/media\/641697"}],"wp:attachment":[{"href":"https:\/\/arantv.az\/index.php?rest_route=%2Fwp%2Fv2%2Fmedia&parent=641694"}],"wp:term":[{"taxonomy":"category","embeddable":true,"href":"https:\/\/arantv.az\/index.php?rest_route=%2Fwp%2Fv2%2Fcategories&post=641694"},{"taxonomy":"post_tag","embeddable":true,"href":"https:\/\/arantv.az\/index.php?rest_route=%2Fwp%2Fv2%2Ftags&post=641694"}],"curies":[{"name":"wp","href":"https:\/\/api.w.org\/{rel}","templated":true}]}}