{"id":641696,"date":"2023-10-05T12:02:17","date_gmt":"2023-10-05T08:02:17","guid":{"rendered":"https:\/\/arantv.az\/?p=641696"},"modified":"2023-10-05T12:02:17","modified_gmt":"2023-10-05T08:02:17","slug":"dunyanin-qarabagdan-goturm%c9%99li-oldugu-d%c9%99rs-ariel-koenin-s%c9%99rhi","status":"publish","type":"post","link":"https:\/\/arantv.az\/?p=641696","title":{"rendered":"D\u00fcnyan\u0131n Qaraba\u011fdan g\u00f6t\u00fcrm\u0259li oldu\u011fu d\u0259rs &#8211; Ariel Koenin \u015e\u018fRH\u0130"},"content":{"rendered":"<p>\u201cAz\u0259rbaycan Erm\u0259nistanla 30 ild\u0259n art\u0131q davam m\u00fcharib\u0259nin son raundunu da q\u0259l\u0259b\u0259 il\u0259 ba\u015fa vurdu v\u0259 n\u0259tic\u0259d\u0259 Az\u0259rbaycan\u0131n Qaraba\u011f b\u00f6lg\u0259sind\u0259ki qondarma qurum \u00f6z\u00fcn\u00fc buraxd\u0131\u011f\u0131n\u0131 elan etdi\u201d.<\/p>\n<p>Bu s\u00f6zl\u0259r \u201cAtlantic Council\u201d Elmi-T\u0259dqiqat M\u0259rk\u0259zinin ba\u015f elmi i\u015f\u00e7isi, Beyn\u0259lxalq Vergi v\u0259 \u0130nvestisiya M\u0259s\u0259l\u0259l\u0259ri M\u0259rk\u0259zinin enerji, art\u0131m v\u0259 t\u0259hl\u00fck\u0259sizlik \u00fczr\u0259 direktoru Ariel Koenin AB\u015e-nin \u201cThe Hill\u201d n\u0259\u015frind\u0259 \u00e7ap edil\u0259n m\u0259qal\u0259sind\u0259 qeyd olunub.<\/p>\n<p>Ariel Koen yaz\u0131s\u0131nda XX \u0259srin sonlar\u0131nda ba\u015flayan m\u00fcnaqi\u015f\u0259nin tarixin\u0259 q\u0131sa n\u0259z\u0259r sal\u0131r v\u0259 Az\u0259rbaycan \u0259razil\u0259rinin 20 faizinin Erm\u0259nistan t\u0259r\u0259find\u0259n i\u015f\u011fal edildiyini xat\u0131rlad\u0131r.<\/p>\n<p>\u201cLakin hadis\u0259l\u0259rin haz\u0131rk\u0131 yekunu v\u0259 Az\u0259rbaycan\u0131n qazand\u0131\u011f\u0131 n\u0259tic\u0259l\u0259r Qafqaz regionundan \u00e7ox-\u00e7ox k\u0259nara \u00e7\u0131x\u0131r v\u0259 Va\u015finqtonda, h\u0259m\u00e7inin d\u00fcnyan\u0131n dig\u0259r paytaxtlar\u0131nda \u00f6yr\u0259nilm\u0259lidir\u201d.<\/p>\n<p>M\u00fc\u0259llif oxucular\u0131n diqq\u0259tin\u0259 \u00e7atd\u0131r\u0131r ki, neftl\u0259 z\u0259ngin Az\u0259rbaycan C\u0259nubi Qafqaz\u0131n \u015f\u0259ksiz regional hegemonudur, eyni zamanda, T\u00fcrkiy\u0259 d\u00f6vl\u0259tinin yax\u0131n dostu v\u0259 m\u00fctt\u0259fiqidir:<\/p>\n<p>\u201c10 milyon \u0259halisi olan (qon\u015fu G\u00fcrc\u00fcstan v\u0259 Erm\u0259nistan \u0259halisinin toplam\u0131ndan \u00e7ox) d\u00fcny\u0259vi, t\u00fcrk v\u0259 m\u00fcs\u0259lman Az\u0259rbaycan indi neft v\u0259 qaz g\u0259lirl\u0259ri hesab\u0131na maliyy\u0259l\u0259\u015fmi\u015f, T\u00fcrkiy\u0259 v\u0259 \u0130srail t\u0259r\u0259find\u0259n yax\u015f\u0131 t\u0259lim ke\u00e7mi\u015f, t\u0259chiz edilmi\u015f, d\u00f6y\u00fc\u015f \u015f\u0259raitind\u0259 t\u0259cr\u00fcb\u0259 qazanm\u0131\u015f m\u00f6hk\u0259m orduya malikdir\u201d.<\/p>\n<p>Ekspert yaz\u0131s\u0131n\u0131n davam\u0131nda qeyd edir ki, Bak\u0131 \u0130r\u0259van\u0131 Qaraba\u011f iddialar\u0131ndan \u0259l \u00e7\u0259km\u0259y\u0259 m\u0259cbur etdi v\u0259 n\u00f6vb\u0259ti strateji m\u0259qs\u0259d\u0259 &#8211; Z\u0259ng\u0259zur d\u0259hlizinin a\u00e7\u0131lmas\u0131 istiqam\u0259tind\u0259 f\u0259aliyy\u0259t\u0259 ba\u015flay\u0131b:<\/p>\n<p>\u201cBu, T\u00fcrkiy\u0259ni Az\u0259rbaycanla v\u0259 X\u0259z\u0259rin o tay\u0131nda olan Orta Asiyan\u0131n t\u00fcrk d\u00f6vl\u0259tl\u0259ri &#8211; Qazax\u0131stan, Q\u0131r\u011f\u0131z\u0131stan, T\u00fcrkm\u0259nistan v\u0259 \u00d6zb\u0259kistanla daha s\u0131x birl\u0259\u015fdir\u0259c\u0259k\u201d.<\/p>\n<p>Ariel Koen AB\u015e, Fransa v\u0259 Rusiyada ya\u015fayan erm\u0259ni diasporun f\u0259aliyy\u0259tin\u0259 d\u0259 toxunub.<\/p>\n<p>\u201cAB\u015e, Fransa v\u0259 Rusiyadak\u0131 erm\u0259ni diasporlar\u0131 Erm\u0259nistana uzun ill\u0259r d\u0259st\u0259k verm\u0259y\u0259 \u00e7al\u0131\u015fsalar da, milyonlarla dollar x\u0259rcl\u0259s\u0259l\u0259r d\u0259, Erm\u0259nistan\u0131 Qaraba\u011f\u0131 \u0259ld\u0259 saxlamaq \u00fc\u00e7\u00fcn laz\u0131m olan silah, pul v\u0259 siyasi m\u00fcdafi\u0259 il\u0259 t\u0259min ed\u0259 bilm\u0259dil\u0259r. B\u00f6y\u00fck d\u00f6vl\u0259tl\u0259r z\u0259if diasporlar\u0131 m\u0259\u011flub edirl\u0259r. Bu d\u0259rs art\u0131q \u00f6yr\u0259nildi\u201d, &#8211; Ariel Koen vur\u011fulay\u0131b.<\/p>\n<p>M\u00fct\u0259x\u0259ssis haz\u0131rk\u0131 d\u00fcnyada enerji resurslar\u0131n\u0131n \u00f6n\u0259min\u0259 d\u0259 diqq\u0259t \u00e7\u0259kib. O, yaz\u0131s\u0131nda qeyd edib ki, Avropa Rusiya karbohidrogenl\u0259rini qism\u0259n \u0259v\u0259z ed\u0259n Az\u0259rbaycan neftinin v\u0259 qaz\u0131n\u0131n t\u0259dar\u00fck\u00fcnd\u0259 \u0259h\u0259miyy\u0259tli d\u0259r\u0259c\u0259d\u0259 maraql\u0131d\u0131r.<\/p>\n<p>Ariel Koen xat\u0131rlad\u0131r ki, Az\u0259rbaycan X\u0259z\u0259r d\u0259nizind\u0259n n\u0259h\u0259ng enerji hasilat\u0131 il\u0259 m\u0259\u015f\u011fuldur, o c\u00fcml\u0259d\u0259n, Aral\u0131q d\u0259nizin\u0259 q\u0259d\u0259r uzanan Bak\u0131-Tbilisi-Ceyhan boru k\u0259m\u0259ri v\u0259 Trans-Anadolu Qaz K\u0259m\u0259ri (TANAP) layih\u0259si Bak\u0131n\u0131n real siyas\u0259td\u0259ki m\u00fch\u00fcm rolunu daha da art\u0131r\u0131r.<\/p>\n<p>\u201cAz\u0259rbaycan\u0131n h\u0259yata ke\u00e7irdiyi son h\u0259rbi \u0259m\u0259liyyatlar\u0131n n\u0259tic\u0259l\u0259ri onu dem\u0259y\u0259 \u0259sas verir ki, Rusiya, \u00c7in v\u0259 AB\u015e-nin beyn\u0259lxalq sistemi sars\u0131td\u0131\u011f\u0131 bir d\u00fcnyada Az\u0259rbaycan kimi sadiq oyun\u00e7ular v\u0259 T\u00fcrkiy\u0259 kimi regional g\u00fccl\u0259r daha \u00fcst\u00fcn v\u0259ziyy\u0259t\u0259 g\u0259lir v\u0259 strateji nailiyy\u0259tl\u0259r \u0259ld\u0259 ed\u0259 bil\u0259rl\u0259r\u201d, &#8211; Ariel Koen yaz\u0131s\u0131nda qeyd edir.<\/p>\n","protected":false},"excerpt":{"rendered":"<p>\u201cAz\u0259rbaycan Erm\u0259nistanla 30 ild\u0259n art\u0131q davam m\u00fcharib\u0259nin son raundunu da q\u0259l\u0259b\u0259 il\u0259 ba\u015fa vurdu v\u0259 n\u0259tic\u0259d\u0259 Az\u0259rbaycan\u0131n Qaraba\u011f b\u00f6lg\u0259sind\u0259ki qondarma qurum \u00f6z\u00fcn\u00fc buraxd\u0131\u011f\u0131n\u0131 elan etdi\u201d. Bu s\u00f6zl\u0259r \u201cAtlantic Council\u201d Elmi-T\u0259dqiqat M\u0259rk\u0259zinin ba\u015f elmi i\u015f\u00e7isi, Beyn\u0259lxalq Vergi v\u0259 \u0130nvestisiya M\u0259s\u0259l\u0259l\u0259ri M\u0259rk\u0259zinin enerji, art\u0131m v\u0259 t\u0259hl\u00fck\u0259sizlik \u00fczr\u0259 direktoru Ariel Koenin AB\u015e-nin \u201cThe Hill\u201d n\u0259\u015frind\u0259 \u00e7ap edil\u0259n m\u0259qal\u0259sind\u0259 qeyd olunub. Ariel Koen yaz\u0131s\u0131nda XX \u0259srin sonlar\u0131nda ba\u015flayan m\u00fcnaqi\u015f\u0259nin tarixin\u0259 q\u0131sa n\u0259z\u0259r sal\u0131r v\u0259 Az\u0259rbaycan \u0259razil\u0259rinin 20 faizinin Erm\u0259nistan t\u0259r\u0259find\u0259n i\u015f\u011fal edildiyini xat\u0131rlad\u0131r. \u201cLakin hadis\u0259l\u0259rin haz\u0131rk\u0131 yekunu v\u0259 Az\u0259rbaycan\u0131n qazand\u0131\u011f\u0131 n\u0259tic\u0259l\u0259r Qafqaz regionundan \u00e7ox-\u00e7ox&hellip;<\/p>\n","protected":false},"author":2,"featured_media":641699,"comment_status":"closed","ping_status":"closed","sticky":false,"template":"","format":"standard","meta":{"om_disable_all_campaigns":false,"_monsterinsights_skip_tracking":false,"_monsterinsights_sitenote_active":false,"_monsterinsights_sitenote_note":"","_monsterinsights_sitenote_category":0},"categories":[4],"tags":[],"aioseo_notices":[],"gutentor_comment":0,"rttpg_featured_image_url":{"full":["https:\/\/arantv.az\/wp-content\/uploads\/2023\/10\/FotoJet-2023-10-05T111039.140.jpg",620,413,false],"landscape":["https:\/\/arantv.az\/wp-content\/uploads\/2023\/10\/FotoJet-2023-10-05T111039.140.jpg",620,413,false],"portraits":["https:\/\/arantv.az\/wp-content\/uploads\/2023\/10\/FotoJet-2023-10-05T111039.140.jpg",620,413,false],"thumbnail":["https:\/\/arantv.az\/wp-content\/uploads\/2023\/10\/FotoJet-2023-10-05T111039.140-500x280.jpg",500,280,true],"medium":["https:\/\/arantv.az\/wp-content\/uploads\/2023\/10\/FotoJet-2023-10-05T111039.140-548x365.jpg",548,365,true],"large":["https:\/\/arantv.az\/wp-content\/uploads\/2023\/10\/FotoJet-2023-10-05T111039.140.jpg",620,413,false],"1536x1536":["https:\/\/arantv.az\/wp-content\/uploads\/2023\/10\/FotoJet-2023-10-05T111039.140.jpg",620,413,false],"2048x2048":["https:\/\/arantv.az\/wp-content\/uploads\/2023\/10\/FotoJet-2023-10-05T111039.140.jpg",620,413,false],"post-thumbnail":["https:\/\/arantv.az\/wp-content\/uploads\/2023\/10\/FotoJet-2023-10-05T111039.140-240x172.jpg",240,172,true],"advps-thumb-one":["https:\/\/arantv.az\/wp-content\/uploads\/2023\/10\/FotoJet-2023-10-05T111039.140.jpg",620,413,false]},"rttpg_author":{"display_name":"V\u00fcsal Rafiqo\u011flu","author_link":"https:\/\/arantv.az\/?author=2"},"rttpg_comment":0,"rttpg_category":"<a href=\"https:\/\/arantv.az\/?cat=4\" rel=\"category\">Siyas\u0259t<\/a>","rttpg_excerpt":"\u201cAz\u0259rbaycan Erm\u0259nistanla 30 ild\u0259n art\u0131q davam m\u00fcharib\u0259nin son raundunu da q\u0259l\u0259b\u0259 il\u0259 ba\u015fa vurdu v\u0259 n\u0259tic\u0259d\u0259 Az\u0259rbaycan\u0131n Qaraba\u011f b\u00f6lg\u0259sind\u0259ki qondarma qurum \u00f6z\u00fcn\u00fc buraxd\u0131\u011f\u0131n\u0131 elan etdi\u201d. Bu s\u00f6zl\u0259r \u201cAtlantic Council\u201d Elmi-T\u0259dqiqat M\u0259rk\u0259zinin ba\u015f elmi i\u015f\u00e7isi, Beyn\u0259lxalq Vergi v\u0259 \u0130nvestisiya M\u0259s\u0259l\u0259l\u0259ri M\u0259rk\u0259zinin enerji, art\u0131m v\u0259 t\u0259hl\u00fck\u0259sizlik \u00fczr\u0259 direktoru Ariel Koenin AB\u015e-nin \u201cThe Hill\u201d n\u0259\u015frind\u0259 \u00e7ap edil\u0259n m\u0259qal\u0259sind\u0259&hellip;","_links":{"self":[{"href":"https:\/\/arantv.az\/index.php?rest_route=\/wp\/v2\/posts\/641696"}],"collection":[{"href":"https:\/\/arantv.az\/index.php?rest_route=\/wp\/v2\/posts"}],"about":[{"href":"https:\/\/arantv.az\/index.php?rest_route=\/wp\/v2\/types\/post"}],"author":[{"embeddable":true,"href":"https:\/\/arantv.az\/index.php?rest_route=\/wp\/v2\/users\/2"}],"replies":[{"embeddable":true,"href":"https:\/\/arantv.az\/index.php?rest_route=%2Fwp%2Fv2%2Fcomments&post=641696"}],"version-history":[{"count":0,"href":"https:\/\/arantv.az\/index.php?rest_route=\/wp\/v2\/posts\/641696\/revisions"}],"wp:featuredmedia":[{"embeddable":true,"href":"https:\/\/arantv.az\/index.php?rest_route=\/wp\/v2\/media\/641699"}],"wp:attachment":[{"href":"https:\/\/arantv.az\/index.php?rest_route=%2Fwp%2Fv2%2Fmedia&parent=641696"}],"wp:term":[{"taxonomy":"category","embeddable":true,"href":"https:\/\/arantv.az\/index.php?rest_route=%2Fwp%2Fv2%2Fcategories&post=641696"},{"taxonomy":"post_tag","embeddable":true,"href":"https:\/\/arantv.az\/index.php?rest_route=%2Fwp%2Fv2%2Ftags&post=641696"}],"curies":[{"name":"wp","href":"https:\/\/api.w.org\/{rel}","templated":true}]}}