{"id":641709,"date":"2023-10-05T12:07:21","date_gmt":"2023-10-05T08:07:21","guid":{"rendered":"https:\/\/arantv.az\/?p=641709"},"modified":"2023-10-05T12:07:21","modified_gmt":"2023-10-05T08:07:21","slug":"az%c9%99rbaycanda-yeni-nazirlik-yaradilir","status":"publish","type":"post","link":"https:\/\/arantv.az\/?p=641709","title":{"rendered":"Az\u0259rbaycanda yeni nazirlik yarad\u0131l\u0131r?"},"content":{"rendered":"<div class=\"text-content\" data-id=\"\" data-url=\"\">\n<p><strong>Az\u0259rbaycanda yeni nazirlik yarad\u0131laca\u011f\u0131 il\u0259 ba\u011fl\u0131 m\u0259lumatlar dola\u015f\u0131r.<\/strong><\/p>\n<p>Bizim.Media-ya bu bar\u0259d\u0259 m\u0259lumat ver\u0259n m\u0259nb\u0259nin s\u00f6zl\u0259rin\u0259 g\u00f6r\u0259 S\u0259hiyy\u0259 Nazirliyi, \u0130cbari Tibbi S\u0131\u011forta \u00fczr\u0259 D\u00f6vl\u0259t Agentliyi v\u0259 bu qurumun n\u0259zdind\u0259 f\u0259aliyy\u0259t g\u00f6st\u0259r\u0259n T\u018fB\u0130B vahid ad alt\u0131nda birl\u0259\u015f\u0259r\u0259k, S\u0259hiyy\u0259 v\u0259 S\u0131\u011forta Nazirliyin\u0259 \u00e7evril\u0259c\u0259k.<\/p>\n<p>Dig\u0259r iddialara g\u00f6r\u0259 Az\u0259rbaycanda Tikinti Nazirliyi yarad\u0131lacaq. \u018fslind\u0259 mill\u0259t v\u0259kili Zahid Oruc da Milli M\u0259clisin be\u015f komit\u0259sinin v\u0259 h\u00f6kum\u0259t \u00fczvl\u0259rinin i\u015ftirak\u0131 il\u0259 2015-ci il d\u00f6vl\u0259t b\u00fcdc\u0259si il\u0259 ba\u011fl\u0131 apar\u0131lan m\u00fczakir\u0259l\u0259r zaman\u0131 bel\u0259 bir nazirliyin yarad\u0131lmas\u0131 t\u0259klifi il\u0259 \u00e7\u0131x\u0131\u015f etmi\u015fdi.<\/p>\n<p>Deputat\u0131n fikrinc\u0259, h\u0259r nazirliyin t\u0259rkinind\u0259 tikinti qurumu olmaqdansa, tender \u00fczr\u0259 x\u00fcsusi bir qurum, ya da ayr\u0131ca Tikinti Nazirliyi yarad\u0131ls\u0131n. Eyni zamanda d\u00f6vl\u0259t bunun \u015f\u0259rtl\u0259rini m\u00fc\u0259yy\u0259n etsin.<\/p>\n<p>Ba\u015fqa bir iddiaya g\u00f6r\u0259, yeni yarad\u0131lacaq nazirliyin r\u0259hb\u0259ri qad\u0131n olacaq v\u0259 istiqam\u0259t f\u0259aliyy\u0259ti sosial probleml\u0259rin h\u0259llin\u0259 y\u00f6n\u0259l\u0259c\u0259k. H\u0259tta sosial y\u00f6n\u00fcml\u00fc bir ne\u00e7\u0259 nazirlik v\u0259 qurumlar\u0131n yeni yarad\u0131lacaq nazirliy\u0259 birl\u0259\u015fdiril\u0259c\u0259yi d\u0259 bildirilir.<\/p>\n<p>Maraql\u0131s\u0131 budur ki, mill\u0259t v\u0259kili Fazil Mustafa da probleml\u0259rin h\u0259lli il\u0259 ba\u011fl\u0131 yeni nazirliyin yarad\u0131lmas\u0131 t\u0259klifini ir\u0259li s\u00fcr\u00fcr.<\/p>\n<p>Bu bar\u0259d\u0259 Bizim.Media-ya a\u00e7\u0131qlamas\u0131nda deputat bildirib ki, yeni nazirliyin yarad\u0131lmas\u0131 m\u0259s\u0259l\u0259si m\u00fcmk\u00fcnd\u00fcr:<\/p>\n<p>\u201cT\u0259bii ki, bu, h\u00f6kum\u0259tin v\u0259zif\u0259sin\u0259 aid olan m\u0259s\u0259l\u0259dir. Onlar\u0131n s\u0259lahiyy\u0259ti var ki, z\u0259rur\u0259t oldu\u011fu halda bu istiqam\u0259td\u0259 add\u0131mlar at\u0131ls\u0131n. M\u0259nim is\u0259 t\u0259klifim ondan ibar\u0259tdir ki, Az\u0259rbaycanda probleml\u0259rin h\u0259lli nazirliyi yarad\u0131lmal\u0131d\u0131r. 100 nazirliy\u0259 ehtiyac yoxdur. Probleml\u0259ri h\u0259ll etm\u0259k laz\u0131md\u0131r.<\/p>\n<p>\u00c7\u00fcnki biri o birinin \u00fcz\u0259rin\u0259 at\u0131r v\u0259 probleml\u0259r h\u0259ll edilm\u0259mi\u015f qal\u0131r. Sonda is\u0259 m\u0259hk\u0259m\u0259 hakimiyy\u0259ti t\u0259r\u0259find\u0259n d\u0259 problemin h\u0259llin\u0259 \u015fahid olmayanda, icras\u0131n\u0131n \u00e7\u0259tinliyi ortal\u0131\u011fa \u00e7\u0131xanda anlay\u0131rsan ki, \u0259sas m\u0259s\u0259l\u0259 v\u0259t\u0259nda\u015f\u0131n problemini h\u0259ll etm\u0259kdir.<\/p>\n<p>Bizd\u0259 m\u0259hz probleml\u0259rin h\u0259lli \u00fczr\u0259 nazirlik laz\u0131md\u0131r. Hans\u0131 ki, o biri nazirlikl\u0259rin h\u0259ll ed\u0259 bilm\u0259diyi probleml\u0259ri aidiyy\u0259ti nazirlik yoluna qoysun. B\u0259lk\u0259, bu m\u0259s\u0259l\u0259d\u0259 bir q\u0259d\u0259r sarkazm da var.<\/p>\n<p>Amma ba\u015fqa yolumuz yoxdur. H\u0259qiq\u0259t\u0259n d\u0259 \u00e7ox b\u00f6y\u00fck s\u0131x\u0131nt\u0131 var v\u0259 insanlar \u00f6z probleml\u0259rini h\u0259ll ed\u0259 bilmirl\u0259r. S\u0259b\u0259b d\u0259 odur ki, bir qurum dig\u0259rin\u0259 problemi \u00f6t\u00fcr\u00fcr. V\u0259t\u0259nda\u015f is\u0259 yaln\u0131z m\u0259hk\u0259m\u0259 \u00fcmidi il\u0259 yola \u00e7\u0131x\u0131r. B\u0259z\u0259n arzulad\u0131\u011f\u0131 q\u0259rar\u0131 ala bilmir. Yaxud da q\u0259rar q\u0259bul olunur, amma icras\u0131na nail ola bilmir. Bu is\u0259 probleml\u0259rin daha da \u015fi\u015fm\u0259sin\u0259 g\u0259tirib \u00e7\u0131xar\u0131r\u201d.<\/p>\n<\/div>\n<div><\/div>\n<div>\n<div class=\"banner banner-6cdd60ea0045eb7a6ec44c54d29ed402\" data-banner=\"MTg0\">\n<div><ins id=\"revive-0-0\" data-revive-zoneid=\"134\" data-revive-id=\"144e1bb6fa796840b2323709bbb2f595\" data-revive-seq=\"0\" data-revive-loaded=\"1\"><iframe width=\"0\" height=\"0\" frameborder=\"0\" scrolling=\"no\" data-mce-fragment=\"1\"><\/iframe><\/ins><\/div>\n<\/div>\n<\/div>\n","protected":false},"excerpt":{"rendered":"<p>Az\u0259rbaycanda yeni nazirlik yarad\u0131laca\u011f\u0131 il\u0259 ba\u011fl\u0131 m\u0259lumatlar dola\u015f\u0131r. Bizim.Media-ya bu bar\u0259d\u0259 m\u0259lumat ver\u0259n m\u0259nb\u0259nin s\u00f6zl\u0259rin\u0259 g\u00f6r\u0259 S\u0259hiyy\u0259 Nazirliyi, \u0130cbari Tibbi S\u0131\u011forta \u00fczr\u0259 D\u00f6vl\u0259t Agentliyi v\u0259 bu qurumun n\u0259zdind\u0259 f\u0259aliyy\u0259t g\u00f6st\u0259r\u0259n T\u018fB\u0130B vahid ad alt\u0131nda birl\u0259\u015f\u0259r\u0259k, S\u0259hiyy\u0259 v\u0259 S\u0131\u011forta Nazirliyin\u0259 \u00e7evril\u0259c\u0259k. Dig\u0259r iddialara g\u00f6r\u0259 Az\u0259rbaycanda Tikinti Nazirliyi yarad\u0131lacaq. \u018fslind\u0259 mill\u0259t v\u0259kili Zahid Oruc da Milli M\u0259clisin be\u015f komit\u0259sinin v\u0259 h\u00f6kum\u0259t \u00fczvl\u0259rinin i\u015ftirak\u0131 il\u0259 2015-ci il d\u00f6vl\u0259t b\u00fcdc\u0259si il\u0259 ba\u011fl\u0131 apar\u0131lan m\u00fczakir\u0259l\u0259r zaman\u0131 bel\u0259 bir nazirliyin yarad\u0131lmas\u0131 t\u0259klifi il\u0259 \u00e7\u0131x\u0131\u015f etmi\u015fdi. Deputat\u0131n fikrinc\u0259, h\u0259r nazirliyin t\u0259rkinind\u0259 tikinti qurumu olmaqdansa, tender \u00fczr\u0259 x\u00fcsusi&hellip;<\/p>\n","protected":false},"author":2,"featured_media":641711,"comment_status":"closed","ping_status":"closed","sticky":false,"template":"","format":"standard","meta":{"om_disable_all_campaigns":false,"_monsterinsights_skip_tracking":false,"_monsterinsights_sitenote_active":false,"_monsterinsights_sitenote_note":"","_monsterinsights_sitenote_category":0},"categories":[1],"tags":[],"aioseo_notices":[],"gutentor_comment":0,"rttpg_featured_image_url":{"full":["https:\/\/arantv.az\/wp-content\/uploads\/2023\/10\/51498657453597c52f2345f2c446ed61.jpg",800,450,false],"landscape":["https:\/\/arantv.az\/wp-content\/uploads\/2023\/10\/51498657453597c52f2345f2c446ed61.jpg",800,450,false],"portraits":["https:\/\/arantv.az\/wp-content\/uploads\/2023\/10\/51498657453597c52f2345f2c446ed61.jpg",800,450,false],"thumbnail":["https:\/\/arantv.az\/wp-content\/uploads\/2023\/10\/51498657453597c52f2345f2c446ed61-500x280.jpg",500,280,true],"medium":["https:\/\/arantv.az\/wp-content\/uploads\/2023\/10\/51498657453597c52f2345f2c446ed61-649x365.jpg",649,365,true],"large":["https:\/\/arantv.az\/wp-content\/uploads\/2023\/10\/51498657453597c52f2345f2c446ed61.jpg",640,360,false],"1536x1536":["https:\/\/arantv.az\/wp-content\/uploads\/2023\/10\/51498657453597c52f2345f2c446ed61.jpg",800,450,false],"2048x2048":["https:\/\/arantv.az\/wp-content\/uploads\/2023\/10\/51498657453597c52f2345f2c446ed61.jpg",800,450,false],"post-thumbnail":["https:\/\/arantv.az\/wp-content\/uploads\/2023\/10\/51498657453597c52f2345f2c446ed61-240x172.jpg",240,172,true],"advps-thumb-one":["https:\/\/arantv.az\/wp-content\/uploads\/2023\/10\/51498657453597c52f2345f2c446ed61.jpg",800,450,false]},"rttpg_author":{"display_name":"V\u00fcsal Rafiqo\u011flu","author_link":"https:\/\/arantv.az\/?author=2"},"rttpg_comment":0,"rttpg_category":"<a href=\"https:\/\/arantv.az\/?cat=1\" rel=\"category\">C\u0259miyy\u0259t<\/a>","rttpg_excerpt":"Az\u0259rbaycanda yeni nazirlik yarad\u0131laca\u011f\u0131 il\u0259 ba\u011fl\u0131 m\u0259lumatlar dola\u015f\u0131r. Bizim.Media-ya bu bar\u0259d\u0259 m\u0259lumat ver\u0259n m\u0259nb\u0259nin s\u00f6zl\u0259rin\u0259 g\u00f6r\u0259 S\u0259hiyy\u0259 Nazirliyi, \u0130cbari Tibbi S\u0131\u011forta \u00fczr\u0259 D\u00f6vl\u0259t Agentliyi v\u0259 bu qurumun n\u0259zdind\u0259 f\u0259aliyy\u0259t g\u00f6st\u0259r\u0259n T\u018fB\u0130B vahid ad alt\u0131nda birl\u0259\u015f\u0259r\u0259k, S\u0259hiyy\u0259 v\u0259 S\u0131\u011forta Nazirliyin\u0259 \u00e7evril\u0259c\u0259k. Dig\u0259r iddialara g\u00f6r\u0259 Az\u0259rbaycanda Tikinti Nazirliyi yarad\u0131lacaq. \u018fslind\u0259 mill\u0259t v\u0259kili Zahid Oruc da Milli M\u0259clisin&hellip;","_links":{"self":[{"href":"https:\/\/arantv.az\/index.php?rest_route=\/wp\/v2\/posts\/641709"}],"collection":[{"href":"https:\/\/arantv.az\/index.php?rest_route=\/wp\/v2\/posts"}],"about":[{"href":"https:\/\/arantv.az\/index.php?rest_route=\/wp\/v2\/types\/post"}],"author":[{"embeddable":true,"href":"https:\/\/arantv.az\/index.php?rest_route=\/wp\/v2\/users\/2"}],"replies":[{"embeddable":true,"href":"https:\/\/arantv.az\/index.php?rest_route=%2Fwp%2Fv2%2Fcomments&post=641709"}],"version-history":[{"count":0,"href":"https:\/\/arantv.az\/index.php?rest_route=\/wp\/v2\/posts\/641709\/revisions"}],"wp:featuredmedia":[{"embeddable":true,"href":"https:\/\/arantv.az\/index.php?rest_route=\/wp\/v2\/media\/641711"}],"wp:attachment":[{"href":"https:\/\/arantv.az\/index.php?rest_route=%2Fwp%2Fv2%2Fmedia&parent=641709"}],"wp:term":[{"taxonomy":"category","embeddable":true,"href":"https:\/\/arantv.az\/index.php?rest_route=%2Fwp%2Fv2%2Fcategories&post=641709"},{"taxonomy":"post_tag","embeddable":true,"href":"https:\/\/arantv.az\/index.php?rest_route=%2Fwp%2Fv2%2Ftags&post=641709"}],"curies":[{"name":"wp","href":"https:\/\/api.w.org\/{rel}","templated":true}]}}