{"id":641739,"date":"2023-10-05T12:56:54","date_gmt":"2023-10-05T08:56:54","guid":{"rendered":"https:\/\/arantv.az\/?p=641739"},"modified":"2023-10-05T12:56:54","modified_gmt":"2023-10-05T08:56:54","slug":"erm%c9%99nip%c9%99r%c9%99st-senatorun-arvadinin-ort-basdir-edil%c9%99n-cinay%c9%99tinin-goruntul%c9%99ri-video","status":"publish","type":"post","link":"https:\/\/arantv.az\/?p=641739","title":{"rendered":"Erm\u0259nip\u0259r\u0259st senatorun arvad\u0131n\u0131n \u00f6rt-basd\u0131r edil\u0259n cinay\u0259tinin g\u00f6r\u00fcnt\u00fcl\u0259ri &#8211; V\u0130DEO"},"content":{"rendered":"<p>AB\u015e-nin erm\u0259nip\u0259r\u0259st senatoru Robert Menendesin h\u0259yat yolda\u015f\u0131 Nadin Arslanyan\u0131n piyadan\u0131n \u00f6l\u00fcm\u00fc il\u0259 n\u0259tic\u0259l\u0259n\u0259n\u00a0<a href=\"https:\/\/oxu.az\/world\/785874?fbclid=IwAR1Q_DRobvh5dIBXcbip4KaktC3EGh4geupwxZOG_eSYSX0SCqM7lH1Wo90\" target=\"_blank\" rel=\"noopener\">cinay\u0259tinin<\/a>\u00a0g\u00f6r\u00fcnt\u00fcl\u0259ri yay\u0131l\u0131b.<\/p>\n<p>Kadrlarda onun son s\u00fcr\u0259tl\u0259 idar\u0259 etdiyi ma\u015f\u0131nla adam vurmas\u0131 v\u0259 hadis\u0259d\u0259n sonra polis\u0259 ilkin ifad\u0259si \u0259ks olunub.<\/p>\n<p>Qeyd ed\u0259k ki, \u00f6l\u00fcml\u0259 n\u0259tic\u0259l\u0259n\u0259n q\u0259za 2018-ci ilin dekabr\u0131nda Nyu-Cersi \u015ftat\u0131n\u0131n Boqota \u015f\u0259h\u0259rind\u0259 ba\u015f verib. Q\u0259za n\u0259tic\u0259sind\u0259 49 ya\u015fl\u0131 Ri\u00e7ard Koop d\u00fcnyas\u0131n\u0131 d\u0259yi\u015fib. Bergen Dair\u0259sinin Tibbi Ekspertizas\u0131na g\u00f6r\u0259, onun c\u0259s\u0259di yolun k\u0259nar\u0131nda tap\u0131l\u0131b v\u0259 tan\u0131nmaz halda olub.<\/p>\n<p>Ancaq buna baxmayaraq, q\u0131sa sor\u011fu-sualdan sonra polis ma\u015f\u0131nda t\u0259k olan Nadin Arslanyan\u0131n\u00a0 (Menendes) \u201cg\u00fcnahs\u0131z\u201d oldu\u011fu q\u0259na\u0259tin\u0259 g\u0259lib. O, q\u0259zadan sonra narkotik v\u0259 ya spirtli i\u00e7ki q\u0259bul etm\u0259si il\u0259 ba\u011fl\u0131 yoxlan\u0131lmay\u0131b, h\u0259m\u00e7inin, R.Koopun yax\u0131nl\u0131qdak\u0131 x\u0259st\u0259xanada \u00f6lm\u0259si elan olunmam\u0131\u015fdan \u0259vv\u0259l ona hadis\u0259 yerini t\u0259rk etm\u0259y\u0259 icaz\u0259 verilib.<\/p>\n<p>Sadalanan faktlar bu cinay\u0259tin \u00f6rt-basd\u0131r edildiyini dem\u0259y\u0259 \u0259sas verir.<\/p>\n<div><iframe loading=\"lazy\" src=\"https:\/\/baku.tv\/embed\/101242\" width=\"560\" height=\"315\" frameborder=\"0\" allowfullscreen=\"allowfullscreen\" data-mce-fragment=\"1\"><\/iframe><\/div>\n<p>M\u0259nb\u0259:\u00a0Eyewitness News<\/p>\n","protected":false},"excerpt":{"rendered":"<p>AB\u015e-nin erm\u0259nip\u0259r\u0259st senatoru Robert Menendesin h\u0259yat yolda\u015f\u0131 Nadin Arslanyan\u0131n piyadan\u0131n \u00f6l\u00fcm\u00fc il\u0259 n\u0259tic\u0259l\u0259n\u0259n\u00a0cinay\u0259tinin\u00a0g\u00f6r\u00fcnt\u00fcl\u0259ri yay\u0131l\u0131b. Kadrlarda onun son s\u00fcr\u0259tl\u0259 idar\u0259 etdiyi ma\u015f\u0131nla adam vurmas\u0131 v\u0259 hadis\u0259d\u0259n sonra polis\u0259 ilkin ifad\u0259si \u0259ks olunub. Qeyd ed\u0259k ki, \u00f6l\u00fcml\u0259 n\u0259tic\u0259l\u0259n\u0259n q\u0259za 2018-ci ilin dekabr\u0131nda Nyu-Cersi \u015ftat\u0131n\u0131n Boqota \u015f\u0259h\u0259rind\u0259 ba\u015f verib. Q\u0259za n\u0259tic\u0259sind\u0259 49 ya\u015fl\u0131 Ri\u00e7ard Koop d\u00fcnyas\u0131n\u0131 d\u0259yi\u015fib. Bergen Dair\u0259sinin Tibbi Ekspertizas\u0131na g\u00f6r\u0259, onun c\u0259s\u0259di yolun k\u0259nar\u0131nda tap\u0131l\u0131b v\u0259 tan\u0131nmaz halda olub. Ancaq buna baxmayaraq, q\u0131sa sor\u011fu-sualdan sonra polis ma\u015f\u0131nda t\u0259k olan Nadin Arslanyan\u0131n\u00a0 (Menendes) \u201cg\u00fcnahs\u0131z\u201d oldu\u011fu q\u0259na\u0259tin\u0259 g\u0259lib. O, q\u0259zadan sonra narkotik v\u0259&hellip;<\/p>\n","protected":false},"author":2,"featured_media":641741,"comment_status":"closed","ping_status":"closed","sticky":false,"template":"","format":"standard","meta":{"om_disable_all_campaigns":false,"_monsterinsights_skip_tracking":false,"_monsterinsights_sitenote_active":false,"_monsterinsights_sitenote_note":"","_monsterinsights_sitenote_category":0},"categories":[19],"tags":[],"aioseo_notices":[],"gutentor_comment":0,"rttpg_featured_image_url":{"full":["https:\/\/arantv.az\/wp-content\/uploads\/2023\/10\/page-1.jpg",620,413,false],"landscape":["https:\/\/arantv.az\/wp-content\/uploads\/2023\/10\/page-1.jpg",620,413,false],"portraits":["https:\/\/arantv.az\/wp-content\/uploads\/2023\/10\/page-1.jpg",620,413,false],"thumbnail":["https:\/\/arantv.az\/wp-content\/uploads\/2023\/10\/page-1-500x280.jpg",500,280,true],"medium":["https:\/\/arantv.az\/wp-content\/uploads\/2023\/10\/page-1-548x365.jpg",548,365,true],"large":["https:\/\/arantv.az\/wp-content\/uploads\/2023\/10\/page-1.jpg",620,413,false],"1536x1536":["https:\/\/arantv.az\/wp-content\/uploads\/2023\/10\/page-1.jpg",620,413,false],"2048x2048":["https:\/\/arantv.az\/wp-content\/uploads\/2023\/10\/page-1.jpg",620,413,false],"post-thumbnail":["https:\/\/arantv.az\/wp-content\/uploads\/2023\/10\/page-1-240x172.jpg",240,172,true],"advps-thumb-one":["https:\/\/arantv.az\/wp-content\/uploads\/2023\/10\/page-1.jpg",620,413,false]},"rttpg_author":{"display_name":"V\u00fcsal Rafiqo\u011flu","author_link":"https:\/\/arantv.az\/?author=2"},"rttpg_comment":0,"rttpg_category":"<a href=\"https:\/\/arantv.az\/?cat=19\" rel=\"category\">G\u00fcnd\u0259m<\/a>","rttpg_excerpt":"AB\u015e-nin erm\u0259nip\u0259r\u0259st senatoru Robert Menendesin h\u0259yat yolda\u015f\u0131 Nadin Arslanyan\u0131n piyadan\u0131n \u00f6l\u00fcm\u00fc il\u0259 n\u0259tic\u0259l\u0259n\u0259n\u00a0cinay\u0259tinin\u00a0g\u00f6r\u00fcnt\u00fcl\u0259ri yay\u0131l\u0131b. Kadrlarda onun son s\u00fcr\u0259tl\u0259 idar\u0259 etdiyi ma\u015f\u0131nla adam vurmas\u0131 v\u0259 hadis\u0259d\u0259n sonra polis\u0259 ilkin ifad\u0259si \u0259ks olunub. Qeyd ed\u0259k ki, \u00f6l\u00fcml\u0259 n\u0259tic\u0259l\u0259n\u0259n q\u0259za 2018-ci ilin dekabr\u0131nda Nyu-Cersi \u015ftat\u0131n\u0131n Boqota \u015f\u0259h\u0259rind\u0259 ba\u015f verib. Q\u0259za n\u0259tic\u0259sind\u0259 49 ya\u015fl\u0131 Ri\u00e7ard Koop d\u00fcnyas\u0131n\u0131 d\u0259yi\u015fib. Bergen&hellip;","_links":{"self":[{"href":"https:\/\/arantv.az\/index.php?rest_route=\/wp\/v2\/posts\/641739"}],"collection":[{"href":"https:\/\/arantv.az\/index.php?rest_route=\/wp\/v2\/posts"}],"about":[{"href":"https:\/\/arantv.az\/index.php?rest_route=\/wp\/v2\/types\/post"}],"author":[{"embeddable":true,"href":"https:\/\/arantv.az\/index.php?rest_route=\/wp\/v2\/users\/2"}],"replies":[{"embeddable":true,"href":"https:\/\/arantv.az\/index.php?rest_route=%2Fwp%2Fv2%2Fcomments&post=641739"}],"version-history":[{"count":0,"href":"https:\/\/arantv.az\/index.php?rest_route=\/wp\/v2\/posts\/641739\/revisions"}],"wp:featuredmedia":[{"embeddable":true,"href":"https:\/\/arantv.az\/index.php?rest_route=\/wp\/v2\/media\/641741"}],"wp:attachment":[{"href":"https:\/\/arantv.az\/index.php?rest_route=%2Fwp%2Fv2%2Fmedia&parent=641739"}],"wp:term":[{"taxonomy":"category","embeddable":true,"href":"https:\/\/arantv.az\/index.php?rest_route=%2Fwp%2Fv2%2Fcategories&post=641739"},{"taxonomy":"post_tag","embeddable":true,"href":"https:\/\/arantv.az\/index.php?rest_route=%2Fwp%2Fv2%2Ftags&post=641739"}],"curies":[{"name":"wp","href":"https:\/\/api.w.org\/{rel}","templated":true}]}}