{"id":641742,"date":"2023-10-05T12:57:27","date_gmt":"2023-10-05T08:57:27","guid":{"rendered":"https:\/\/arantv.az\/?p=641742"},"modified":"2023-10-05T12:57:27","modified_gmt":"2023-10-05T08:57:27","slug":"v%c9%99t%c9%99ndaslara-od%c9%99nissiz-huquqi-yardim-v%c9%99-mediasiya-xidm%c9%99tl%c9%99ri-gost%c9%99ril%c9%99c%c9%99k","status":"publish","type":"post","link":"https:\/\/arantv.az\/?p=641742","title":{"rendered":"V\u0259t\u0259nda\u015flara \u00f6d\u0259ni\u015fsiz h\u00fcquqi yard\u0131m v\u0259 mediasiya xidm\u0259tl\u0259ri g\u00f6st\u0259ril\u0259c\u0259k"},"content":{"rendered":"<p>\u201cHeyd\u0259r \u018fliyev \u0130li\u201d il\u0259 \u0259laq\u0259dar Az\u0259rbaycan Respublikas\u0131n\u0131n V\u0259kill\u0259r Kollegiyas\u0131n\u0131n (ARVK) t\u0259dbirl\u0259ri plan\u0131 \u00e7\u0259r\u00e7iv\u0259sind\u0259 ARVK v\u0259 Az\u0259rbaycan Respublikas\u0131 Mediasiya \u015euras\u0131 v\u0259t\u0259nda\u015flara \u00f6d\u0259ni\u015fsiz h\u00fcquqi yard\u0131m v\u0259 mediasiya xidm\u0259tl\u0259ri g\u00f6st\u0259r\u0259c\u0259k.<\/p>\n<p>Bel\u0259 ki, Sumqay\u0131t Regional V\u0259kil B\u00fcrosunun v\u0259kill\u0259ri il\u0259 Sumqay\u0131t 1 sayl\u0131 Mediasiya t\u0259\u015fkilat\u0131n\u0131n mediatorlar\u0131 t\u0259r\u0259find\u0259n \u201cV\u0259killik v\u0259 mediasiya xidm\u0259tinin praktiki m\u0259s\u0259l\u0259l\u0259ri\u201d m\u00f6vzusunda d\u0259yirmi masa ke\u00e7irilm\u0259si, o c\u00fcml\u0259d\u0259n v\u0259t\u0259nda\u015flara \u00f6d\u0259ni\u015fsiz h\u00fcquqi yard\u0131m v\u0259 mediasiya \u00fczr\u0259 m\u0259sl\u0259h\u0259tl\u0259rin verilm\u0259si n\u0259z\u0259rd\u0259 tutulur.<\/p>\n<p>T\u0259dbir 10 oktyabr 2023-c\u00fc il tarixd\u0259, saat 10:00-da Sumqay\u0131t \u015f\u0259h\u0259r Heyd\u0259r \u018fliyev M\u0259rk\u0259zind\u0259 ba\u015f tutacaq.<\/p>\n<p>Eyni zamanda oktyabr\u0131n 12-d\u0259 Bak\u0131 \u015f\u0259h\u0259r 12 sayl\u0131 V\u0259kil B\u00fcrosu t\u0259r\u0259find\u0259n Nax\u00e7\u0131van Muxtar Respublikas\u0131n\u0131n V\u0259kill\u0259r Kollegiyas\u0131n\u0131n inzibati binas\u0131nda \u00f6d\u0259ni\u015fsiz h\u00fcquqi yard\u0131m aksiyas\u0131 ke\u00e7iril\u0259c\u0259k.<\/p>\n<p>Qeyd ed\u0259k ki, 2023-c\u00fc il \u201cHeyd\u0259r \u018fliyev \u0130li\u201d il\u0259 \u0259laq\u0259dar V\u0259kill\u0259r Kollegiyas\u0131 t\u0259r\u0259find\u0259n h\u0259r t\u0259qvim ay\u0131n\u0131n 10-da v\u0259t\u0259nda\u015flara \u00f6d\u0259ni\u015fsiz h\u00fcquqi yard\u0131m g\u00f6st\u0259rilir.<\/p>\n<p>\u018flaq\u0259l\u0259ndirici \u015f\u0259xs: V\u0259kill\u0259r Kollegiyas\u0131n\u0131n H\u00fcquqi Yard\u0131m v\u0259 T\u0259dris M\u0259rk\u0259zinin direktor m\u00fcavini Af\u0259t Qaziyeva (\u0259laq\u0259 n\u00f6mr\u0259si: (012) 594-99-85, (050) 340-09-81).<\/p>\n","protected":false},"excerpt":{"rendered":"<p>\u201cHeyd\u0259r \u018fliyev \u0130li\u201d il\u0259 \u0259laq\u0259dar Az\u0259rbaycan Respublikas\u0131n\u0131n V\u0259kill\u0259r Kollegiyas\u0131n\u0131n (ARVK) t\u0259dbirl\u0259ri plan\u0131 \u00e7\u0259r\u00e7iv\u0259sind\u0259 ARVK v\u0259 Az\u0259rbaycan Respublikas\u0131 Mediasiya \u015euras\u0131 v\u0259t\u0259nda\u015flara \u00f6d\u0259ni\u015fsiz h\u00fcquqi yard\u0131m v\u0259 mediasiya xidm\u0259tl\u0259ri g\u00f6st\u0259r\u0259c\u0259k. Bel\u0259 ki, Sumqay\u0131t Regional V\u0259kil B\u00fcrosunun v\u0259kill\u0259ri il\u0259 Sumqay\u0131t 1 sayl\u0131 Mediasiya t\u0259\u015fkilat\u0131n\u0131n mediatorlar\u0131 t\u0259r\u0259find\u0259n \u201cV\u0259killik v\u0259 mediasiya xidm\u0259tinin praktiki m\u0259s\u0259l\u0259l\u0259ri\u201d m\u00f6vzusunda d\u0259yirmi masa ke\u00e7irilm\u0259si, o c\u00fcml\u0259d\u0259n v\u0259t\u0259nda\u015flara \u00f6d\u0259ni\u015fsiz h\u00fcquqi yard\u0131m v\u0259 mediasiya \u00fczr\u0259 m\u0259sl\u0259h\u0259tl\u0259rin verilm\u0259si n\u0259z\u0259rd\u0259 tutulur. T\u0259dbir 10 oktyabr 2023-c\u00fc il tarixd\u0259, saat 10:00-da Sumqay\u0131t \u015f\u0259h\u0259r Heyd\u0259r \u018fliyev M\u0259rk\u0259zind\u0259 ba\u015f tutacaq. Eyni zamanda oktyabr\u0131n 12-d\u0259 Bak\u0131 \u015f\u0259h\u0259r 12 sayl\u0131 V\u0259kil B\u00fcrosu&hellip;<\/p>\n","protected":false},"author":2,"featured_media":641745,"comment_status":"closed","ping_status":"closed","sticky":false,"template":"","format":"standard","meta":{"om_disable_all_campaigns":false,"_monsterinsights_skip_tracking":false,"_monsterinsights_sitenote_active":false,"_monsterinsights_sitenote_note":"","_monsterinsights_sitenote_category":0},"categories":[1],"tags":[],"aioseo_notices":[],"gutentor_comment":0,"rttpg_featured_image_url":{"full":["https:\/\/arantv.az\/wp-content\/uploads\/2023\/10\/386785046_709513684552675_6808758412002493193_n.jpg",620,413,false],"landscape":["https:\/\/arantv.az\/wp-content\/uploads\/2023\/10\/386785046_709513684552675_6808758412002493193_n.jpg",620,413,false],"portraits":["https:\/\/arantv.az\/wp-content\/uploads\/2023\/10\/386785046_709513684552675_6808758412002493193_n.jpg",620,413,false],"thumbnail":["https:\/\/arantv.az\/wp-content\/uploads\/2023\/10\/386785046_709513684552675_6808758412002493193_n-500x280.jpg",500,280,true],"medium":["https:\/\/arantv.az\/wp-content\/uploads\/2023\/10\/386785046_709513684552675_6808758412002493193_n-548x365.jpg",548,365,true],"large":["https:\/\/arantv.az\/wp-content\/uploads\/2023\/10\/386785046_709513684552675_6808758412002493193_n.jpg",620,413,false],"1536x1536":["https:\/\/arantv.az\/wp-content\/uploads\/2023\/10\/386785046_709513684552675_6808758412002493193_n.jpg",620,413,false],"2048x2048":["https:\/\/arantv.az\/wp-content\/uploads\/2023\/10\/386785046_709513684552675_6808758412002493193_n.jpg",620,413,false],"post-thumbnail":["https:\/\/arantv.az\/wp-content\/uploads\/2023\/10\/386785046_709513684552675_6808758412002493193_n-240x172.jpg",240,172,true],"advps-thumb-one":["https:\/\/arantv.az\/wp-content\/uploads\/2023\/10\/386785046_709513684552675_6808758412002493193_n.jpg",620,413,false]},"rttpg_author":{"display_name":"V\u00fcsal Rafiqo\u011flu","author_link":"https:\/\/arantv.az\/?author=2"},"rttpg_comment":0,"rttpg_category":"<a href=\"https:\/\/arantv.az\/?cat=1\" rel=\"category\">C\u0259miyy\u0259t<\/a>","rttpg_excerpt":"\u201cHeyd\u0259r \u018fliyev \u0130li\u201d il\u0259 \u0259laq\u0259dar Az\u0259rbaycan Respublikas\u0131n\u0131n V\u0259kill\u0259r Kollegiyas\u0131n\u0131n (ARVK) t\u0259dbirl\u0259ri plan\u0131 \u00e7\u0259r\u00e7iv\u0259sind\u0259 ARVK v\u0259 Az\u0259rbaycan Respublikas\u0131 Mediasiya \u015euras\u0131 v\u0259t\u0259nda\u015flara \u00f6d\u0259ni\u015fsiz h\u00fcquqi yard\u0131m v\u0259 mediasiya xidm\u0259tl\u0259ri g\u00f6st\u0259r\u0259c\u0259k. Bel\u0259 ki, Sumqay\u0131t Regional V\u0259kil B\u00fcrosunun v\u0259kill\u0259ri il\u0259 Sumqay\u0131t 1 sayl\u0131 Mediasiya t\u0259\u015fkilat\u0131n\u0131n mediatorlar\u0131 t\u0259r\u0259find\u0259n \u201cV\u0259killik v\u0259 mediasiya xidm\u0259tinin praktiki m\u0259s\u0259l\u0259l\u0259ri\u201d m\u00f6vzusunda d\u0259yirmi masa ke\u00e7irilm\u0259si, o c\u00fcml\u0259d\u0259n v\u0259t\u0259nda\u015flara&hellip;","_links":{"self":[{"href":"https:\/\/arantv.az\/index.php?rest_route=\/wp\/v2\/posts\/641742"}],"collection":[{"href":"https:\/\/arantv.az\/index.php?rest_route=\/wp\/v2\/posts"}],"about":[{"href":"https:\/\/arantv.az\/index.php?rest_route=\/wp\/v2\/types\/post"}],"author":[{"embeddable":true,"href":"https:\/\/arantv.az\/index.php?rest_route=\/wp\/v2\/users\/2"}],"replies":[{"embeddable":true,"href":"https:\/\/arantv.az\/index.php?rest_route=%2Fwp%2Fv2%2Fcomments&post=641742"}],"version-history":[{"count":0,"href":"https:\/\/arantv.az\/index.php?rest_route=\/wp\/v2\/posts\/641742\/revisions"}],"wp:featuredmedia":[{"embeddable":true,"href":"https:\/\/arantv.az\/index.php?rest_route=\/wp\/v2\/media\/641745"}],"wp:attachment":[{"href":"https:\/\/arantv.az\/index.php?rest_route=%2Fwp%2Fv2%2Fmedia&parent=641742"}],"wp:term":[{"taxonomy":"category","embeddable":true,"href":"https:\/\/arantv.az\/index.php?rest_route=%2Fwp%2Fv2%2Fcategories&post=641742"},{"taxonomy":"post_tag","embeddable":true,"href":"https:\/\/arantv.az\/index.php?rest_route=%2Fwp%2Fv2%2Ftags&post=641742"}],"curies":[{"name":"wp","href":"https:\/\/api.w.org\/{rel}","templated":true}]}}