{"id":641744,"date":"2023-10-05T12:58:18","date_gmt":"2023-10-05T08:58:18","guid":{"rendered":"https:\/\/arantv.az\/?p=641744"},"modified":"2023-10-05T12:58:18","modified_gmt":"2023-10-05T08:58:18","slug":"astronavtika-konqresinin-istirakcilari-dovl%c9%99t-komit%c9%99sind%c9%99-olublar-foto","status":"publish","type":"post","link":"https:\/\/arantv.az\/?p=641744","title":{"rendered":"Astronavtika Konqresinin i\u015ftirak\u00e7\u0131lar\u0131 D\u00f6vl\u0259t Komit\u0259sind\u0259 olublar &#8211; FOTO"},"content":{"rendered":"<p>Diasporla \u0130\u015f \u00fczr\u0259 D\u00f6vl\u0259t Komit\u0259sinin s\u0259dri Fuad Muradov Bak\u0131 \u015f\u0259h\u0259rind\u0259 ke\u00e7iril\u0259n 74-c\u00fc Beyn\u0259lxalq Astronavtika Konqresind\u0259 Az\u0259rbaycan diasporunu t\u0259msil ed\u0259n tan\u0131nm\u0131\u015f alim v\u0259 m\u00fct\u0259x\u0259ssisl\u0259rl\u0259 g\u00f6r\u00fc\u015f\u00fcb.<\/p>\n<p>Bu bar\u0259d\u0259 Diasporla \u0130\u015f \u00fczr\u0259 D\u00f6vl\u0259t Komit\u0259si m\u0259lumat yay\u0131b.<\/p>\n<p>Bildirilib ki, Az\u0259rbaycan\u0131 xarici \u00f6lk\u0259l\u0259rd\u0259, diasporumuzu is\u0259 konqresd\u0259 u\u011furla t\u0259msil ed\u0259n aliml\u0259r\u0259 minn\u0259tdarl\u0131q bildirilib, i\u015ftirak etdikl\u0259ri m\u00f6ht\u0259\u015f\u0259m t\u0259dbirin \u0259h\u0259miyy\u0259ti bar\u0259d\u0259 fikir m\u00fcbadil\u0259si apar\u0131l\u0131b.<\/p>\n<p>Prezident\u00a0<strong>\u0130lham \u018fliyevin<\/strong>\u00a0tap\u015f\u0131r\u0131\u011f\u0131 \u0259sas\u0131nda xaricd\u0259ki Az\u0259rbaycan icmalar\u0131 il\u0259 \u0259laq\u0259l\u0259rin daha da intensivl\u0259\u015fdiyi, komit\u0259nin x\u0259tti il\u0259 xarici \u00f6lk\u0259l\u0259rd\u0259 m\u00fcxt\u0259lif sah\u0259l\u0259r \u00fczr\u0259 ixtisasla\u015fm\u0131\u015f forum v\u0259 g\u00f6r\u00fc\u015fl\u0259rin, o c\u00fcml\u0259d\u0259n az\u0259rbaycanl\u0131 aliml\u0259rin forumlar\u0131n\u0131n t\u0259\u015fkil olundu\u011fu diqq\u0259t\u0259 \u00e7atd\u0131r\u0131l\u0131b. Komit\u0259nin ger\u00e7\u0259kl\u0259\u015fdirdiyi \u201cBeyin qazanma\u201d proqram\u0131 bar\u0259d\u0259 qonaqlara \u0259trafl\u0131 m\u0259lumat verilib, xaricd\u0259ki n\u00fcfuzlu az\u0259rbaycanl\u0131 aliml\u0259rin bilik v\u0259 bacar\u0131qlar\u0131n\u0131n yeni n\u0259slin inki\u015faf\u0131na c\u0259lb olunmas\u0131nda h\u0259min proqram\u0131n ciddi rol oynad\u0131\u011f\u0131 n\u0259z\u0259r\u0259 \u00e7atd\u0131r\u0131l\u0131b.<\/p>\n<p>Qonaqlar Beyn\u0259lxalq Astronavtika Konqresinin t\u0259\u015fkilin\u0259 v\u0259 bu m\u00f6t\u0259b\u0259r t\u0259dbird\u0259 i\u015ftiraklar\u0131n\u0131n t\u0259min olunmas\u0131na g\u00f6r\u0259 minn\u0259tdarl\u0131q edib, elmin inki\u015faf\u0131 namin\u0259 \u0259ll\u0259rind\u0259n g\u0259l\u0259ni \u0259sirg\u0259m\u0259y\u0259c\u0259kl\u0259rini ifad\u0259 edibl\u0259r. Soyda\u015flar\u0131m\u0131z \u201cBiz xaricd\u0259 ya\u015fasaq da, Az\u0259rbaycan \u00fc\u00e7\u00fcn var\u0131q v\u0259 b\u00fct\u00fcn u\u011furlar\u0131m\u0131z\u0131n \u0259sas\u0131 \u00f6z \u00f6lk\u0259mizd\u0259 qoyulub\u201d dey\u0259r\u0259k ana v\u0259t\u0259n\u0259 sevgi v\u0259 minn\u0259tdarl\u0131q hissl\u0259rini \u00e7atd\u0131r\u0131blar.<\/p>\n<p>Qeyd ed\u0259k ki, g\u00f6r\u00fc\u015fd\u0259 i\u015ftirak ed\u0259n diaspor n\u00fcmay\u0259nd\u0259l\u0259ri \u00f6z sah\u0259l\u0259rind\u0259 b\u00f6y\u00fck u\u011fur qazanm\u0131\u015f \u015f\u0259xsl\u0259rdir. Bel\u0259 ki, Beyn\u0259lxalq Astronavtika Konqresind\u0259 xaricd\u0259ki aliml\u0259rimizi t\u0259msil ed\u0259n professor, doktor Nazim Muradov AB\u015e-nin M\u0259rk\u0259zi Florida Universitetinin G\u00fcn\u0259\u015f Enerjisi M\u0259rk\u0259zind\u0259 hidrogen energetikas\u0131 \u00fczr\u0259 qrup r\u0259hb\u0259ridir. O, NASA-n\u0131n t\u0259dqiqat qrupunun \u00fczv\u00fc kimi Kosmos \u0130dar\u0259sinin \u201cSpace Shuttle Endeavour\u201d missiyas\u0131 zaman\u0131 u\u011furla s\u0131naqdan ke\u00e7iril\u0259n unikal hidrogen sensorunun haz\u0131rlanmas\u0131nda i\u015ftirak edib, g\u00f6rk\u0259mli alimin t\u0259msil olundu\u011fu komanda R&amp;D100 m\u00fckafat\u0131na layiq g\u00f6r\u00fcl\u00fcb.<\/p>\n<p>\u0130stanbul Ticar\u0259t Universitetinin professoru, mexanika v\u0259 aerokosmik m\u00fch\u0259ndislik sah\u0259sind\u0259 tan\u0131nm\u0131\u015f alim Abdulla Sofiyev 2019-20-ci ill\u01ddrd\u01dd \u00f6z sah\u01ddsi \u00fczr\u0259 d\u00fcnyan\u0131n \u01ddn n\u00fcfuzlu 100 alimi siyah\u0131s\u0131nda yer alan v\u0259 SCOPUS-da H indeksi 42 olan ilk az\u0259rbaycanl\u0131 aliml\u0259rd\u0259ndir.<\/p>\n<p>\u0130stanbul Texniki Universitetinin Aeronavtika v\u0259 kosmonavtika fak\u00fclt\u0259sinin professoru \u00c7ingiz Hac\u0131yev Beyn\u0259lxalq Naviqasiya v\u0259 H\u0259r\u0259k\u0259tin \u0130dar\u0259 Edilm\u0259si Akademiyas\u0131n\u0131n h\u0259qiqi \u00fczv\u00fc se\u00e7ilib, Stanford Universitetinin t\u0259rtib etdiyi \u201cD\u00fcnyan\u0131n \u0259n n\u00fcfuzlu elm adamlar\u0131\u201dn\u0131n siras\u0131nda yer al\u0131b.<\/p>\n<p>Florida Az\u0259rbaycan icmas\u0131n\u0131n r\u0259hb\u0259ri Esmira Bayramova m\u0259\u015fhur \u201cCapella Space\u201d \u015firk\u0259tinin meneceridir.<\/p>\n<p>G\u00f6r\u00fc\u015fd\u0259 tan\u0131nm\u0131\u015f alim Nazim Muradova d\u00f6vl\u0259t ba\u015f\u00e7\u0131s\u0131 t\u0259r\u0259find\u0259n veril\u0259n \u201cT\u0259r\u0259qqi\u201d medal\u0131 t\u0259qdim edilib.<\/p>\n<p>Qeyd ed\u0259k ki, son ill\u0259r xarici \u00f6lk\u0259l\u0259rd\u0259 ya\u015fayan az\u0259rbaycanl\u0131 aliml\u0259rl\u0259 \u0259laq\u0259l\u0259rin geni\u015fl\u0259nm\u0259si aliml\u0259rimizl\u0259 ba\u011fl\u0131 z\u0259ngin informasiya bazas\u0131n\u0131n yarad\u0131lmas\u0131, komit\u0259nin bu sah\u0259d\u0259 x\u00fcsusi layih\u0259l\u0259r h\u0259yata ke\u00e7irm\u0259si, m\u00fcxt\u0259lif \u00f6lk\u0259l\u0259rd\u0259 az\u0259rbaycanl\u0131 aliml\u0259rl\u0259 xarici aliml\u0259rin birg\u0259 i\u015ftirak etdiyi elmi konfranslar v\u0259 forumlar\u0131n t\u0259\u015fkil olunmas\u0131n\u0131n m\u0259ntiqi n\u0259tic\u0259sidir.<\/p>\n<p>&nbsp;<\/p>\n<div class=\"gallery\">\n<div class=\"gallery-i\"><img src=\"https:\/\/cdn.oxu.az\/uploads\/W1siZiIsIjIwMjMvMTAvMDUvMTEvNDAvMTYvYTcxMGEyOTUtOTdhMy00N2E4LWJmMmEtZGRlNDBkNjAwZTgyLzM4NDU1MzEzMF8zMTUzMTYwNDc3ODY0MjVfNTE5NDY1NDczMjg3NTgxNjk4NF9uLmpwZyJdLFsicCIsImVuY29kZSIsImpwZyIsIi1xdWFsaXR5IDgwIl0sWyJwIiwidGh1bWIiLCI1OTB4NTkwXHUwMDNlIl1d?sha=d02b1927cc7accbd\" alt=\"\" \/><\/p>\n<div class=\"gallery-i-caption\"><\/div>\n<\/div>\n<div class=\"gallery-i\"><img src=\"https:\/\/cdn.oxu.az\/uploads\/W1siZiIsIjIwMjMvMTAvMDUvMTEvNDAvMTYvNjMwY2YxYWYtZTU0ZC00NTEwLTkzMTMtZGM3YWE4ZDk3ZTI0LzM4Njg1MDk2OF8zMTA0NzM0NjQ2MzI0NTM5XzYyODU2MzQ5MDEyODExMDIyODlfbi5qcGciXSxbInAiLCJlbmNvZGUiLCJqcGciLCItcXVhbGl0eSA4MCJdLFsicCIsInRodW1iIiwiNTkweDU5MFx1MDAzZSJdXQ?sha=b58a3ea40802fa39\" alt=\"\" \/><\/div>\n<\/div>\n","protected":false},"excerpt":{"rendered":"<p>Diasporla \u0130\u015f \u00fczr\u0259 D\u00f6vl\u0259t Komit\u0259sinin s\u0259dri Fuad Muradov Bak\u0131 \u015f\u0259h\u0259rind\u0259 ke\u00e7iril\u0259n 74-c\u00fc Beyn\u0259lxalq Astronavtika Konqresind\u0259 Az\u0259rbaycan diasporunu t\u0259msil ed\u0259n tan\u0131nm\u0131\u015f alim v\u0259 m\u00fct\u0259x\u0259ssisl\u0259rl\u0259 g\u00f6r\u00fc\u015f\u00fcb. Bu bar\u0259d\u0259 Diasporla \u0130\u015f \u00fczr\u0259 D\u00f6vl\u0259t Komit\u0259si m\u0259lumat yay\u0131b. Bildirilib ki, Az\u0259rbaycan\u0131 xarici \u00f6lk\u0259l\u0259rd\u0259, diasporumuzu is\u0259 konqresd\u0259 u\u011furla t\u0259msil ed\u0259n aliml\u0259r\u0259 minn\u0259tdarl\u0131q bildirilib, i\u015ftirak etdikl\u0259ri m\u00f6ht\u0259\u015f\u0259m t\u0259dbirin \u0259h\u0259miyy\u0259ti bar\u0259d\u0259 fikir m\u00fcbadil\u0259si apar\u0131l\u0131b. Prezident\u00a0\u0130lham \u018fliyevin\u00a0tap\u015f\u0131r\u0131\u011f\u0131 \u0259sas\u0131nda xaricd\u0259ki Az\u0259rbaycan icmalar\u0131 il\u0259 \u0259laq\u0259l\u0259rin daha da intensivl\u0259\u015fdiyi, komit\u0259nin x\u0259tti il\u0259 xarici \u00f6lk\u0259l\u0259rd\u0259 m\u00fcxt\u0259lif sah\u0259l\u0259r \u00fczr\u0259 ixtisasla\u015fm\u0131\u015f forum v\u0259 g\u00f6r\u00fc\u015fl\u0259rin, o c\u00fcml\u0259d\u0259n az\u0259rbaycanl\u0131 aliml\u0259rin forumlar\u0131n\u0131n t\u0259\u015fkil olundu\u011fu diqq\u0259t\u0259 \u00e7atd\u0131r\u0131l\u0131b. Komit\u0259nin ger\u00e7\u0259kl\u0259\u015fdirdiyi&hellip;<\/p>\n","protected":false},"author":2,"featured_media":641748,"comment_status":"closed","ping_status":"closed","sticky":false,"template":"","format":"standard","meta":{"om_disable_all_campaigns":false,"_monsterinsights_skip_tracking":false,"_monsterinsights_sitenote_active":false,"_monsterinsights_sitenote_note":"","_monsterinsights_sitenote_category":0},"categories":[4],"tags":[],"aioseo_notices":[],"gutentor_comment":0,"rttpg_featured_image_url":{"full":["https:\/\/arantv.az\/wp-content\/uploads\/2023\/10\/384553589_807300857838108_2007073991235669425_n.jpg",620,413,false],"landscape":["https:\/\/arantv.az\/wp-content\/uploads\/2023\/10\/384553589_807300857838108_2007073991235669425_n.jpg",620,413,false],"portraits":["https:\/\/arantv.az\/wp-content\/uploads\/2023\/10\/384553589_807300857838108_2007073991235669425_n.jpg",620,413,false],"thumbnail":["https:\/\/arantv.az\/wp-content\/uploads\/2023\/10\/384553589_807300857838108_2007073991235669425_n-500x280.jpg",500,280,true],"medium":["https:\/\/arantv.az\/wp-content\/uploads\/2023\/10\/384553589_807300857838108_2007073991235669425_n-548x365.jpg",548,365,true],"large":["https:\/\/arantv.az\/wp-content\/uploads\/2023\/10\/384553589_807300857838108_2007073991235669425_n.jpg",620,413,false],"1536x1536":["https:\/\/arantv.az\/wp-content\/uploads\/2023\/10\/384553589_807300857838108_2007073991235669425_n.jpg",620,413,false],"2048x2048":["https:\/\/arantv.az\/wp-content\/uploads\/2023\/10\/384553589_807300857838108_2007073991235669425_n.jpg",620,413,false],"post-thumbnail":["https:\/\/arantv.az\/wp-content\/uploads\/2023\/10\/384553589_807300857838108_2007073991235669425_n-240x172.jpg",240,172,true],"advps-thumb-one":["https:\/\/arantv.az\/wp-content\/uploads\/2023\/10\/384553589_807300857838108_2007073991235669425_n.jpg",620,413,false]},"rttpg_author":{"display_name":"V\u00fcsal Rafiqo\u011flu","author_link":"https:\/\/arantv.az\/?author=2"},"rttpg_comment":0,"rttpg_category":"<a href=\"https:\/\/arantv.az\/?cat=4\" rel=\"category\">Siyas\u0259t<\/a>","rttpg_excerpt":"Diasporla \u0130\u015f \u00fczr\u0259 D\u00f6vl\u0259t Komit\u0259sinin s\u0259dri Fuad Muradov Bak\u0131 \u015f\u0259h\u0259rind\u0259 ke\u00e7iril\u0259n 74-c\u00fc Beyn\u0259lxalq Astronavtika Konqresind\u0259 Az\u0259rbaycan diasporunu t\u0259msil ed\u0259n tan\u0131nm\u0131\u015f alim v\u0259 m\u00fct\u0259x\u0259ssisl\u0259rl\u0259 g\u00f6r\u00fc\u015f\u00fcb. Bu bar\u0259d\u0259 Diasporla \u0130\u015f \u00fczr\u0259 D\u00f6vl\u0259t Komit\u0259si m\u0259lumat yay\u0131b. Bildirilib ki, Az\u0259rbaycan\u0131 xarici \u00f6lk\u0259l\u0259rd\u0259, diasporumuzu is\u0259 konqresd\u0259 u\u011furla t\u0259msil ed\u0259n aliml\u0259r\u0259 minn\u0259tdarl\u0131q bildirilib, i\u015ftirak etdikl\u0259ri m\u00f6ht\u0259\u015f\u0259m t\u0259dbirin \u0259h\u0259miyy\u0259ti bar\u0259d\u0259 fikir m\u00fcbadil\u0259si&hellip;","_links":{"self":[{"href":"https:\/\/arantv.az\/index.php?rest_route=\/wp\/v2\/posts\/641744"}],"collection":[{"href":"https:\/\/arantv.az\/index.php?rest_route=\/wp\/v2\/posts"}],"about":[{"href":"https:\/\/arantv.az\/index.php?rest_route=\/wp\/v2\/types\/post"}],"author":[{"embeddable":true,"href":"https:\/\/arantv.az\/index.php?rest_route=\/wp\/v2\/users\/2"}],"replies":[{"embeddable":true,"href":"https:\/\/arantv.az\/index.php?rest_route=%2Fwp%2Fv2%2Fcomments&post=641744"}],"version-history":[{"count":0,"href":"https:\/\/arantv.az\/index.php?rest_route=\/wp\/v2\/posts\/641744\/revisions"}],"wp:featuredmedia":[{"embeddable":true,"href":"https:\/\/arantv.az\/index.php?rest_route=\/wp\/v2\/media\/641748"}],"wp:attachment":[{"href":"https:\/\/arantv.az\/index.php?rest_route=%2Fwp%2Fv2%2Fmedia&parent=641744"}],"wp:term":[{"taxonomy":"category","embeddable":true,"href":"https:\/\/arantv.az\/index.php?rest_route=%2Fwp%2Fv2%2Fcategories&post=641744"},{"taxonomy":"post_tag","embeddable":true,"href":"https:\/\/arantv.az\/index.php?rest_route=%2Fwp%2Fv2%2Ftags&post=641744"}],"curies":[{"name":"wp","href":"https:\/\/api.w.org\/{rel}","templated":true}]}}