{"id":641786,"date":"2023-10-05T14:33:56","date_gmt":"2023-10-05T10:33:56","guid":{"rendered":"https:\/\/arantv.az\/?p=641786"},"modified":"2023-10-05T14:33:56","modified_gmt":"2023-10-05T10:33:56","slug":"%c9%99fsan%c9%99vi-kosmonavt-butun-insanlarin-kosmosa-ged%c9%99-bil%c9%99c%c9%99yi-gunu-s%c9%99birsizlikl%c9%99-gozl%c9%99yir%c9%99m","status":"publish","type":"post","link":"https:\/\/arantv.az\/?p=641786","title":{"rendered":"\u018ffsan\u0259vi kosmonavt: \u201cB\u00fct\u00fcn insanlar\u0131n kosmosa ged\u0259 bil\u0259c\u0259yi g\u00fcn\u00fc s\u0259birsizlikl\u0259 g\u00f6zl\u0259yir\u0259m\u201d"},"content":{"rendered":"<p>\u201cG\u0259l\u0259c\u0259kd\u0259 b\u00fct\u00fcn insanlar kosmosa ged\u0259 bil\u0259c\u0259kl\u0259r. M\u0259n o g\u00fcn\u00fc s\u0259birsizlikl\u0259 g\u00f6zl\u0259yir\u0259m\u201d.<\/p>\n<p>Bunu \u201cReport\u201da a\u00e7\u0131qlamas\u0131nda Bak\u0131da ke\u00e7iril\u0259n 74-c\u00fc Beyn\u0259lxalq Astronavtika Konqresinin i\u015ftirak\u00e7\u0131s\u0131, AB\u015e-n\u0131n m\u00fclki kosmik proqramlar\u0131n\u0131 h\u0259yata ke\u00e7irm\u0259k \u00fc\u00e7\u00fcn yarad\u0131lm\u0131\u015f icraedici d\u00f6vl\u0259t agentliyi &#8211; NASA-n\u0131n \u201cApollo 9\u201d missiyas\u0131ndan yegan\u0259 sa\u011f qalm\u0131\u015f 87 ya\u015fl\u0131 \u0259fsan\u0259vi kosmonavt Rassel \u015evaykart deyib.<\/p>\n<p>\u201cBu, ona g\u00f6r\u0259 ba\u015f ver\u0259c\u0259k ki, pe\u015f\u0259kar kosmos t\u0259\u015fkilatlar\u0131, agentlikl\u0259r, assosiasiyalar var. Kosmosda \u00f6z\u00fcm\u00fc b\u00fct\u00fcn d\u00fcnyan\u0131n v\u0259t\u0259nda\u015f\u0131 kimi hiss edirdim. M\u0259n Yer \u00fcz\u0259rind\u0259ki h\u0259r k\u0259si t\u0259msil edirdim v\u0259 bu, \u00e7ox g\u00fccl\u00fc bir reall\u0131qd\u0131r. Bak\u0131da bu t\u0259dbirin ke\u00e7irilm\u0259si kosmosla maraqlananlar \u00fc\u00e7\u00fcn \u00e7ox m\u00f6ht\u0259\u015f\u0259m \u015fansd\u0131r. G\u0259ncl\u0259rin bu sah\u0259y\u0259 mara\u011f\u0131 daha da artacaq\u201d,- dey\u0259 o qeyd edib.<\/p>\n","protected":false},"excerpt":{"rendered":"<p>\u201cG\u0259l\u0259c\u0259kd\u0259 b\u00fct\u00fcn insanlar kosmosa ged\u0259 bil\u0259c\u0259kl\u0259r. M\u0259n o g\u00fcn\u00fc s\u0259birsizlikl\u0259 g\u00f6zl\u0259yir\u0259m\u201d. Bunu \u201cReport\u201da a\u00e7\u0131qlamas\u0131nda Bak\u0131da ke\u00e7iril\u0259n 74-c\u00fc Beyn\u0259lxalq Astronavtika Konqresinin i\u015ftirak\u00e7\u0131s\u0131, AB\u015e-n\u0131n m\u00fclki kosmik proqramlar\u0131n\u0131 h\u0259yata ke\u00e7irm\u0259k \u00fc\u00e7\u00fcn yarad\u0131lm\u0131\u015f icraedici d\u00f6vl\u0259t agentliyi &#8211; NASA-n\u0131n \u201cApollo 9\u201d missiyas\u0131ndan yegan\u0259 sa\u011f qalm\u0131\u015f 87 ya\u015fl\u0131 \u0259fsan\u0259vi kosmonavt Rassel \u015evaykart deyib. \u201cBu, ona g\u00f6r\u0259 ba\u015f ver\u0259c\u0259k ki, pe\u015f\u0259kar kosmos t\u0259\u015fkilatlar\u0131, agentlikl\u0259r, assosiasiyalar var. Kosmosda \u00f6z\u00fcm\u00fc b\u00fct\u00fcn d\u00fcnyan\u0131n v\u0259t\u0259nda\u015f\u0131 kimi hiss edirdim. M\u0259n Yer \u00fcz\u0259rind\u0259ki h\u0259r k\u0259si t\u0259msil edirdim v\u0259 bu, \u00e7ox g\u00fccl\u00fc bir reall\u0131qd\u0131r. Bak\u0131da bu t\u0259dbirin ke\u00e7irilm\u0259si kosmosla maraqlananlar \u00fc\u00e7\u00fcn \u00e7ox m\u00f6ht\u0259\u015f\u0259m \u015fansd\u0131r.&hellip;<\/p>\n","protected":false},"author":2,"featured_media":641788,"comment_status":"closed","ping_status":"closed","sticky":false,"template":"","format":"standard","meta":{"om_disable_all_campaigns":false,"_monsterinsights_skip_tracking":false,"_monsterinsights_sitenote_active":false,"_monsterinsights_sitenote_note":"","_monsterinsights_sitenote_category":0},"categories":[1],"tags":[],"aioseo_notices":[],"gutentor_comment":0,"rttpg_featured_image_url":{"full":["https:\/\/arantv.az\/wp-content\/uploads\/2023\/10\/0f087438-ec71-3b39-8680-816d8b2148a1_850.jpg",620,413,false],"landscape":["https:\/\/arantv.az\/wp-content\/uploads\/2023\/10\/0f087438-ec71-3b39-8680-816d8b2148a1_850.jpg",620,413,false],"portraits":["https:\/\/arantv.az\/wp-content\/uploads\/2023\/10\/0f087438-ec71-3b39-8680-816d8b2148a1_850.jpg",620,413,false],"thumbnail":["https:\/\/arantv.az\/wp-content\/uploads\/2023\/10\/0f087438-ec71-3b39-8680-816d8b2148a1_850-500x280.jpg",500,280,true],"medium":["https:\/\/arantv.az\/wp-content\/uploads\/2023\/10\/0f087438-ec71-3b39-8680-816d8b2148a1_850-548x365.jpg",548,365,true],"large":["https:\/\/arantv.az\/wp-content\/uploads\/2023\/10\/0f087438-ec71-3b39-8680-816d8b2148a1_850.jpg",620,413,false],"1536x1536":["https:\/\/arantv.az\/wp-content\/uploads\/2023\/10\/0f087438-ec71-3b39-8680-816d8b2148a1_850.jpg",620,413,false],"2048x2048":["https:\/\/arantv.az\/wp-content\/uploads\/2023\/10\/0f087438-ec71-3b39-8680-816d8b2148a1_850.jpg",620,413,false],"post-thumbnail":["https:\/\/arantv.az\/wp-content\/uploads\/2023\/10\/0f087438-ec71-3b39-8680-816d8b2148a1_850-240x172.jpg",240,172,true],"advps-thumb-one":["https:\/\/arantv.az\/wp-content\/uploads\/2023\/10\/0f087438-ec71-3b39-8680-816d8b2148a1_850.jpg",620,413,false]},"rttpg_author":{"display_name":"V\u00fcsal Rafiqo\u011flu","author_link":"https:\/\/arantv.az\/?author=2"},"rttpg_comment":0,"rttpg_category":"<a href=\"https:\/\/arantv.az\/?cat=1\" rel=\"category\">C\u0259miyy\u0259t<\/a>","rttpg_excerpt":"\u201cG\u0259l\u0259c\u0259kd\u0259 b\u00fct\u00fcn insanlar kosmosa ged\u0259 bil\u0259c\u0259kl\u0259r. M\u0259n o g\u00fcn\u00fc s\u0259birsizlikl\u0259 g\u00f6zl\u0259yir\u0259m\u201d. Bunu \u201cReport\u201da a\u00e7\u0131qlamas\u0131nda Bak\u0131da ke\u00e7iril\u0259n 74-c\u00fc Beyn\u0259lxalq Astronavtika Konqresinin i\u015ftirak\u00e7\u0131s\u0131, AB\u015e-n\u0131n m\u00fclki kosmik proqramlar\u0131n\u0131 h\u0259yata ke\u00e7irm\u0259k \u00fc\u00e7\u00fcn yarad\u0131lm\u0131\u015f icraedici d\u00f6vl\u0259t agentliyi &#8211; NASA-n\u0131n \u201cApollo 9\u201d missiyas\u0131ndan yegan\u0259 sa\u011f qalm\u0131\u015f 87 ya\u015fl\u0131 \u0259fsan\u0259vi kosmonavt Rassel \u015evaykart deyib. \u201cBu, ona g\u00f6r\u0259 ba\u015f ver\u0259c\u0259k ki, pe\u015f\u0259kar kosmos&hellip;","_links":{"self":[{"href":"https:\/\/arantv.az\/index.php?rest_route=\/wp\/v2\/posts\/641786"}],"collection":[{"href":"https:\/\/arantv.az\/index.php?rest_route=\/wp\/v2\/posts"}],"about":[{"href":"https:\/\/arantv.az\/index.php?rest_route=\/wp\/v2\/types\/post"}],"author":[{"embeddable":true,"href":"https:\/\/arantv.az\/index.php?rest_route=\/wp\/v2\/users\/2"}],"replies":[{"embeddable":true,"href":"https:\/\/arantv.az\/index.php?rest_route=%2Fwp%2Fv2%2Fcomments&post=641786"}],"version-history":[{"count":0,"href":"https:\/\/arantv.az\/index.php?rest_route=\/wp\/v2\/posts\/641786\/revisions"}],"wp:featuredmedia":[{"embeddable":true,"href":"https:\/\/arantv.az\/index.php?rest_route=\/wp\/v2\/media\/641788"}],"wp:attachment":[{"href":"https:\/\/arantv.az\/index.php?rest_route=%2Fwp%2Fv2%2Fmedia&parent=641786"}],"wp:term":[{"taxonomy":"category","embeddable":true,"href":"https:\/\/arantv.az\/index.php?rest_route=%2Fwp%2Fv2%2Fcategories&post=641786"},{"taxonomy":"post_tag","embeddable":true,"href":"https:\/\/arantv.az\/index.php?rest_route=%2Fwp%2Fv2%2Ftags&post=641786"}],"curies":[{"name":"wp","href":"https:\/\/api.w.org\/{rel}","templated":true}]}}