{"id":641790,"date":"2023-10-05T21:38:37","date_gmt":"2023-10-05T17:38:37","guid":{"rendered":"https:\/\/arantv.az\/?p=641790"},"modified":"2023-10-05T21:38:37","modified_gmt":"2023-10-05T17:38:37","slug":"makron-az%c9%99rbaycana-qarsi-sanksiyalar-%c9%99h%c9%99miyy%c9%99tsiz-olacaq","status":"publish","type":"post","link":"https:\/\/arantv.az\/?p=641790","title":{"rendered":"Makron: \u201cAz\u0259rbaycana qar\u015f\u0131 sanksiyalar \u0259h\u0259miyy\u0259tsiz olacaq\u201d"},"content":{"rendered":"<p>Fransa prezidenti Emmanuel Makron hesab edir ki, Qaraba\u011fdak\u0131 v\u0259ziyy\u0259t\u0259 g\u00f6r\u0259 Az\u0259rbaycana qar\u015f\u0131 sanksiyalar\u0131n t\u0259tbiqi \u0259ks-effekt ver\u0259c\u0259k.<\/p>\n<p>O, bunu Avropa Siyasi \u0130cmas\u0131n\u0131n Qranada (\u0130spaniya) sammitind\u0259n sonra ke\u00e7iril\u0259n m\u0259tbuat konfrans\u0131nda deyib:<\/p>\n<p>\u201c\u0130ndi sanksiyalar\u0131n vaxt\u0131 deyil. Onlar \u0259h\u0259miyy\u0259tsiz\u00a0olacaq\u201d, &#8211; dey\u0259 d\u00f6vl\u0259t ba\u015f\u00e7\u0131s\u0131 bildirib.<\/p>\n<p>M\u0259nb\u0259: TASS<\/p>\n","protected":false},"excerpt":{"rendered":"<p>Fransa prezidenti Emmanuel Makron hesab edir ki, Qaraba\u011fdak\u0131 v\u0259ziyy\u0259t\u0259 g\u00f6r\u0259 Az\u0259rbaycana qar\u015f\u0131 sanksiyalar\u0131n t\u0259tbiqi \u0259ks-effekt ver\u0259c\u0259k. O, bunu Avropa Siyasi \u0130cmas\u0131n\u0131n Qranada (\u0130spaniya) sammitind\u0259n sonra ke\u00e7iril\u0259n m\u0259tbuat konfrans\u0131nda deyib: \u201c\u0130ndi sanksiyalar\u0131n vaxt\u0131 deyil. Onlar \u0259h\u0259miyy\u0259tsiz\u00a0olacaq\u201d, &#8211; dey\u0259 d\u00f6vl\u0259t ba\u015f\u00e7\u0131s\u0131 bildirib. M\u0259nb\u0259: TASS<\/p>\n","protected":false},"author":2,"featured_media":641792,"comment_status":"closed","ping_status":"closed","sticky":false,"template":"","format":"standard","meta":{"om_disable_all_campaigns":false,"_monsterinsights_skip_tracking":false,"_monsterinsights_sitenote_active":false,"_monsterinsights_sitenote_note":"","_monsterinsights_sitenote_category":0},"categories":[4],"tags":[],"aioseo_notices":[],"gutentor_comment":0,"rttpg_featured_image_url":{"full":["https:\/\/arantv.az\/wp-content\/uploads\/2023\/10\/384557582_702645821740280_8020034201828582627_n.jpg",620,413,false],"landscape":["https:\/\/arantv.az\/wp-content\/uploads\/2023\/10\/384557582_702645821740280_8020034201828582627_n.jpg",620,413,false],"portraits":["https:\/\/arantv.az\/wp-content\/uploads\/2023\/10\/384557582_702645821740280_8020034201828582627_n.jpg",620,413,false],"thumbnail":["https:\/\/arantv.az\/wp-content\/uploads\/2023\/10\/384557582_702645821740280_8020034201828582627_n-500x280.jpg",500,280,true],"medium":["https:\/\/arantv.az\/wp-content\/uploads\/2023\/10\/384557582_702645821740280_8020034201828582627_n-548x365.jpg",548,365,true],"large":["https:\/\/arantv.az\/wp-content\/uploads\/2023\/10\/384557582_702645821740280_8020034201828582627_n.jpg",620,413,false],"1536x1536":["https:\/\/arantv.az\/wp-content\/uploads\/2023\/10\/384557582_702645821740280_8020034201828582627_n.jpg",620,413,false],"2048x2048":["https:\/\/arantv.az\/wp-content\/uploads\/2023\/10\/384557582_702645821740280_8020034201828582627_n.jpg",620,413,false],"post-thumbnail":["https:\/\/arantv.az\/wp-content\/uploads\/2023\/10\/384557582_702645821740280_8020034201828582627_n-240x172.jpg",240,172,true],"advps-thumb-one":["https:\/\/arantv.az\/wp-content\/uploads\/2023\/10\/384557582_702645821740280_8020034201828582627_n.jpg",620,413,false]},"rttpg_author":{"display_name":"V\u00fcsal Rafiqo\u011flu","author_link":"https:\/\/arantv.az\/?author=2"},"rttpg_comment":0,"rttpg_category":"<a href=\"https:\/\/arantv.az\/?cat=4\" rel=\"category\">Siyas\u0259t<\/a>","rttpg_excerpt":"Fransa prezidenti Emmanuel Makron hesab edir ki, Qaraba\u011fdak\u0131 v\u0259ziyy\u0259t\u0259 g\u00f6r\u0259 Az\u0259rbaycana qar\u015f\u0131 sanksiyalar\u0131n t\u0259tbiqi \u0259ks-effekt ver\u0259c\u0259k. O, bunu Avropa Siyasi \u0130cmas\u0131n\u0131n Qranada (\u0130spaniya) sammitind\u0259n sonra ke\u00e7iril\u0259n m\u0259tbuat konfrans\u0131nda deyib: \u201c\u0130ndi sanksiyalar\u0131n vaxt\u0131 deyil. Onlar \u0259h\u0259miyy\u0259tsiz\u00a0olacaq\u201d, &#8211; dey\u0259 d\u00f6vl\u0259t ba\u015f\u00e7\u0131s\u0131 bildirib. M\u0259nb\u0259: TASS","_links":{"self":[{"href":"https:\/\/arantv.az\/index.php?rest_route=\/wp\/v2\/posts\/641790"}],"collection":[{"href":"https:\/\/arantv.az\/index.php?rest_route=\/wp\/v2\/posts"}],"about":[{"href":"https:\/\/arantv.az\/index.php?rest_route=\/wp\/v2\/types\/post"}],"author":[{"embeddable":true,"href":"https:\/\/arantv.az\/index.php?rest_route=\/wp\/v2\/users\/2"}],"replies":[{"embeddable":true,"href":"https:\/\/arantv.az\/index.php?rest_route=%2Fwp%2Fv2%2Fcomments&post=641790"}],"version-history":[{"count":0,"href":"https:\/\/arantv.az\/index.php?rest_route=\/wp\/v2\/posts\/641790\/revisions"}],"wp:featuredmedia":[{"embeddable":true,"href":"https:\/\/arantv.az\/index.php?rest_route=\/wp\/v2\/media\/641792"}],"wp:attachment":[{"href":"https:\/\/arantv.az\/index.php?rest_route=%2Fwp%2Fv2%2Fmedia&parent=641790"}],"wp:term":[{"taxonomy":"category","embeddable":true,"href":"https:\/\/arantv.az\/index.php?rest_route=%2Fwp%2Fv2%2Fcategories&post=641790"},{"taxonomy":"post_tag","embeddable":true,"href":"https:\/\/arantv.az\/index.php?rest_route=%2Fwp%2Fv2%2Ftags&post=641790"}],"curies":[{"name":"wp","href":"https:\/\/api.w.org\/{rel}","templated":true}]}}