{"id":641794,"date":"2023-10-05T21:41:41","date_gmt":"2023-10-05T17:41:41","guid":{"rendered":"https:\/\/arantv.az\/?p=641794"},"modified":"2023-10-05T21:41:41","modified_gmt":"2023-10-05T17:41:41","slug":"avropa-parlamentinin-az%c9%99rbaycana-qarsi-q%c9%99bul-etdiyi-q%c9%99tnam%c9%99-novb%c9%99ti-q%c9%99r%c9%99zdir-r%c9%99y-foto","status":"publish","type":"post","link":"https:\/\/arantv.az\/?p=641794","title":{"rendered":"\u201cAvropa Parlamentinin Az\u0259rbaycana qar\u015f\u0131 q\u0259bul etdiyi q\u0259tnam\u0259 n\u00f6vb\u0259ti q\u0259r\u0259zdir\u201d &#8211; R\u018fY + FOTO"},"content":{"rendered":"<p>\u201cAvropa Parlamentinin Az\u0259rbaycana qar\u015f\u0131 q\u0259bul etdiyi q\u0259tnam\u0259 erm\u0259ni lobbisi il\u0259 s\u0131x \u0259laq\u0259d\u0259 olan korrupsiyala\u015fm\u0131\u015f qurumun n\u00fcmayi\u015f etdirdiyi n\u00f6vb\u0259ti q\u0259r\u0259zdir\u201d.<\/p>\n<p>Bunu\u00a0\u201cReport\u201da a\u00e7\u0131qlamas\u0131nda Milli M\u0259clisin deputat\u0131 Elnur Allahverdiyev deyib.<\/p>\n<p>Onun s\u00f6zl\u0259rin\u0259 g\u00f6r\u0259, q\u0259tnam\u0259nin m\u0259tni il\u0259 s\u0259thi tan\u0131\u015fl\u0131q a\u015fkar erm\u0259nip\u0259r\u0259stliyi v\u0259 Az\u0259rbaycana qar\u015f\u0131 kin-k\u00fcdur\u0259ti \u00fcz\u0259 \u00e7\u0131xar\u0131r:<\/p>\n<p>\u201cBu azm\u0131\u015f kimi, yol veril\u0259n h\u00fcquqi v\u0259 siyasi s\u0259hvl\u0259r q\u0259tnam\u0259nin t\u0259rtib edilm\u0259si v\u0259 q\u0259bulu zaman\u0131 avroparlamentaril\u0259rin beyn\u0259lxalq h\u00fcquq, \u0259dal\u0259t, obyektivlik kimi anlay\u0131\u015flardan n\u0259l\u0259rins\u0259 m\u00fcqabilind\u0259 uzaq olduqlar\u0131n\u0131 g\u00f6st\u0259rir.<\/p>\n<p>Avropa Parlamentinin bu t\u0259la\u015f\u0131n\u0131n s\u0259b\u0259bl\u0259ri b\u0259llidir. 30 il idi \u0259razil\u0259rimizd\u0259 h\u0259r n\u00f6v qanunsuz \u0259m\u0259ll\u0259r t\u00f6r\u0259tmi\u015f terror\u00e7i-separat\u00e7\u0131 \u015f\u0259b\u0259k\u0259ni b\u0259sl\u0259m\u0259kl\u0259 b\u00f6lg\u0259y\u0259 n\u0259zar\u0259t etm\u0259y\u0259, g\u00f6zl\u0259ri g\u00f6t\u00fcrm\u0259diyi m\u00fcst\u0259qilliyimizi m\u0259hdudla\u015fd\u0131rma\u011fa \u00e7al\u0131\u015f\u0131rd\u0131lar. \u0130ndi bu \u201cr\u0131\u00e7aq\u201d \u0259ll\u0259rind\u0259n \u00e7\u0131x\u0131b. \u018fm\u0259kda\u015fl\u0131q etdikl\u0259ri terror\u00e7ular h\u0259bs edilib Bak\u0131ya g\u0259tirilibl\u0259r. Burada m\u00fchakim\u0259 olunacaqlar, prosesin gedi\u015fat\u0131nda o c\u00fcml\u0259d\u0259n Avropaya aid arzuolunmayan sirl\u0259rin \u00fcst\u00fcn\u00fc a\u00e7acaqlar. Narahat olanlar\u0131n h\u0259r biri bu d\u0259qiq\u0259 q\u0259bul etdikl\u0259ri q\u0259tanam\u0259d\u0259n daha \u00e7ox Ruben Vardanyan\u0131n onlarla \u0259laq\u0259l\u0259ri bar\u0259d\u0259 n\u0259l\u0259ri s\u00f6yl\u0259y\u0259c\u0259kl\u0259rind\u0259n qorxurlar. Hans\u0131 korrupsion maxinasiyalar\u0131n \u00fcz\u0259 \u00e7\u0131xaca\u011f\u0131n\u0131, hans\u0131 avrodeputat\u0131n erm\u0259ni lobbisinin pullar\u0131 il\u0259 \u0259l\u0259 al\u0131nd\u0131\u011f\u0131n\u0131n \u00fcst\u00fcn\u00fcn a\u00e7\u0131laca\u011f\u0131n\u0131 g\u00f6zl\u0259yirl\u0259r. Reall\u0131q budur. Yoxsa bel\u0259 savads\u0131z q\u0259tnam\u0259ni tez-t\u0259l\u0259sik t\u0259rtib v\u0259 q\u0259bul etm\u0259zdil\u0259r\u201d.<\/p>\n<p>Deputat bildirib ki, q\u0259tnam\u0259ni haz\u0131rlayanlar\u0131n beyn\u0259lxalq h\u00fcquq v\u0259 siyasi prosesl\u0259rd\u0259n x\u0259b\u0259ri olmamas\u0131 ilk bax\u0131\u015fda bilinir:<\/p>\n<p><img src=\"https:\/\/cdn.oxu.az\/uploads\/W1siZiIsIjIwMjMvMTAvMDUvMTgvNDkvNTkvMjdlODY3M2UtNTMwYS00NmM5LTg0YTktZTc0MDdmOGJmOTZlL2VsbnVyLmpwZyJdLFsicCIsImVuY29kZSIsImpwZyIsIi1xdWFsaXR5IDgwIl0sWyJwIiwidGh1bWIiLCI1OTB4NTkwXHUwMDNlIl1d?sha=55ca43cf5badd92f\" alt=\"\" \/><\/p>\n<p>\u201cM\u0259s\u0259l\u0259n, yaz\u0131rlar ki, Qaraba\u011f erm\u0259nil\u0259rin\u0259 qar\u015f\u0131 h\u0259rbi h\u00fccumu pisl\u0259yirl\u0259r. Ancaq bir d\u0259n\u0259 olsun bel\u0259 fakt qeyd ed\u0259 bilm\u0259zl\u0259r ki, hans\u0131sa s\u0131ravi erm\u0259niy\u0259 qar\u015f\u0131 zorak\u0131l\u0131q olub. Antiterror \u0259m\u0259liyyat\u0131n\u0131 \u201cbeyn\u0259lxalq h\u00fcquqa zidd\u201d say\u0131rlar. Q\u0259tnam\u0259y\u0259 s\u0259s ver\u0259nl\u0259rd\u0259n hans\u0131 raz\u0131 olar ki, t\u0259msil etdikl\u0259ri d\u00f6vl\u0259tin \u0259razisind\u0259 30 il \u0259rzind\u0259 qanundan k\u0259nar terror\u00e7u rejim f\u0259aliyy\u0259t g\u00f6st\u0259rsin?<\/p>\n<p>Haz\u0131rki v\u0259ziyy\u0259ti \u201cetnik t\u0259mizl\u0259m\u0259\u201d kimi qiym\u0259tl\u0259ndirirl\u0259r, h\u0259tta Az\u0259rbaycan h\u0259rb\u00e7il\u0259rinin m\u00fclki \u0259haliy\u0259 qar\u015f\u0131 \u201czorak\u0131l\u0131\u011f\u0131\u201dndan \u015fikay\u0259tl\u0259nirl\u0259r. B\u0259s fakt v\u0259 s\u00fcbut? T\u0259bii ki, yoxdur v\u0259 olmayacaq da. Hans\u0131 etnik t\u0259mizl\u0259m\u0259d\u0259n s\u00f6hb\u0259t ged\u0259 bil\u0259r ki, Az\u0259rbaycan d\u00f6vl\u0259t ba\u015f\u00e7\u0131s\u0131 s\u0259viyy\u0259sind\u0259 erm\u0259ni azl\u0131\u011f\u0131na t\u0259hl\u00fck\u0259sizlik t\u0259minat\u0131 verilib? Qaraba\u011f\u0131 t\u0259rk ed\u0259n bir n\u0259f\u0259r erm\u0259ni bel\u0259 ona qar\u015f\u0131 zorak\u0131l\u0131q edildiyini bildirm\u0259yib v\u0259 Erm\u0259nistana k\u00f6n\u00fcll\u00fc getdiyini deyib. \u201cEtnik t\u0259mizl\u0259m\u0259\u201d bar\u0259d\u0259 nec\u0259 dan\u0131\u015fmaq olar ki, son 3 ild\u0259 Az\u0259rbaycan Prezidenti d\u0259f\u0259l\u0259rl\u0259 erm\u0259nil\u0259ri v\u0259t\u0259nda\u015fl\u0131q q\u0259bul etm\u0259y\u0259 \u00e7a\u011f\u0131r\u0131b?\u201d<\/p>\n<p>E.Allahverdiyev vur\u011fulay\u0131b ki, q\u0259tnam\u0259 m\u00fc\u0259llifl\u0259ri v\u0259 onu q\u0259bul ed\u0259nl\u0259r BMT-nin i\u015f\u011faldan azad edilmi\u015f \u0259razil\u0259r\u0259 etdiyi s\u0259f\u0259rin n\u0259tic\u0259l\u0259rind\u0259n naraz\u0131l\u0131qlar\u0131n\u0131 bildirirl\u0259r:<\/p>\n<p>\u201cBMT missiyas\u0131n\u0131 qeyri-obyektivlikd\u0259 su\u00e7lamaq n\u0259 dem\u0259kdir? Ayd\u0131nd\u0131r ki, BMT onlar\u0131n arzulad\u0131qlar\u0131 n\u0259tic\u0259l\u0259ri \u0259ld\u0259 ed\u0259 bilm\u0259yib v\u0259 g\u00f6zl\u0259ntil\u0259ri do\u011frultmay\u0131b. BMT-nin aksiyas\u0131n\u0131 etibars\u0131z imicd\u0259 t\u0259qdim etm\u0259k c\u0259hdi q\u0259tnam\u0259nin hans\u0131 m\u0259qs\u0259d v\u0259 m\u0259rama xidm\u0259t etdiyinin g\u00f6st\u0259ricisidir. Prinsipc\u0259, biz Avropa Parlamentinin bu q\u0259bild\u0259n olan q\u0259tnam\u0259l\u0259rin\u0259 ad\u0259t etmi\u015fik. Orada t\u0259msil olunan deputatlar\u0131n hans\u0131 stimulla\u015fd\u0131r\u0131c\u0131lar\u0131n, h\u0259v\u0259sl\u0259ndirici amill\u0259rin t\u0259siri il\u0259 bel\u0259 qeyri-professional, h\u0259v\u0259skar s\u0259n\u0259dl\u0259r haz\u0131rlad\u0131qlar\u0131n\u0131 bilirik. Bu, bizi n\u0259 yolumuzdan, n\u0259 d\u0259 do\u011fma torpaqlar\u0131m\u0131zdan \u00e7\u0259kindir\u0259 bilm\u0259z\u201d.<\/p>\n","protected":false},"excerpt":{"rendered":"<p>\u201cAvropa Parlamentinin Az\u0259rbaycana qar\u015f\u0131 q\u0259bul etdiyi q\u0259tnam\u0259 erm\u0259ni lobbisi il\u0259 s\u0131x \u0259laq\u0259d\u0259 olan korrupsiyala\u015fm\u0131\u015f qurumun n\u00fcmayi\u015f etdirdiyi n\u00f6vb\u0259ti q\u0259r\u0259zdir\u201d. Bunu\u00a0\u201cReport\u201da a\u00e7\u0131qlamas\u0131nda Milli M\u0259clisin deputat\u0131 Elnur Allahverdiyev deyib. Onun s\u00f6zl\u0259rin\u0259 g\u00f6r\u0259, q\u0259tnam\u0259nin m\u0259tni il\u0259 s\u0259thi tan\u0131\u015fl\u0131q a\u015fkar erm\u0259nip\u0259r\u0259stliyi v\u0259 Az\u0259rbaycana qar\u015f\u0131 kin-k\u00fcdur\u0259ti \u00fcz\u0259 \u00e7\u0131xar\u0131r: \u201cBu azm\u0131\u015f kimi, yol veril\u0259n h\u00fcquqi v\u0259 siyasi s\u0259hvl\u0259r q\u0259tnam\u0259nin t\u0259rtib edilm\u0259si v\u0259 q\u0259bulu zaman\u0131 avroparlamentaril\u0259rin beyn\u0259lxalq h\u00fcquq, \u0259dal\u0259t, obyektivlik kimi anlay\u0131\u015flardan n\u0259l\u0259rins\u0259 m\u00fcqabilind\u0259 uzaq olduqlar\u0131n\u0131 g\u00f6st\u0259rir. Avropa Parlamentinin bu t\u0259la\u015f\u0131n\u0131n s\u0259b\u0259bl\u0259ri b\u0259llidir. 30 il idi \u0259razil\u0259rimizd\u0259 h\u0259r n\u00f6v qanunsuz \u0259m\u0259ll\u0259r t\u00f6r\u0259tmi\u015f terror\u00e7i-separat\u00e7\u0131 \u015f\u0259b\u0259k\u0259ni b\u0259sl\u0259m\u0259kl\u0259 b\u00f6lg\u0259y\u0259 n\u0259zar\u0259t&hellip;<\/p>\n","protected":false},"author":2,"featured_media":641795,"comment_status":"closed","ping_status":"closed","sticky":false,"template":"","format":"standard","meta":{"om_disable_all_campaigns":false,"_monsterinsights_skip_tracking":false,"_monsterinsights_sitenote_active":false,"_monsterinsights_sitenote_note":"","_monsterinsights_sitenote_category":0},"categories":[4],"tags":[],"aioseo_notices":[],"gutentor_comment":0,"rttpg_featured_image_url":{"full":["https:\/\/arantv.az\/wp-content\/uploads\/2023\/10\/8e175e60-d78a-3c02-98df-6dfd0608d2b0_850.jpg",620,413,false],"landscape":["https:\/\/arantv.az\/wp-content\/uploads\/2023\/10\/8e175e60-d78a-3c02-98df-6dfd0608d2b0_850.jpg",620,413,false],"portraits":["https:\/\/arantv.az\/wp-content\/uploads\/2023\/10\/8e175e60-d78a-3c02-98df-6dfd0608d2b0_850.jpg",620,413,false],"thumbnail":["https:\/\/arantv.az\/wp-content\/uploads\/2023\/10\/8e175e60-d78a-3c02-98df-6dfd0608d2b0_850-500x280.jpg",500,280,true],"medium":["https:\/\/arantv.az\/wp-content\/uploads\/2023\/10\/8e175e60-d78a-3c02-98df-6dfd0608d2b0_850-548x365.jpg",548,365,true],"large":["https:\/\/arantv.az\/wp-content\/uploads\/2023\/10\/8e175e60-d78a-3c02-98df-6dfd0608d2b0_850.jpg",620,413,false],"1536x1536":["https:\/\/arantv.az\/wp-content\/uploads\/2023\/10\/8e175e60-d78a-3c02-98df-6dfd0608d2b0_850.jpg",620,413,false],"2048x2048":["https:\/\/arantv.az\/wp-content\/uploads\/2023\/10\/8e175e60-d78a-3c02-98df-6dfd0608d2b0_850.jpg",620,413,false],"post-thumbnail":["https:\/\/arantv.az\/wp-content\/uploads\/2023\/10\/8e175e60-d78a-3c02-98df-6dfd0608d2b0_850-240x172.jpg",240,172,true],"advps-thumb-one":["https:\/\/arantv.az\/wp-content\/uploads\/2023\/10\/8e175e60-d78a-3c02-98df-6dfd0608d2b0_850.jpg",620,413,false]},"rttpg_author":{"display_name":"V\u00fcsal Rafiqo\u011flu","author_link":"https:\/\/arantv.az\/?author=2"},"rttpg_comment":0,"rttpg_category":"<a href=\"https:\/\/arantv.az\/?cat=4\" rel=\"category\">Siyas\u0259t<\/a>","rttpg_excerpt":"\u201cAvropa Parlamentinin Az\u0259rbaycana qar\u015f\u0131 q\u0259bul etdiyi q\u0259tnam\u0259 erm\u0259ni lobbisi il\u0259 s\u0131x \u0259laq\u0259d\u0259 olan korrupsiyala\u015fm\u0131\u015f qurumun n\u00fcmayi\u015f etdirdiyi n\u00f6vb\u0259ti q\u0259r\u0259zdir\u201d. Bunu\u00a0\u201cReport\u201da a\u00e7\u0131qlamas\u0131nda Milli M\u0259clisin deputat\u0131 Elnur Allahverdiyev deyib. Onun s\u00f6zl\u0259rin\u0259 g\u00f6r\u0259, q\u0259tnam\u0259nin m\u0259tni il\u0259 s\u0259thi tan\u0131\u015fl\u0131q a\u015fkar erm\u0259nip\u0259r\u0259stliyi v\u0259 Az\u0259rbaycana qar\u015f\u0131 kin-k\u00fcdur\u0259ti \u00fcz\u0259 \u00e7\u0131xar\u0131r: \u201cBu azm\u0131\u015f kimi, yol veril\u0259n h\u00fcquqi v\u0259 siyasi s\u0259hvl\u0259r q\u0259tnam\u0259nin t\u0259rtib edilm\u0259si&hellip;","_links":{"self":[{"href":"https:\/\/arantv.az\/index.php?rest_route=\/wp\/v2\/posts\/641794"}],"collection":[{"href":"https:\/\/arantv.az\/index.php?rest_route=\/wp\/v2\/posts"}],"about":[{"href":"https:\/\/arantv.az\/index.php?rest_route=\/wp\/v2\/types\/post"}],"author":[{"embeddable":true,"href":"https:\/\/arantv.az\/index.php?rest_route=\/wp\/v2\/users\/2"}],"replies":[{"embeddable":true,"href":"https:\/\/arantv.az\/index.php?rest_route=%2Fwp%2Fv2%2Fcomments&post=641794"}],"version-history":[{"count":0,"href":"https:\/\/arantv.az\/index.php?rest_route=\/wp\/v2\/posts\/641794\/revisions"}],"wp:featuredmedia":[{"embeddable":true,"href":"https:\/\/arantv.az\/index.php?rest_route=\/wp\/v2\/media\/641795"}],"wp:attachment":[{"href":"https:\/\/arantv.az\/index.php?rest_route=%2Fwp%2Fv2%2Fmedia&parent=641794"}],"wp:term":[{"taxonomy":"category","embeddable":true,"href":"https:\/\/arantv.az\/index.php?rest_route=%2Fwp%2Fv2%2Fcategories&post=641794"},{"taxonomy":"post_tag","embeddable":true,"href":"https:\/\/arantv.az\/index.php?rest_route=%2Fwp%2Fv2%2Ftags&post=641794"}],"curies":[{"name":"wp","href":"https:\/\/api.w.org\/{rel}","templated":true}]}}