{"id":642238,"date":"2023-10-06T21:36:58","date_gmt":"2023-10-06T17:36:58","guid":{"rendered":"https:\/\/arantv.az\/?p=642238"},"modified":"2023-10-06T21:36:58","modified_gmt":"2023-10-06T17:36:58","slug":"ilham-%c9%99liyev-ukraynada-zelenskinin-ed%c9%99-bilm%c9%99diyini-az%c9%99rbaycanda-etdi","status":"publish","type":"post","link":"https:\/\/arantv.az\/?p=642238","title":{"rendered":"\u0130lham \u018fliyev Ukraynada Zelenskinin ed\u0259 bilm\u0259diyini Az\u0259rbaycanda etdi"},"content":{"rendered":"<p><strong>PKK lideri \u00d6calan\u0131n 1999-cu ild\u0259 yaxalanmas\u0131 bar\u0259d\u0259 ilk g\u00f6r\u00fcnt\u00fcl\u0259ri nec\u0259 h\u0259y\u0259canl\u0131 izl\u0259diyimiz yad\u0131ma d\u00fc\u015f\u00fcr&#8230;<\/strong><\/p>\n<p>Yad\u0131ma d\u00fc\u015f\u00fcr, y\u0259hudi soyq\u0131r\u0131m\u0131nda i\u015ftirak etmi\u015f 90 ya\u015flar\u0131nda bir alman fa\u015fistini \u0130srail k\u0259\u015ffiyyat orqanlar\u0131 uzun ill\u0259rd\u0259n sonra uzaq Argentinada nec\u0259 yaxalam\u0131\u015fd\u0131&#8230; \u2013 H\u0259r iki hadis\u0259 vaxt\u0131 d\u0259f\u0259l\u0259rl\u0259 g\u00f6z\u00fcm\u00fcz TV ekran\u0131na, qula\u011f\u0131m\u0131z radioya kilidl\u0259nir, bir d\u0259, bir d\u0259 bax\u0131r, dinl\u0259yir, oxuyurduq&#8230; N\u0259 gizl\u0259d\u0259k, h\u0259r d\u0259f\u0259sind\u0259 d\u0259, \u201cb\u0259s az\u0259rbaycanl\u0131lara qar\u015f\u0131 soyq\u0131r\u0131m\u0131 aktlar\u0131 t\u00f6r\u0259tmi\u015f haylar\u0131 n\u0259 zaman tutub, istintaqa c\u0259lb ed\u0259c\u0259yik?\u201d \u2013 dey\u0259 \u00f6z-\u00f6z\u00fcm\u00fcz\u0259 sual ver\u0259r, a\u011f\u0131r suallar qar\u015f\u0131s\u0131nda qalar, d\u0259rdl\u0259n\u0259rdik&#8230; Al\u0131nm\u0131rd\u0131, olmurdu, uzan\u0131rd\u0131 v\u0259 qara u\u011fursuzluq zola\u011f\u0131ndan \u00e7\u0131xa bilmirdik d\u0259 bilmirdik&#8230;<\/p>\n<p>Amma \u00fcmid&#8230;<\/p>\n<p>Ancaq inam&#8230;<\/p>\n<p>Bir d\u0259 dir\u0259ni\u015f ruhu!&#8230; \u2013<\/p>\n<p>O ruh bizi he\u00e7 t\u0259rk etm\u0259di, Tanr\u0131ya \u015f\u00fck\u00fcrl\u0259r olsun!<\/p>\n<p>\u00dcmid \u2013 qalxand\u0131r qoruyur,<\/p>\n<p>inam \u2013 q\u0131l\u0131ncd\u0131r k\u0259sir, do\u011fray\u0131r,<\/p>\n<p>dir\u0259ni\u015f ruhu \u2013 yenilm\u0259zlik b\u0259x\u015f edir&#8230;<\/p>\n<p>K\u0259saf\u0259tl\u0259ri k\u0259sdik, dolanbaclar\u0131 adlad\u0131q, zaman\u0131 Qaraba\u011fa ayarlad\u0131q.<\/p>\n<p><img loading=\"lazy\" src=\"https:\/\/cdn.musavat.com\/news\/thumbnails\/9fc669f1e6daa38030c341a10cb140c8.jpg\" alt=\"xankendi son.jpg (233 KB)\" width=\"700\" height=\"436\" \/><\/p>\n<p><strong>\u015eu\u015fas\u0131z Qaraba\u011fda, Qaraba\u011fs\u0131z Az\u0259rbaycanda, Az\u0259rbaycans\u0131z T\u00fcrk d\u00fcnyas\u0131nda v\u0259 T\u00fcrk d\u00fcnyas\u0131z Yer \u00fcz\u00fcnd\u0259 nec\u0259 dinclik tapar, nec\u0259 aram olard\u0131q?..<\/strong><\/p>\n<p>Budur, Qukasyan, Saakyan, Arutyunyan, Vardanyan, \u0130\u015fxanyan, Babayan&#8230; v\u0259 b. \u0259li, diliqanl\u0131lar\u0131n, terror\u00e7uba\u015flar\u0131n boyunlar\u0131 polad bil\u0259klil\u0259rimizin kontrolunda, ba\u015flar\u0131 a\u015fa\u011f\u0131, g\u00f6zl\u0259ri yer\u0259 dikilmi\u015f, \u00fcmidl\u0259ri tamam\u0259n suya d\u00fc\u015fm\u00fc\u015f \u015f\u0259kild\u0259 Bak\u0131ya g\u0259tirilib, damlan\u0131b. K\u00f6\u00e7\u0259ryan, Sarkisyan v\u0259 b. da danaboyun edil\u0259c\u0259yi g\u00fcn\u00fc g\u00f6zl\u0259yir&#8230; Biz hay deyilik, t\u00fcrk\u00fck, onlara i\u015fg\u0259nc\u0259 verm\u0259y\u0259c\u0259yik, ancaq c\u0259za ver\u0259c\u0259yik, \u0259lb\u0259tt\u0259. \u018flb\u0259tt\u0259, haqq\u0131n inc\u0259ls\u0259 d\u0259, \u00fcz\u00fclm\u0259diyini onlara bir\u0259r-bir\u0259r g\u00f6st\u0259r\u0259c\u0259yik.<\/p>\n<p>Az\u0259rbaycan Xeyri t\u0259msil edir v\u0259 Xeyir illa \u015e\u0259r \u00fcz\u0259rind\u0259 q\u0259l\u0259b\u0259 \u00e7almal\u0131yd\u0131. \u201cBu qan yerd\u0259 qalan deyil\u201ddi, qalmad\u0131 da! \u0130ll\u0259rdi deyir, yaz\u0131r, oxuyur, e\u015fidir, e\u015fitdirirdik. \u2013 B\u0259li, \u201cBa\u015fqa yolu yox(uydu) art\u0131q\u201d!<\/p>\n<p><strong>Az\u0259rbaycan Prezidenti heyr\u0259tamiz d\u0259r\u0259c\u0259d\u0259, m\u00f6c\u00fcz\u0259 deyil\u0259c\u0259k q\u0259d\u0259r b\u00f6y\u00fck hadis\u0259l\u0259r\u0259 imza at\u0131r, g\u00f6zl\u0259rimiz \u00f6n\u00fcnd\u0259 \u015fanl\u0131 tarix yaz\u0131r! U\u011fur u\u011fura calan\u0131r. \u018fslind\u0259, bu g\u00fcnl\u0259rd\u0259 ba\u015f ver\u0259nl\u0259r bu g\u00fcnl\u0259r\u0259 s\u0131\u011fm\u0131r! Ke\u00e7mi\u015f\u0259 n\u0259z\u0259r sal\u0131r\u0131q, g\u0259l\u0259c\u0259y\u0259 bax\u0131r, \u015fanl\u0131 ke\u00e7mi\u015fimizd\u0259n b\u00f6y\u00fck g\u0259l\u0259c\u0259yimiz\u0259 ke\u00e7id edirik.<\/strong><\/p>\n<p><strong><img loading=\"lazy\" src=\"https:\/\/cdn.musavat.com\/news\/thumbnails\/3a119279b196c1a612b991ba4513bbc9.jpg\" alt=\"ilham_eliyev.jpg (69 KB)\" width=\"637\" height=\"400\" \/><\/strong><\/p>\n<p>Bax\u0131n, SSR\u0130-d\u0259n qopan respublikalar aras\u0131nda \u0259razi b\u00fct\u00f6vl\u00fcy\u00fc pozulan, suverenliyin\u0259 probleml\u0259r yarad\u0131lan t\u0259kc\u0259 biz deyildik. G\u00fcrc\u00fcstan, Moldova v\u0259 Ukraynan\u0131n da \u0259razi b\u00fct\u00f6vl\u00fcy\u00fc, suverenliyi pozulub. T\u0259bii, bu d\u00f6rd cildlik \u201cpozulma \u0259s\u0259ri\u201dnin m\u00fc\u0259llifi Kremldir. Rusiyan\u0131n h\u0259rbi-siyasi, iqtisadi d\u0259st\u0259yi olmadan separat\u00e7\u0131lar (Qaraba\u011f, Abxaziya, G\u00fcney Osetiya v\u0259 Dnestryan\u0131nda&#8230; Kr\u0131m, Donetsk, Luqanskda) meydan sulaya bilm\u0259zdi. Bizim misalda, Erm\u0259nistan Rusiyan\u0131n v\u0259 d\u00fcnya erm\u0259niliyinin davaml\u0131, artan dinamikal\u0131 d\u0259st\u0259yi olmadan uzunm\u00fcdd\u0259tli i\u015f\u011fal\u0131 ger\u00e7\u0259kl\u0259\u015fdir\u0259 bilm\u0259zdi.<\/p>\n<p>B\u0259li, \u0130lham \u018fliyev xalq\u0131m\u0131za f\u00f6vq\u0259lad\u0259 tarixi hadis\u0259l\u0259r ya\u015fad\u0131r. Bu il \u2013 Heyd\u0259r \u018fliyev \u0130lind\u0259 il\u0259 s\u0131\u011fmayan \u2013 h\u0259r g\u00fcn\u00fc ild\u0259n art\u0131q el\u0259 g\u00fcnl\u0259r ya\u015fam\u0131\u015f\u0131q, el\u0259 g\u00fcnl\u0259r ya\u015fam\u0131\u015f\u0131q ki, o g\u00fcnl\u0259rimiz, aylar\u0131m\u0131z, ilimiz tarixin altun s\u0259hif\u0259sin\u0259 h\u0259kk olunacaq! Heyd\u0259r \u018fliyev m\u0259kt\u0259bi, Heyd\u0259r \u018fliyev irsi \u00f6z ya\u015far\u0131l\u0131\u011f\u0131n\u0131 g\u00fcn\u00fcm\u00fczd\u0259 parlaq \u015f\u0259kild\u0259 g\u00f6st\u0259rm\u0259kd\u0259dir. \u00d6nc\u0259 onu vur\u011fulayaq ki, Heyd\u0259r \u018fliyev z\u0259kas\u0131, q\u0259tiyy\u0259ti olmasayd\u0131, bizd\u0259 d\u0259 Ukrayna, G\u00fcrc\u00fcstan kimi iki v\u0259 daha art\u0131q m\u00fcnaqi\u015f\u0259 oca\u011f\u0131 alovlan\u0131b duracaqd\u0131&#8230;<br \/>\nM\u00fcst\u0259qilliyin k\u00f6vr\u0259k ill\u0259rind\u0259 dig\u0259r m\u00fcnaqi\u015f\u0259 ocaqlar\u0131n\u0131n alovlanmas\u0131n\u0131n qar\u015f\u0131s\u0131n\u0131n al\u0131nmas\u0131, sonrak\u0131 d\u00f6n\u0259md\u0259 toparlanmam\u0131z, Qaraba\u011fa fokuslanmam\u0131z \u00fc\u00e7\u00fcn f\u00f6vq\u0259lad\u0259 \u00f6n\u0259m da\u015f\u0131y\u0131rd\u0131&#8230; 2020-ci ild\u0259ki 44 g\u00fcnl\u00fck sava\u015f, bu ilki 24 saatl\u0131q antiterror t\u0259dbirl\u0259ri Az\u0259rbaycan d\u00f6vl\u0259tinin, \u015f\u0259xs\u0259n d\u00f6vl\u0259t ba\u015f\u00e7\u0131s\u0131n\u0131n n\u0259 q\u0259d\u0259r d\u0259rind\u0259n v\u0259 \u00fcf\u00fcqgeni\u015fliyi il\u0259 d\u00fc\u015f\u00fcnd\u00fcy\u00fcn\u00fc, h\u0259r\u0259k\u0259t etdiyini v\u0259 nec\u0259 g\u00fccl\u00fc siyasi irad\u0259y\u0259 malik oldu\u011funu parlaq \u015f\u0259kild\u0259 g\u00f6st\u0259rir!<\/p>\n<p><img loading=\"lazy\" src=\"https:\/\/cdn.musavat.com\/news\/thumbnails\/2116c7f5b53b189a5bc20b045e0d2f5f.jpg\" alt=\"TERROR SON.jpg (90 KB)\" width=\"700\" height=\"436\" \/><\/p>\n<p><strong>\u0130lham \u018fliyev Ukraynada Aleksandr Tur\u00e7inov (23.02.2014-07.06.2014), Petro Poro\u015fenko (07.06.2014-20.05.2019) v\u0259 Volodimir Zelenskinin (20.05.2019-&#8230;) ed\u0259 bilm\u0259diyini Az\u0259rbaycanda etdi.<\/strong><\/p>\n<p>\u0130lham \u018fliyev prezidentl\u0259r Zviad Qamsaxurdia (14.04.1991-31.12.1993), Eduard \u015eevardnadze (23.11.1995-22.11.2003), Mixail Saaka\u015fvili (25.01.2004-25.11.2007; 20.01.2008-17.11.2013), Georgi Marqvela\u015fvili (17.11.2013-16.12.2018) v\u0259 Salome Zurabi\u015fvilinin (16.12.2018-&#8230;), Ba\u015f nazirl\u0259r Nino Burcanadze (22.11.2003- 25.01.2004; 25.11.2007-20.01.2008-ci il tarixl\u0259rd\u0259 prezident yetkil\u0259rini da\u015f\u0131m\u0131\u015fd\u0131r), Bidzina \u0130vani\u015fvili (25.10.2012-20.11.2013), Georgi Kvirika\u015fvili (30.12.2015-13.06.2018), Mamuka Baxtadze (20.06.2018-02.09.2019), Giorgi Qaxariya (08.09.2019-18.02.2021) v\u0259 \u0130rakli Qariba\u015fvilinin (20.11.2013-23.12.2015; 22.02.2021-&#8230;) G\u00fcrc\u00fcstanda ed\u0259 bilm\u0259dikl\u0259rini etdi.<\/p>\n<p>\u0130lham \u018fliyev Mir\u00e7ea Snegur (03.09.1990-15.01.1997), Petru Lu\u00e7in\u015fi (15.01.1997-07.04.2001), Vladimir Voronin (07.04.2001-11.09.2009), Mixay Gimpu (11.09.2009-28.12.2010), Vlad Filat (28.12.2010-30.12.2010), Marian Lupu (30.12.2010-23.03.2012), Nikolae Timofti (23.03. 2012-23.12.2016), \u0130qor Dodon (23.12.2016-24.12.2020) v\u0259 Maya Sandunun (16.11.2020\u2013&#8230;.) ed\u0259 bilm\u0259dikl\u0259rini etdi.<\/p>\n<p><strong>\u0130lk s\u0131rada Ukrayna, el\u0259c\u0259 d\u0259 Moldova v\u0259 G\u00fcrc\u00fcstan sabah-birisig\u00fcn \u00f6z \u0259razi b\u00fct\u00f6vl\u00fcy\u00fcn\u00fc, suverenliyini b\u0259rpa ed\u0259rs\u0259 (in\u015fallah), bu, Bat\u0131n\u0131n g\u00fccl\u00fc d\u0259st\u0259yi fonunda ba\u015f vermi\u015f olacaq.<\/strong><\/p>\n<p>N\u0259z\u0259r\u0259 alsaq ki, Ukrayna, Moldava v\u0259 G\u00fcrc\u00fcstan \u2013 h\u0259r \u00fc\u00e7\u00fc xristian dininin hakim oldu\u011fu \u00f6lk\u0259l\u0259rdir, \u00fcst\u0259lik, Avropaya co\u011frafi olaraq daha yax\u0131nd\u0131rlar, o zaman, onlar\u0131n ed\u0259 bilm\u0259dikl\u0259rinin t\u00fcrk-m\u00fcs\u0259lman \u00f6lk\u0259sind\u0259 h\u0259yata ke\u00e7irilm\u0259si, h\u0259qiq\u0259t\u0259n unikal hadis\u0259dir. \u00d6z\u00fc d\u0259, biz m\u0259hz g\u00fccl\u00fc erm\u0259ni lobbisi, erm\u0259ni diasporu il\u0259 qar\u015f\u0131-qar\u015f\u0131yay(d)\u0131q. Bizim torpaqlar\u0131m\u0131z\u0131 Xank\u0259ndid\u0259 yuvalanm\u0131\u015f qondarma rejim, yaxud c\u0131rtdan Erm\u0259nistan t\u0259kba\u015f\u0131na i\u015f\u011fal etm\u0259mi\u015fdi, \u0259lb\u0259tt\u0259. Biz xalq, mill\u0259t \u0259d\u0259b-\u0259rkan\u0131na, d\u00f6vl\u0259t, d\u00f6vl\u0259t\u00e7ilik m\u0259d\u0259niyy\u0259tin\u0259 yeti\u015fm\u0259mi\u015f amma beyn\u0259lxalq al\u0259mi \u015feytan toru il\u0259 h\u00f6rm\u0259yi bacarm\u0131\u015f xristian haylarla sava\u015fdayd\u0131q&#8230;<\/p>\n<p><img loading=\"lazy\" src=\"https:\/\/cdn.musavat.com\/news\/thumbnails\/d0d56a1d1f22b5c336db7fd0d05aa4b2.jpg\" alt=\"separat son.jpg (366 KB)\" width=\"700\" height=\"402\" \/><\/p>\n<p><strong>(Biz xristian, y\u0259hudi, m\u00fcs\u0259lman \u2013 din m\u0259nsubiyy\u0259ti ayr\u0131m\u0131 yapmayan d\u00f6z\u00fcml\u00fc xalq\u0131q \u2013 bunu d\u00fcz d\u00fcnya bilir; amma qar\u015f\u0131m\u0131zdak\u0131 monoetnik \u201cd\u00f6vl\u0259t\u201ddir. \u2013 Qafqazda, yax\u0131n co\u011frafiyada ba\u015fqa bel\u0259 monoetnik d\u00f6vl\u0259t yoxdur)&#8230;<\/strong><\/p>\n<p>\u018frazi b\u00fct\u00f6vl\u00fcy\u00fc, suverenliyi pozulmu\u015f G\u00fcrc\u00fcstan, Ukrayna, Az\u0259rbaycan v\u0259 Moldova bundan 26 il \u00f6nc\u0259 &#8211; 1997-ci il oktyabr\u0131n 10-da Demokratiya v\u0259 \u0130qtisadi \u0130nki\u015faf u\u011frunda T\u0259\u015fkilat \u2013 GUAM yarad\u0131b. \u0130ndi Az\u0259rbaycan\u0131n u\u011furu bizim GUAM t\u0259r\u0259fda\u015flar\u0131m\u0131z \u00fc\u00e7\u00fcn \u00e7ox yax\u015f\u0131 \u00f6rn\u0259kdir. Lakin bir h\u0259qiq\u0259t d\u0259rk edilm\u0259lidir ki, Az\u0259rbaycan bu u\u011furu n\u0259 sa\u011fa, n\u0259 sola baxmadan, m\u0259hz \u00f6z yolunu m\u00fc\u0259yy\u0259nl\u0259\u015fdir\u0259r\u0259k \u0259ld\u0259 ed\u0259 bilib. Ad\u0131 ke\u00e7\u0259n-ke\u00e7m\u0259y\u0259n \u00f6lk\u0259l\u0259r hadis\u0259l\u0259r\u0259 sanki Aristotel m\u0259ntiqi il\u0259 yana\u015f\u0131r: ya Quzey (Rusiya) ya Bat\u0131 (Avropa, AB\u015e)&#8230; Az\u0259rbaycan, bel\u0259 dem\u0259k m\u00fcmk\u00fcns\u0259, hadis\u0259l\u0259r\u0259 qeyri-s\u0259lis m\u0259ntiql\u0259 yana\u015fd\u0131, durumu Quzeyl\u0259 Bat\u0131 aras\u0131nda se\u00e7im aparmaq kimi xarakteriz\u0259 etm\u0259di, inki\u015faf \u00fc\u00e7\u00fcn alternativl\u0259r, ba\u015fqa s\u00f6zl\u0259, imkanlar \u00e7oxlu\u011funu m\u00fc\u0259yy\u0259nl\u0259\u015fdirdi, \u00f6z yolunu buldu. \u015eair demi\u015f, \u201ci\u00e7ind\u0259ki g\u00fcc\u0259 dayand\u0131\u201d d\u00f6vl\u0259timiz. Budur, \u0259n yax\u015f\u0131 yolun m\u0259hz Az\u0259rbaycan yolu oldu\u011fu G\u00fcn kimi ayd\u0131nd\u0131r. G\u00fccl\u00fc lider, g\u00fccl\u00fc d\u00f6vl\u0259t, g\u00fccl\u00fc iqtisadiyyat, yenilm\u0259z ordu, uhul\u0259t-suhul\u0259tli xarici siyas\u0259t! Xalq\u0131m\u0131z d\u00f6vl\u0259tcanl\u0131, g\u0259ncliyimiz v\u0259t\u0259ncanl\u0131, qarda\u015f\u0131m\u0131z etibarl\u0131! Bizi kims\u0259 durduramaz!<\/p>\n<p><strong>D\u00d6VL\u018fT\u0130M\u0130Z ZAVAL G\u00d6RM\u018fS\u0130N!<\/strong><\/p>\n","protected":false},"excerpt":{"rendered":"<p>PKK lideri \u00d6calan\u0131n 1999-cu ild\u0259 yaxalanmas\u0131 bar\u0259d\u0259 ilk g\u00f6r\u00fcnt\u00fcl\u0259ri nec\u0259 h\u0259y\u0259canl\u0131 izl\u0259diyimiz yad\u0131ma d\u00fc\u015f\u00fcr&#8230; Yad\u0131ma d\u00fc\u015f\u00fcr, y\u0259hudi soyq\u0131r\u0131m\u0131nda i\u015ftirak etmi\u015f 90 ya\u015flar\u0131nda bir alman fa\u015fistini \u0130srail k\u0259\u015ffiyyat orqanlar\u0131 uzun ill\u0259rd\u0259n sonra uzaq Argentinada nec\u0259 yaxalam\u0131\u015fd\u0131&#8230; \u2013 H\u0259r iki hadis\u0259 vaxt\u0131 d\u0259f\u0259l\u0259rl\u0259 g\u00f6z\u00fcm\u00fcz TV ekran\u0131na, qula\u011f\u0131m\u0131z radioya kilidl\u0259nir, bir d\u0259, bir d\u0259 bax\u0131r, dinl\u0259yir, oxuyurduq&#8230; N\u0259 gizl\u0259d\u0259k, h\u0259r d\u0259f\u0259sind\u0259 d\u0259, \u201cb\u0259s az\u0259rbaycanl\u0131lara qar\u015f\u0131 soyq\u0131r\u0131m\u0131 aktlar\u0131 t\u00f6r\u0259tmi\u015f haylar\u0131 n\u0259 zaman tutub, istintaqa c\u0259lb ed\u0259c\u0259yik?\u201d \u2013 dey\u0259 \u00f6z-\u00f6z\u00fcm\u00fcz\u0259 sual ver\u0259r, a\u011f\u0131r suallar qar\u015f\u0131s\u0131nda qalar, d\u0259rdl\u0259n\u0259rdik&#8230; Al\u0131nm\u0131rd\u0131, olmurdu, uzan\u0131rd\u0131 v\u0259 qara u\u011fursuzluq zola\u011f\u0131ndan \u00e7\u0131xa&hellip;<\/p>\n","protected":false},"author":2,"featured_media":642242,"comment_status":"closed","ping_status":"closed","sticky":false,"template":"","format":"standard","meta":{"om_disable_all_campaigns":false,"_monsterinsights_skip_tracking":false,"_monsterinsights_sitenote_active":false,"_monsterinsights_sitenote_note":"","_monsterinsights_sitenote_category":0},"categories":[19],"tags":[],"aioseo_notices":[],"gutentor_comment":0,"rttpg_featured_image_url":{"full":["https:\/\/arantv.az\/wp-content\/uploads\/2023\/10\/041bde5c36f2121e02a0fd7df51a5c64.jpg",607,406,false],"landscape":["https:\/\/arantv.az\/wp-content\/uploads\/2023\/10\/041bde5c36f2121e02a0fd7df51a5c64.jpg",607,406,false],"portraits":["https:\/\/arantv.az\/wp-content\/uploads\/2023\/10\/041bde5c36f2121e02a0fd7df51a5c64.jpg",607,406,false],"thumbnail":["https:\/\/arantv.az\/wp-content\/uploads\/2023\/10\/041bde5c36f2121e02a0fd7df51a5c64-500x280.jpg",500,280,true],"medium":["https:\/\/arantv.az\/wp-content\/uploads\/2023\/10\/041bde5c36f2121e02a0fd7df51a5c64-546x365.jpg",546,365,true],"large":["https:\/\/arantv.az\/wp-content\/uploads\/2023\/10\/041bde5c36f2121e02a0fd7df51a5c64.jpg",607,406,false],"1536x1536":["https:\/\/arantv.az\/wp-content\/uploads\/2023\/10\/041bde5c36f2121e02a0fd7df51a5c64.jpg",607,406,false],"2048x2048":["https:\/\/arantv.az\/wp-content\/uploads\/2023\/10\/041bde5c36f2121e02a0fd7df51a5c64.jpg",607,406,false],"post-thumbnail":["https:\/\/arantv.az\/wp-content\/uploads\/2023\/10\/041bde5c36f2121e02a0fd7df51a5c64-240x172.jpg",240,172,true],"advps-thumb-one":["https:\/\/arantv.az\/wp-content\/uploads\/2023\/10\/041bde5c36f2121e02a0fd7df51a5c64.jpg",607,406,false]},"rttpg_author":{"display_name":"V\u00fcsal Rafiqo\u011flu","author_link":"https:\/\/arantv.az\/?author=2"},"rttpg_comment":0,"rttpg_category":"<a href=\"https:\/\/arantv.az\/?cat=19\" rel=\"category\">G\u00fcnd\u0259m<\/a>","rttpg_excerpt":"PKK lideri \u00d6calan\u0131n 1999-cu ild\u0259 yaxalanmas\u0131 bar\u0259d\u0259 ilk g\u00f6r\u00fcnt\u00fcl\u0259ri nec\u0259 h\u0259y\u0259canl\u0131 izl\u0259diyimiz yad\u0131ma d\u00fc\u015f\u00fcr&#8230; Yad\u0131ma d\u00fc\u015f\u00fcr, y\u0259hudi soyq\u0131r\u0131m\u0131nda i\u015ftirak etmi\u015f 90 ya\u015flar\u0131nda bir alman fa\u015fistini \u0130srail k\u0259\u015ffiyyat orqanlar\u0131 uzun ill\u0259rd\u0259n sonra uzaq Argentinada nec\u0259 yaxalam\u0131\u015fd\u0131&#8230; \u2013 H\u0259r iki hadis\u0259 vaxt\u0131 d\u0259f\u0259l\u0259rl\u0259 g\u00f6z\u00fcm\u00fcz TV ekran\u0131na, qula\u011f\u0131m\u0131z radioya kilidl\u0259nir, bir d\u0259, bir d\u0259 bax\u0131r, dinl\u0259yir, oxuyurduq&#8230; N\u0259&hellip;","_links":{"self":[{"href":"https:\/\/arantv.az\/index.php?rest_route=\/wp\/v2\/posts\/642238"}],"collection":[{"href":"https:\/\/arantv.az\/index.php?rest_route=\/wp\/v2\/posts"}],"about":[{"href":"https:\/\/arantv.az\/index.php?rest_route=\/wp\/v2\/types\/post"}],"author":[{"embeddable":true,"href":"https:\/\/arantv.az\/index.php?rest_route=\/wp\/v2\/users\/2"}],"replies":[{"embeddable":true,"href":"https:\/\/arantv.az\/index.php?rest_route=%2Fwp%2Fv2%2Fcomments&post=642238"}],"version-history":[{"count":0,"href":"https:\/\/arantv.az\/index.php?rest_route=\/wp\/v2\/posts\/642238\/revisions"}],"wp:featuredmedia":[{"embeddable":true,"href":"https:\/\/arantv.az\/index.php?rest_route=\/wp\/v2\/media\/642242"}],"wp:attachment":[{"href":"https:\/\/arantv.az\/index.php?rest_route=%2Fwp%2Fv2%2Fmedia&parent=642238"}],"wp:term":[{"taxonomy":"category","embeddable":true,"href":"https:\/\/arantv.az\/index.php?rest_route=%2Fwp%2Fv2%2Fcategories&post=642238"},{"taxonomy":"post_tag","embeddable":true,"href":"https:\/\/arantv.az\/index.php?rest_route=%2Fwp%2Fv2%2Ftags&post=642238"}],"curies":[{"name":"wp","href":"https:\/\/api.w.org\/{rel}","templated":true}]}}