{"id":642241,"date":"2023-10-06T21:37:47","date_gmt":"2023-10-06T17:37:47","guid":{"rendered":"https:\/\/arantv.az\/?p=642241"},"modified":"2023-10-06T21:37:47","modified_gmt":"2023-10-06T17:37:47","slug":"pensiya-alanlara-sad-x%c9%99b%c9%99r-10","status":"publish","type":"post","link":"https:\/\/arantv.az\/?p=642241","title":{"rendered":"Pensiya alanlara \u015eAD X\u018fB\u018fR"},"content":{"rendered":"<p><strong>\u018fm\u0259k v\u0259 \u018fhalinin Sosial M\u00fcdafi\u0259si Nazirliyinin tabeliyind\u0259ki D\u00f6vl\u0259t Sosial M\u00fcdafi\u0259 Fondu bu g\u00fcn Bak\u0131 v\u0259 Sumqay\u0131t \u015f\u0259h\u0259rl\u0259ri, Ab\u015feron rayonu \u00fczr\u0259 oktyabr ay\u0131n\u0131n pensiyalar\u0131n\u0131 \u00f6d\u0259yib.<\/strong><\/p>\n<p>Bu bar\u0259d\u0259\u00a0<strong>Musavat.com<\/strong>-a nazirlikd\u0259n m\u0259lumat verilib.<\/p>\n<p>Yax\u0131n g\u00fcnl\u0259rd\u0259 is\u0259 dig\u0259r b\u00f6lg\u0259l\u0259r \u00fczr\u0259 bu ay\u0131n pensiyalar\u0131, h\u0259m\u00e7inin g\u00fcz\u0259\u015ftli \u015f\u0259rtl\u0259rl\u0259 pensiya h\u00fcququna malik \u015f\u0259xsl\u0259rin pensiyalar\u0131 \u00f6d\u0259nil\u0259c\u0259k.<\/p>\n","protected":false},"excerpt":{"rendered":"<p>\u018fm\u0259k v\u0259 \u018fhalinin Sosial M\u00fcdafi\u0259si Nazirliyinin tabeliyind\u0259ki D\u00f6vl\u0259t Sosial M\u00fcdafi\u0259 Fondu bu g\u00fcn Bak\u0131 v\u0259 Sumqay\u0131t \u015f\u0259h\u0259rl\u0259ri, Ab\u015feron rayonu \u00fczr\u0259 oktyabr ay\u0131n\u0131n pensiyalar\u0131n\u0131 \u00f6d\u0259yib. Bu bar\u0259d\u0259\u00a0Musavat.com-a nazirlikd\u0259n m\u0259lumat verilib. Yax\u0131n g\u00fcnl\u0259rd\u0259 is\u0259 dig\u0259r b\u00f6lg\u0259l\u0259r \u00fczr\u0259 bu ay\u0131n pensiyalar\u0131, h\u0259m\u00e7inin g\u00fcz\u0259\u015ftli \u015f\u0259rtl\u0259rl\u0259 pensiya h\u00fcququna malik \u015f\u0259xsl\u0259rin pensiyalar\u0131 \u00f6d\u0259nil\u0259c\u0259k.<\/p>\n","protected":false},"author":2,"featured_media":642245,"comment_status":"closed","ping_status":"closed","sticky":false,"template":"","format":"standard","meta":{"om_disable_all_campaigns":false,"_monsterinsights_skip_tracking":false,"_monsterinsights_sitenote_active":false,"_monsterinsights_sitenote_note":"","_monsterinsights_sitenote_category":0},"categories":[26],"tags":[],"aioseo_notices":[],"gutentor_comment":0,"rttpg_featured_image_url":{"full":["https:\/\/arantv.az\/wp-content\/uploads\/2023\/10\/d5b9f4acac64e5ef6824fd319583a385.jpg",850,500,false],"landscape":["https:\/\/arantv.az\/wp-content\/uploads\/2023\/10\/d5b9f4acac64e5ef6824fd319583a385.jpg",850,500,false],"portraits":["https:\/\/arantv.az\/wp-content\/uploads\/2023\/10\/d5b9f4acac64e5ef6824fd319583a385.jpg",850,500,false],"thumbnail":["https:\/\/arantv.az\/wp-content\/uploads\/2023\/10\/d5b9f4acac64e5ef6824fd319583a385-500x280.jpg",500,280,true],"medium":["https:\/\/arantv.az\/wp-content\/uploads\/2023\/10\/d5b9f4acac64e5ef6824fd319583a385-621x365.jpg",621,365,true],"large":["https:\/\/arantv.az\/wp-content\/uploads\/2023\/10\/d5b9f4acac64e5ef6824fd319583a385-840x494.jpg",640,376,true],"1536x1536":["https:\/\/arantv.az\/wp-content\/uploads\/2023\/10\/d5b9f4acac64e5ef6824fd319583a385.jpg",850,500,false],"2048x2048":["https:\/\/arantv.az\/wp-content\/uploads\/2023\/10\/d5b9f4acac64e5ef6824fd319583a385.jpg",850,500,false],"post-thumbnail":["https:\/\/arantv.az\/wp-content\/uploads\/2023\/10\/d5b9f4acac64e5ef6824fd319583a385-240x172.jpg",240,172,true],"advps-thumb-one":["https:\/\/arantv.az\/wp-content\/uploads\/2023\/10\/d5b9f4acac64e5ef6824fd319583a385.jpg",850,500,false]},"rttpg_author":{"display_name":"V\u00fcsal Rafiqo\u011flu","author_link":"https:\/\/arantv.az\/?author=2"},"rttpg_comment":0,"rttpg_category":"<a href=\"https:\/\/arantv.az\/?cat=26\" rel=\"category\">Sosial<\/a>","rttpg_excerpt":"\u018fm\u0259k v\u0259 \u018fhalinin Sosial M\u00fcdafi\u0259si Nazirliyinin tabeliyind\u0259ki D\u00f6vl\u0259t Sosial M\u00fcdafi\u0259 Fondu bu g\u00fcn Bak\u0131 v\u0259 Sumqay\u0131t \u015f\u0259h\u0259rl\u0259ri, Ab\u015feron rayonu \u00fczr\u0259 oktyabr ay\u0131n\u0131n pensiyalar\u0131n\u0131 \u00f6d\u0259yib. Bu bar\u0259d\u0259\u00a0Musavat.com-a nazirlikd\u0259n m\u0259lumat verilib. Yax\u0131n g\u00fcnl\u0259rd\u0259 is\u0259 dig\u0259r b\u00f6lg\u0259l\u0259r \u00fczr\u0259 bu ay\u0131n pensiyalar\u0131, h\u0259m\u00e7inin g\u00fcz\u0259\u015ftli \u015f\u0259rtl\u0259rl\u0259 pensiya h\u00fcququna malik \u015f\u0259xsl\u0259rin pensiyalar\u0131 \u00f6d\u0259nil\u0259c\u0259k.","_links":{"self":[{"href":"https:\/\/arantv.az\/index.php?rest_route=\/wp\/v2\/posts\/642241"}],"collection":[{"href":"https:\/\/arantv.az\/index.php?rest_route=\/wp\/v2\/posts"}],"about":[{"href":"https:\/\/arantv.az\/index.php?rest_route=\/wp\/v2\/types\/post"}],"author":[{"embeddable":true,"href":"https:\/\/arantv.az\/index.php?rest_route=\/wp\/v2\/users\/2"}],"replies":[{"embeddable":true,"href":"https:\/\/arantv.az\/index.php?rest_route=%2Fwp%2Fv2%2Fcomments&post=642241"}],"version-history":[{"count":0,"href":"https:\/\/arantv.az\/index.php?rest_route=\/wp\/v2\/posts\/642241\/revisions"}],"wp:featuredmedia":[{"embeddable":true,"href":"https:\/\/arantv.az\/index.php?rest_route=\/wp\/v2\/media\/642245"}],"wp:attachment":[{"href":"https:\/\/arantv.az\/index.php?rest_route=%2Fwp%2Fv2%2Fmedia&parent=642241"}],"wp:term":[{"taxonomy":"category","embeddable":true,"href":"https:\/\/arantv.az\/index.php?rest_route=%2Fwp%2Fv2%2Fcategories&post=642241"},{"taxonomy":"post_tag","embeddable":true,"href":"https:\/\/arantv.az\/index.php?rest_route=%2Fwp%2Fv2%2Ftags&post=642241"}],"curies":[{"name":"wp","href":"https:\/\/api.w.org\/{rel}","templated":true}]}}