{"id":642260,"date":"2023-10-06T22:14:31","date_gmt":"2023-10-06T18:14:31","guid":{"rendered":"https:\/\/arantv.az\/?p=642260"},"modified":"2023-10-06T22:14:31","modified_gmt":"2023-10-06T18:14:31","slug":"generallarla-ciyin-ciyin%c9%99-doyus%c9%99n-%c9%99sg%c9%99rl%c9%99r-yaralandiqdan-sonra-uzun-mudd%c9%99t-h%c9%99min-yerd%c9%99-qalmisam-video","status":"publish","type":"post","link":"https:\/\/arantv.az\/?p=642260","title":{"rendered":"Generallarla \u00e7iyin-\u00e7iyin\u0259 d\u00f6y\u00fc\u015f\u0259n \u0259sg\u0259rl\u0259r: \u201cYaraland\u0131qdan sonra uzun m\u00fcdd\u0259t h\u0259min yerd\u0259 qalm\u0131\u015fam\u201d &#8211; V\u0130DEO"},"content":{"rendered":"<article class=\"news\">\n<div class=\"news-inner\">\n<p>V\u0259t\u0259n m\u00fcharib\u0259si veteranlar\u0131 Mirr\u0259him \u018fhm\u0259dov, Bayram Osmanov v\u0259 Murad \u0130smay\u0131lzad\u0259 Baku TV-y\u0259 \u00f6z d\u00f6y\u00fc\u015f yollar\u0131ndan dan\u0131\u015f\u0131blar.<\/p>\n<p>M\u00fcharib\u0259d\u0259 q\u0259lp\u0259 yaralar\u0131 alan Mirr\u0259him \u018fhm\u0259dov qeyd edib ki, h\u0259min an q\u0259rib\u0259 bir \u015f\u0259kild\u0259 a\u011fr\u0131 hiss etm\u0259yib:<\/p>\n<p>\u201cDind\u0259 d\u0259 qeyd olunur ki, \u015f\u0259hidliy\u0259 ucalanlar, yaxud yaralananlar a\u011fr\u0131 hiss etmirl\u0259r. M\u0259n h\u0259qiq\u0259t\u0259n d\u0259 a\u011fr\u0131 hiss etm\u0259dim. Yaraland\u0131qdan sonra uzun m\u00fcdd\u0259t h\u0259min yerd\u0259 qalm\u0131\u015fam. Bir m\u00fcdd\u0259t sonra d\u0259rk etdim ki, qolum qalxm\u0131r\u201d.<\/p>\n<p>M\u00fcharib\u0259nin ilk g\u00fcn\u00fcnd\u0259n c\u0259bh\u0259y\u0259 yollanan Bayram Osmanov \u0259n t\u0259hl\u00fck\u0259li d\u00fc\u015fm\u0259n postlar\u0131ndan birinin \u0259l\u0259 ke\u00e7irilm\u0259sind\u0259n, h\u0259m\u00e7inin F\u00fczulid\u0259 \u015f\u0259hidl\u0259rimizin n\u0259\u015fl\u0259rinin d\u00f6y\u00fc\u015f meydan\u0131ndan \u00e7\u0131xar\u0131lmas\u0131nda g\u00f6st\u0259ril\u0259n \u015f\u00fcca\u0259td\u0259n b\u0259hs edib.<\/p>\n<p>\u201c\u015e\u0259hidl\u0259rimiz 20-25 g\u00fcn idi ki, orada qalm\u0131\u015fd\u0131. Bizim tabordan 30 n\u0259f\u0259r se\u00e7ildi v\u0259 birlikd\u0259 30-a yax\u0131n \u015f\u0259hidimizi oradan \u00e7\u0131xard\u0131q\u201d, &#8211;\u00a0o s\u00f6yl\u0259yib.<\/p>\n<p>Murad \u0130smay\u0131lzad\u0259 is\u0259 Az\u0259rbaycan Ordusunun Ba\u015f Q\u0259rargah r\u0259isi K\u0259rim V\u0259liyevin h\u0259rb\u00e7il\u0259ri d\u00f6y\u00fc\u015f\u0259 ruhland\u0131rmas\u0131ndan dan\u0131\u015f\u0131b:<\/p>\n<p>\u201cNormal olaraq \u00fcz\u00fcm\u00fcz\u00fcn saqqal\u0131 uzanm\u0131\u015fd\u0131. Biz\u0259 dedi ki, siz m\u0259nim \u015f\u0259hid balalar\u0131ms\u0131n\u0131z, sizin \u00fcz\u00fcn\u00fcz nur i\u00e7ind\u0259dir. D\u00fc\u015f\u00fcn\u00fcn ki, \u015f\u0259hid olacaqs\u0131n\u0131z, nur i\u00e7ind\u0259 eviniz\u0259 ged\u0259c\u0259ksiniz. \u00d6z\u00fcmd\u0259n as\u0131l\u0131 olmad\u0131, el\u0259 bildim ki, s\u0259h\u0259r durub i\u015f\u0259 ged\u0259c\u0259y\u0259m v\u0259 \u00fcz\u00fcm\u00fc t\u0259mizl\u0259m\u0259k ist\u0259dim\u201d.<\/p>\n<p>\u018ftrafl\u0131 s\u00fcjetd\u0259:<\/p>\n<div><iframe loading=\"lazy\" title=\"YouTube video player\" src=\"https:\/\/www.youtube.com\/embed\/qnPsZRmaYvE?si=_OX42Y6zOrJZQesh\" width=\"560\" height=\"315\" frameborder=\"0\" allowfullscreen=\"allowfullscreen\" data-mce-fragment=\"1\"><\/iframe><\/div>\n<\/div>\n<\/article>\n","protected":false},"excerpt":{"rendered":"<p>V\u0259t\u0259n m\u00fcharib\u0259si veteranlar\u0131 Mirr\u0259him \u018fhm\u0259dov, Bayram Osmanov v\u0259 Murad \u0130smay\u0131lzad\u0259 Baku TV-y\u0259 \u00f6z d\u00f6y\u00fc\u015f yollar\u0131ndan dan\u0131\u015f\u0131blar. M\u00fcharib\u0259d\u0259 q\u0259lp\u0259 yaralar\u0131 alan Mirr\u0259him \u018fhm\u0259dov qeyd edib ki, h\u0259min an q\u0259rib\u0259 bir \u015f\u0259kild\u0259 a\u011fr\u0131 hiss etm\u0259yib: \u201cDind\u0259 d\u0259 qeyd olunur ki, \u015f\u0259hidliy\u0259 ucalanlar, yaxud yaralananlar a\u011fr\u0131 hiss etmirl\u0259r. M\u0259n h\u0259qiq\u0259t\u0259n d\u0259 a\u011fr\u0131 hiss etm\u0259dim. Yaraland\u0131qdan sonra uzun m\u00fcdd\u0259t h\u0259min yerd\u0259 qalm\u0131\u015fam. Bir m\u00fcdd\u0259t sonra d\u0259rk etdim ki, qolum qalxm\u0131r\u201d. M\u00fcharib\u0259nin ilk g\u00fcn\u00fcnd\u0259n c\u0259bh\u0259y\u0259 yollanan Bayram Osmanov \u0259n t\u0259hl\u00fck\u0259li d\u00fc\u015fm\u0259n postlar\u0131ndan birinin \u0259l\u0259 ke\u00e7irilm\u0259sind\u0259n, h\u0259m\u00e7inin F\u00fczulid\u0259 \u015f\u0259hidl\u0259rimizin n\u0259\u015fl\u0259rinin d\u00f6y\u00fc\u015f meydan\u0131ndan \u00e7\u0131xar\u0131lmas\u0131nda g\u00f6st\u0259ril\u0259n \u015f\u00fcca\u0259td\u0259n b\u0259hs&hellip;<\/p>\n","protected":false},"author":2,"featured_media":642264,"comment_status":"closed","ping_status":"closed","sticky":false,"template":"","format":"standard","meta":{"om_disable_all_campaigns":false,"_monsterinsights_skip_tracking":false,"_monsterinsights_sitenote_active":false,"_monsterinsights_sitenote_note":"","_monsterinsights_sitenote_category":0},"categories":[1],"tags":[],"aioseo_notices":[],"gutentor_comment":0,"rttpg_featured_image_url":{"full":["https:\/\/arantv.az\/wp-content\/uploads\/2023\/10\/Screenshot-2023-10-06-203533.jpg",620,413,false],"landscape":["https:\/\/arantv.az\/wp-content\/uploads\/2023\/10\/Screenshot-2023-10-06-203533.jpg",620,413,false],"portraits":["https:\/\/arantv.az\/wp-content\/uploads\/2023\/10\/Screenshot-2023-10-06-203533.jpg",620,413,false],"thumbnail":["https:\/\/arantv.az\/wp-content\/uploads\/2023\/10\/Screenshot-2023-10-06-203533-500x280.jpg",500,280,true],"medium":["https:\/\/arantv.az\/wp-content\/uploads\/2023\/10\/Screenshot-2023-10-06-203533-548x365.jpg",548,365,true],"large":["https:\/\/arantv.az\/wp-content\/uploads\/2023\/10\/Screenshot-2023-10-06-203533.jpg",620,413,false],"1536x1536":["https:\/\/arantv.az\/wp-content\/uploads\/2023\/10\/Screenshot-2023-10-06-203533.jpg",620,413,false],"2048x2048":["https:\/\/arantv.az\/wp-content\/uploads\/2023\/10\/Screenshot-2023-10-06-203533.jpg",620,413,false],"post-thumbnail":["https:\/\/arantv.az\/wp-content\/uploads\/2023\/10\/Screenshot-2023-10-06-203533-240x172.jpg",240,172,true],"advps-thumb-one":["https:\/\/arantv.az\/wp-content\/uploads\/2023\/10\/Screenshot-2023-10-06-203533.jpg",620,413,false]},"rttpg_author":{"display_name":"V\u00fcsal Rafiqo\u011flu","author_link":"https:\/\/arantv.az\/?author=2"},"rttpg_comment":0,"rttpg_category":"<a href=\"https:\/\/arantv.az\/?cat=1\" rel=\"category\">C\u0259miyy\u0259t<\/a>","rttpg_excerpt":"V\u0259t\u0259n m\u00fcharib\u0259si veteranlar\u0131 Mirr\u0259him \u018fhm\u0259dov, Bayram Osmanov v\u0259 Murad \u0130smay\u0131lzad\u0259 Baku TV-y\u0259 \u00f6z d\u00f6y\u00fc\u015f yollar\u0131ndan dan\u0131\u015f\u0131blar. M\u00fcharib\u0259d\u0259 q\u0259lp\u0259 yaralar\u0131 alan Mirr\u0259him \u018fhm\u0259dov qeyd edib ki, h\u0259min an q\u0259rib\u0259 bir \u015f\u0259kild\u0259 a\u011fr\u0131 hiss etm\u0259yib: \u201cDind\u0259 d\u0259 qeyd olunur ki, \u015f\u0259hidliy\u0259 ucalanlar, yaxud yaralananlar a\u011fr\u0131 hiss etmirl\u0259r. M\u0259n h\u0259qiq\u0259t\u0259n d\u0259 a\u011fr\u0131 hiss etm\u0259dim. Yaraland\u0131qdan sonra uzun m\u00fcdd\u0259t&hellip;","_links":{"self":[{"href":"https:\/\/arantv.az\/index.php?rest_route=\/wp\/v2\/posts\/642260"}],"collection":[{"href":"https:\/\/arantv.az\/index.php?rest_route=\/wp\/v2\/posts"}],"about":[{"href":"https:\/\/arantv.az\/index.php?rest_route=\/wp\/v2\/types\/post"}],"author":[{"embeddable":true,"href":"https:\/\/arantv.az\/index.php?rest_route=\/wp\/v2\/users\/2"}],"replies":[{"embeddable":true,"href":"https:\/\/arantv.az\/index.php?rest_route=%2Fwp%2Fv2%2Fcomments&post=642260"}],"version-history":[{"count":0,"href":"https:\/\/arantv.az\/index.php?rest_route=\/wp\/v2\/posts\/642260\/revisions"}],"wp:featuredmedia":[{"embeddable":true,"href":"https:\/\/arantv.az\/index.php?rest_route=\/wp\/v2\/media\/642264"}],"wp:attachment":[{"href":"https:\/\/arantv.az\/index.php?rest_route=%2Fwp%2Fv2%2Fmedia&parent=642260"}],"wp:term":[{"taxonomy":"category","embeddable":true,"href":"https:\/\/arantv.az\/index.php?rest_route=%2Fwp%2Fv2%2Fcategories&post=642260"},{"taxonomy":"post_tag","embeddable":true,"href":"https:\/\/arantv.az\/index.php?rest_route=%2Fwp%2Fv2%2Ftags&post=642260"}],"curies":[{"name":"wp","href":"https:\/\/api.w.org\/{rel}","templated":true}]}}