{"id":64239,"date":"2019-06-04T14:47:25","date_gmt":"2019-06-04T11:47:25","guid":{"rendered":"http:\/\/arantv.az\/?p=64239"},"modified":"2019-06-04T14:47:25","modified_gmt":"2019-06-04T11:47:25","slug":"arif-r%c9%99himzad%c9%99-kims%c9%99-g%c9%99lib-slaqbaum-qoyub-ki-buradan-avtomobil-getm%c9%99sin","status":"publish","type":"post","link":"https:\/\/arantv.az\/?p=64239","title":{"rendered":"Arif R\u0259himzad\u0259: Kims\u0259 g\u0259lib \u015flaqbaum qoyub ki, buradan avtomobil getm\u0259sin"},"content":{"rendered":"<p>Dayanacaqlar\u0131n \u0259sasnam\u0259si olmal\u0131d\u0131r.<\/p>\n<p><strong>ARANTV.AZ<\/strong>-\u0131n x\u0259b\u0259rin\u0259 g\u00f6r\u0259, bunu iyunun 4-d\u0259 Milli M\u0259clisin (MM) Regional m\u0259s\u0259l\u0259l\u0259r komit\u0259sinin n\u00f6vb\u0259ti iclas\u0131nda \u201cB\u0259l\u0259diyy\u0259l\u0259rin statusu haqq\u0131nda\u201d qanuna d\u0259yi\u015fiklik edilm\u0259si bar\u0259d\u0259 qanun layih\u0259sinin birinci oxunu\u015fda m\u00fczakir\u0259si zaman\u0131 komit\u0259 s\u0259dri Arif R\u0259himzad\u0259 s\u00f6yl\u0259yib.<\/p>\n<p>Komit\u0259 s\u0259dri deyib ki, haz\u0131rda t\u0259z\u0259 dayanacaqlar yarad\u0131l\u0131r.<\/p>\n<div id=\"AdviadNativeVideo0\" class=\"AdviadNativeVideo\"><\/div>\n<p>\u201cBak\u0131da, Nizami rayonu \u0259razisind\u0259, 8-ci km-d\u0259 Birinci vitse-prezidentin tap\u015f\u0131r\u0131\u011f\u0131 il\u0259 \u00e7ox g\u00f6z\u0259l park sal\u0131n\u0131b. Bu t\u0259\u015f\u0259bb\u00fcs t\u0259qdir edilm\u0259lidir. Amma kims\u0259 g\u0259lib orada \u015flaqbaum qoyub ki, buradan avtomobil getm\u0259sin. Bundan b\u0259l\u0259diyy\u0259l\u0259rin x\u0259b\u0259ri var?<\/p>\n<p>Y\u0259qin ki, orada ya\u015fayan \u0259halinin avtomobill\u0259ri varsa, kart almal\u0131d\u0131r. Tutaq ki, birinin a\u011f\u0131r y\u00fck\u00fc var, taksi il\u0259 g\u0259lm\u0259k ist\u0259yir, nec\u0259 olacaq? Yaxud t\u0259cili yard\u0131m ma\u015f\u0131n\u0131 laz\u0131m olsa, bu m\u0259s\u0259l\u0259 nec\u0259 t\u0259nziml\u0259n\u0259c\u0259k?<\/p>\n<p>\u00dcmumiyy\u0259tl\u0259, bu dayanacaqlar\u0131n bir \u018fsasnam\u0259si olmal\u0131d\u0131r\u201d, &#8211; dey\u0259 komit\u0259 s\u0259dri \u0259lav\u0259 edib.oxu.az<\/p>\n","protected":false},"excerpt":{"rendered":"<p>Dayanacaqlar\u0131n \u0259sasnam\u0259si olmal\u0131d\u0131r. ARANTV.AZ-\u0131n x\u0259b\u0259rin\u0259 g\u00f6r\u0259, bunu iyunun 4-d\u0259 Milli M\u0259clisin (MM) Regional m\u0259s\u0259l\u0259l\u0259r komit\u0259sinin n\u00f6vb\u0259ti iclas\u0131nda \u201cB\u0259l\u0259diyy\u0259l\u0259rin statusu haqq\u0131nda\u201d qanuna d\u0259yi\u015fiklik edilm\u0259si bar\u0259d\u0259 qanun layih\u0259sinin birinci oxunu\u015fda m\u00fczakir\u0259si zaman\u0131 komit\u0259 s\u0259dri Arif R\u0259himzad\u0259 s\u00f6yl\u0259yib. Komit\u0259 s\u0259dri deyib ki, haz\u0131rda t\u0259z\u0259 dayanacaqlar yarad\u0131l\u0131r. \u201cBak\u0131da, Nizami rayonu \u0259razisind\u0259, 8-ci km-d\u0259 Birinci vitse-prezidentin tap\u015f\u0131r\u0131\u011f\u0131 il\u0259 \u00e7ox g\u00f6z\u0259l park sal\u0131n\u0131b. Bu t\u0259\u015f\u0259bb\u00fcs t\u0259qdir edilm\u0259lidir. Amma kims\u0259 g\u0259lib orada \u015flaqbaum qoyub ki, buradan avtomobil getm\u0259sin. Bundan b\u0259l\u0259diyy\u0259l\u0259rin x\u0259b\u0259ri var? Y\u0259qin ki, orada ya\u015fayan \u0259halinin avtomobill\u0259ri varsa, kart almal\u0131d\u0131r. Tutaq ki, birinin a\u011f\u0131r y\u00fck\u00fc var,&hellip;<\/p>\n","protected":false},"author":2,"featured_media":64240,"comment_status":"closed","ping_status":"closed","sticky":false,"template":"","format":"standard","meta":{"om_disable_all_campaigns":false,"_monsterinsights_skip_tracking":false,"_monsterinsights_sitenote_active":false,"_monsterinsights_sitenote_note":"","_monsterinsights_sitenote_category":0},"categories":[1],"tags":[],"aioseo_notices":[],"gutentor_comment":0,"rttpg_featured_image_url":{"full":["https:\/\/arantv.az\/wp-content\/uploads\/2019\/06\/arif.jpg",549,345,false],"landscape":["https:\/\/arantv.az\/wp-content\/uploads\/2019\/06\/arif.jpg",549,345,false],"portraits":["https:\/\/arantv.az\/wp-content\/uploads\/2019\/06\/arif.jpg",549,345,false],"thumbnail":["https:\/\/arantv.az\/wp-content\/uploads\/2019\/06\/arif-150x150.jpg",150,150,true],"medium":["https:\/\/arantv.az\/wp-content\/uploads\/2019\/06\/arif-300x189.jpg",300,189,true],"large":["https:\/\/arantv.az\/wp-content\/uploads\/2019\/06\/arif.jpg",549,345,false],"1536x1536":["https:\/\/arantv.az\/wp-content\/uploads\/2019\/06\/arif.jpg",549,345,false],"2048x2048":["https:\/\/arantv.az\/wp-content\/uploads\/2019\/06\/arif.jpg",549,345,false],"post-thumbnail":["https:\/\/arantv.az\/wp-content\/uploads\/2019\/06\/arif-240x172.jpg",240,172,true],"advps-thumb-one":["https:\/\/arantv.az\/wp-content\/uploads\/2019\/06\/arif.jpg",549,345,false]},"rttpg_author":{"display_name":"V\u00fcsal Rafiqo\u011flu","author_link":"https:\/\/arantv.az\/?author=2"},"rttpg_comment":0,"rttpg_category":"<a href=\"https:\/\/arantv.az\/?cat=1\" rel=\"category\">C\u0259miyy\u0259t<\/a>","rttpg_excerpt":"Dayanacaqlar\u0131n \u0259sasnam\u0259si olmal\u0131d\u0131r. ARANTV.AZ-\u0131n x\u0259b\u0259rin\u0259 g\u00f6r\u0259, bunu iyunun 4-d\u0259 Milli M\u0259clisin (MM) Regional m\u0259s\u0259l\u0259l\u0259r komit\u0259sinin n\u00f6vb\u0259ti iclas\u0131nda \u201cB\u0259l\u0259diyy\u0259l\u0259rin statusu haqq\u0131nda\u201d qanuna d\u0259yi\u015fiklik edilm\u0259si bar\u0259d\u0259 qanun layih\u0259sinin birinci oxunu\u015fda m\u00fczakir\u0259si zaman\u0131 komit\u0259 s\u0259dri Arif R\u0259himzad\u0259 s\u00f6yl\u0259yib. Komit\u0259 s\u0259dri deyib ki, haz\u0131rda t\u0259z\u0259 dayanacaqlar yarad\u0131l\u0131r. \u201cBak\u0131da, Nizami rayonu \u0259razisind\u0259, 8-ci km-d\u0259 Birinci vitse-prezidentin tap\u015f\u0131r\u0131\u011f\u0131 il\u0259 \u00e7ox g\u00f6z\u0259l&hellip;","_links":{"self":[{"href":"https:\/\/arantv.az\/index.php?rest_route=\/wp\/v2\/posts\/64239"}],"collection":[{"href":"https:\/\/arantv.az\/index.php?rest_route=\/wp\/v2\/posts"}],"about":[{"href":"https:\/\/arantv.az\/index.php?rest_route=\/wp\/v2\/types\/post"}],"author":[{"embeddable":true,"href":"https:\/\/arantv.az\/index.php?rest_route=\/wp\/v2\/users\/2"}],"replies":[{"embeddable":true,"href":"https:\/\/arantv.az\/index.php?rest_route=%2Fwp%2Fv2%2Fcomments&post=64239"}],"version-history":[{"count":0,"href":"https:\/\/arantv.az\/index.php?rest_route=\/wp\/v2\/posts\/64239\/revisions"}],"wp:featuredmedia":[{"embeddable":true,"href":"https:\/\/arantv.az\/index.php?rest_route=\/wp\/v2\/media\/64240"}],"wp:attachment":[{"href":"https:\/\/arantv.az\/index.php?rest_route=%2Fwp%2Fv2%2Fmedia&parent=64239"}],"wp:term":[{"taxonomy":"category","embeddable":true,"href":"https:\/\/arantv.az\/index.php?rest_route=%2Fwp%2Fv2%2Fcategories&post=64239"},{"taxonomy":"post_tag","embeddable":true,"href":"https:\/\/arantv.az\/index.php?rest_route=%2Fwp%2Fv2%2Ftags&post=64239"}],"curies":[{"name":"wp","href":"https:\/\/api.w.org\/{rel}","templated":true}]}}