{"id":64242,"date":"2019-06-04T15:19:46","date_gmt":"2019-06-04T12:19:46","guid":{"rendered":"http:\/\/arantv.az\/?p=64242"},"modified":"2019-06-04T15:19:46","modified_gmt":"2019-06-04T12:19:46","slug":"bu-olk%c9%99d%c9%99-intiharlarin-qarsisini-almaq-ucun-nazirlik-yaradilmasi-t%c9%99klif-olunur","status":"publish","type":"post","link":"https:\/\/arantv.az\/?p=64242","title":{"rendered":"Bu \u00f6lk\u0259d\u0259 intiharlar\u0131n qar\u015f\u0131s\u0131n\u0131 almaq \u00fc\u00e7\u00fcn nazirlik yarad\u0131lmas\u0131 t\u0259klif olunur"},"content":{"rendered":"<p><strong>Avstraliyada intiharlar\u0131n qar\u015f\u0131s\u0131n\u0131n al\u0131nmas\u0131 il\u0259 m\u0259\u015f\u011ful olacaq nazirliyin yarad\u0131lmas\u0131 t\u0259klif olunur.<\/strong><\/p>\n<p><strong>ARANTV.AZ<\/strong> trend-\u0259 istinad\u0259n x\u0259b\u0259r verir ki, t\u0259\u015f\u0259bb\u00fcsl\u0259 \u00f6lk\u0259nin \u0130ntiharlar\u0131n Qar\u015f\u0131s\u0131n\u0131n Al\u0131nmas\u0131 \u00fczr\u0259 T\u0259\u015fkilat\u0131 \u00e7\u0131x\u0131\u015f edib.<\/p>\n<p>Qeyd olunur ki, 2017-ci ild\u0259 Avstraliyada 3128 intihar qeyd\u0259 al\u0131n\u0131b. Bu g\u00f6st\u0259rici 2016-c\u0131 ill\u0259 m\u00fcqayis\u0259d\u0259 9 faiz \u00e7ox olub.<\/p>\n<p>Statistikaya \u0259sas\u0259n intihar s\u0259viyy\u0259si aborigen avstraliyal\u0131lar aras\u0131nda iki d\u0259f\u0259 \u00e7oxdur.<\/p>\n","protected":false},"excerpt":{"rendered":"<p>Avstraliyada intiharlar\u0131n qar\u015f\u0131s\u0131n\u0131n al\u0131nmas\u0131 il\u0259 m\u0259\u015f\u011ful olacaq nazirliyin yarad\u0131lmas\u0131 t\u0259klif olunur. ARANTV.AZ trend-\u0259 istinad\u0259n x\u0259b\u0259r verir ki, t\u0259\u015f\u0259bb\u00fcsl\u0259 \u00f6lk\u0259nin \u0130ntiharlar\u0131n Qar\u015f\u0131s\u0131n\u0131n Al\u0131nmas\u0131 \u00fczr\u0259 T\u0259\u015fkilat\u0131 \u00e7\u0131x\u0131\u015f edib. Qeyd olunur ki, 2017-ci ild\u0259 Avstraliyada 3128 intihar qeyd\u0259 al\u0131n\u0131b. Bu g\u00f6st\u0259rici 2016-c\u0131 ill\u0259 m\u00fcqayis\u0259d\u0259 9 faiz \u00e7ox olub. Statistikaya \u0259sas\u0259n intihar s\u0259viyy\u0259si aborigen avstraliyal\u0131lar aras\u0131nda iki d\u0259f\u0259 \u00e7oxdur.<\/p>\n","protected":false},"author":2,"featured_media":64243,"comment_status":"closed","ping_status":"closed","sticky":false,"template":"","format":"standard","meta":{"om_disable_all_campaigns":false,"_monsterinsights_skip_tracking":false,"_monsterinsights_sitenote_active":false,"_monsterinsights_sitenote_note":"","_monsterinsights_sitenote_category":0},"categories":[7],"tags":[],"aioseo_notices":[],"gutentor_comment":0,"rttpg_featured_image_url":{"full":["https:\/\/arantv.az\/wp-content\/uploads\/2019\/06\/760343.jpg",800,600,false],"landscape":["https:\/\/arantv.az\/wp-content\/uploads\/2019\/06\/760343.jpg",800,600,false],"portraits":["https:\/\/arantv.az\/wp-content\/uploads\/2019\/06\/760343.jpg",800,600,false],"thumbnail":["https:\/\/arantv.az\/wp-content\/uploads\/2019\/06\/760343-150x150.jpg",150,150,true],"medium":["https:\/\/arantv.az\/wp-content\/uploads\/2019\/06\/760343-300x225.jpg",300,225,true],"large":["https:\/\/arantv.az\/wp-content\/uploads\/2019\/06\/760343.jpg",640,480,false],"1536x1536":["https:\/\/arantv.az\/wp-content\/uploads\/2019\/06\/760343.jpg",800,600,false],"2048x2048":["https:\/\/arantv.az\/wp-content\/uploads\/2019\/06\/760343.jpg",800,600,false],"post-thumbnail":["https:\/\/arantv.az\/wp-content\/uploads\/2019\/06\/760343-240x172.jpg",240,172,true],"advps-thumb-one":["https:\/\/arantv.az\/wp-content\/uploads\/2019\/06\/760343.jpg",800,600,false]},"rttpg_author":{"display_name":"V\u00fcsal Rafiqo\u011flu","author_link":"https:\/\/arantv.az\/?author=2"},"rttpg_comment":0,"rttpg_category":"<a href=\"https:\/\/arantv.az\/?cat=7\" rel=\"category\">D\u00fcnya<\/a>","rttpg_excerpt":"Avstraliyada intiharlar\u0131n qar\u015f\u0131s\u0131n\u0131n al\u0131nmas\u0131 il\u0259 m\u0259\u015f\u011ful olacaq nazirliyin yarad\u0131lmas\u0131 t\u0259klif olunur. ARANTV.AZ trend-\u0259 istinad\u0259n x\u0259b\u0259r verir ki, t\u0259\u015f\u0259bb\u00fcsl\u0259 \u00f6lk\u0259nin \u0130ntiharlar\u0131n Qar\u015f\u0131s\u0131n\u0131n Al\u0131nmas\u0131 \u00fczr\u0259 T\u0259\u015fkilat\u0131 \u00e7\u0131x\u0131\u015f edib. Qeyd olunur ki, 2017-ci ild\u0259 Avstraliyada 3128 intihar qeyd\u0259 al\u0131n\u0131b. Bu g\u00f6st\u0259rici 2016-c\u0131 ill\u0259 m\u00fcqayis\u0259d\u0259 9 faiz \u00e7ox olub. Statistikaya \u0259sas\u0259n intihar s\u0259viyy\u0259si aborigen avstraliyal\u0131lar aras\u0131nda iki d\u0259f\u0259 \u00e7oxdur.","_links":{"self":[{"href":"https:\/\/arantv.az\/index.php?rest_route=\/wp\/v2\/posts\/64242"}],"collection":[{"href":"https:\/\/arantv.az\/index.php?rest_route=\/wp\/v2\/posts"}],"about":[{"href":"https:\/\/arantv.az\/index.php?rest_route=\/wp\/v2\/types\/post"}],"author":[{"embeddable":true,"href":"https:\/\/arantv.az\/index.php?rest_route=\/wp\/v2\/users\/2"}],"replies":[{"embeddable":true,"href":"https:\/\/arantv.az\/index.php?rest_route=%2Fwp%2Fv2%2Fcomments&post=64242"}],"version-history":[{"count":0,"href":"https:\/\/arantv.az\/index.php?rest_route=\/wp\/v2\/posts\/64242\/revisions"}],"wp:featuredmedia":[{"embeddable":true,"href":"https:\/\/arantv.az\/index.php?rest_route=\/wp\/v2\/media\/64243"}],"wp:attachment":[{"href":"https:\/\/arantv.az\/index.php?rest_route=%2Fwp%2Fv2%2Fmedia&parent=64242"}],"wp:term":[{"taxonomy":"category","embeddable":true,"href":"https:\/\/arantv.az\/index.php?rest_route=%2Fwp%2Fv2%2Fcategories&post=64242"},{"taxonomy":"post_tag","embeddable":true,"href":"https:\/\/arantv.az\/index.php?rest_route=%2Fwp%2Fv2%2Ftags&post=64242"}],"curies":[{"name":"wp","href":"https:\/\/api.w.org\/{rel}","templated":true}]}}