{"id":64245,"date":"2019-06-04T15:21:15","date_gmt":"2019-06-04T12:21:15","guid":{"rendered":"http:\/\/arantv.az\/?p=64245"},"modified":"2019-06-04T15:21:15","modified_gmt":"2019-06-04T12:21:15","slug":"f%c9%99zail-ibrahimli-kim-yeyib-dagidibsa-cani-cixsin-od%c9%99sin","status":"publish","type":"post","link":"https:\/\/arantv.az\/?p=64245","title":{"rendered":"F\u0259zail \u0130brahimli: Kim yeyib da\u011f\u0131d\u0131bsa, can\u0131 \u00e7\u0131xs\u0131n, \u00f6d\u0259sin"},"content":{"rendered":"<p>M\u0259n \u201cborclar\u0131n silinm\u0259si\u201d s\u00f6z\u00fcn\u00fc ba\u015fa d\u00fc\u015fm\u00fcr\u0259m. Kim yeyib, kim da\u011f\u0131d\u0131bsa, can\u0131 \u00e7\u0131xs\u0131n, g\u0259lsin, cavab\u0131n\u0131 versin, \u00f6d\u0259sin.<\/p>\n<p><strong>ARANTV.AZ\u00a0<\/strong>\u00a0x\u0259b\u0259r verir ki, bunu mill\u0259t v\u0259kili F\u0259zail \u0130brahimli parlamentin komit\u0259 iclas\u0131nda bildirib.<\/p>\n<div id=\"AdviadNativeVideo0\" class=\"AdviadNativeVideo\"><\/div>\n<p>\u201cBurada deyildi ki, borclar silinm\u0259lidir. Ay qarda\u015f, bu n\u0259dir?\u201d, &#8211; dey\u0259n mill\u0259t v\u0259kili bu m\u0259s\u0259l\u0259nin anla\u015f\u0131lmaz oldu\u011funu v\u0259 qaranl\u0131q m\u0259qamlardan x\u0259b\u0259r verdiyini bildirib.<\/p>\n<p>\u201cKim b\u0259l\u0259diyy\u0259ni yeyib, da\u011f\u0131d\u0131bsa, g\u0259lsin, can\u0131 \u00e7\u0131xs\u0131n, \u00f6d\u0259sin. Onu ed\u0259nl\u0259ri \u201c\u0130nterpol\u201dla da axtar\u0131b, tapmaq m\u00fcmk\u00fcn deyil?! M\u0259n, vallah, bu \u201csilinm\u0259k, silinm\u0259lidir\u201d s\u00f6z\u00fcn\u00fc h\u0259l\u0259 d\u0259 anlaya bilmir\u0259m. Yeyirl\u0259r, da\u011f\u0131d\u0131rlar, gedirl\u0259r, sonra da c\u0259zas\u0131n\u0131 yeni b\u0259l\u0259diyy\u0259 \u00fczvl\u0259ri \u00e7\u0259kir. Bunu y\u0131\u011f\u0131\u015fd\u0131rmaq laz\u0131md\u0131r. Yemis\u0259n, can\u0131n \u00e7\u0131xs\u0131n, g\u0259l, \u00f6d\u0259\u201d, &#8211; dey\u0259 mill\u0259t v\u0259kili \u0259lav\u0259 edib.oxu.az<\/p>\n","protected":false},"excerpt":{"rendered":"<p>M\u0259n \u201cborclar\u0131n silinm\u0259si\u201d s\u00f6z\u00fcn\u00fc ba\u015fa d\u00fc\u015fm\u00fcr\u0259m. Kim yeyib, kim da\u011f\u0131d\u0131bsa, can\u0131 \u00e7\u0131xs\u0131n, g\u0259lsin, cavab\u0131n\u0131 versin, \u00f6d\u0259sin. ARANTV.AZ\u00a0\u00a0x\u0259b\u0259r verir ki, bunu mill\u0259t v\u0259kili F\u0259zail \u0130brahimli parlamentin komit\u0259 iclas\u0131nda bildirib. \u201cBurada deyildi ki, borclar silinm\u0259lidir. Ay qarda\u015f, bu n\u0259dir?\u201d, &#8211; dey\u0259n mill\u0259t v\u0259kili bu m\u0259s\u0259l\u0259nin anla\u015f\u0131lmaz oldu\u011funu v\u0259 qaranl\u0131q m\u0259qamlardan x\u0259b\u0259r verdiyini bildirib. \u201cKim b\u0259l\u0259diyy\u0259ni yeyib, da\u011f\u0131d\u0131bsa, g\u0259lsin, can\u0131 \u00e7\u0131xs\u0131n, \u00f6d\u0259sin. Onu ed\u0259nl\u0259ri \u201c\u0130nterpol\u201dla da axtar\u0131b, tapmaq m\u00fcmk\u00fcn deyil?! M\u0259n, vallah, bu \u201csilinm\u0259k, silinm\u0259lidir\u201d s\u00f6z\u00fcn\u00fc h\u0259l\u0259 d\u0259 anlaya bilmir\u0259m. Yeyirl\u0259r, da\u011f\u0131d\u0131rlar, gedirl\u0259r, sonra da c\u0259zas\u0131n\u0131 yeni b\u0259l\u0259diyy\u0259 \u00fczvl\u0259ri \u00e7\u0259kir. Bunu y\u0131\u011f\u0131\u015fd\u0131rmaq laz\u0131md\u0131r.&hellip;<\/p>\n","protected":false},"author":2,"featured_media":64246,"comment_status":"closed","ping_status":"closed","sticky":false,"template":"","format":"standard","meta":{"om_disable_all_campaigns":false,"_monsterinsights_skip_tracking":false,"_monsterinsights_sitenote_active":false,"_monsterinsights_sitenote_note":"","_monsterinsights_sitenote_category":0},"categories":[19],"tags":[],"aioseo_notices":[],"gutentor_comment":0,"rttpg_featured_image_url":{"full":["https:\/\/arantv.az\/wp-content\/uploads\/2019\/06\/fezail_ibrahimli-649x445.jpg",620,425,false],"landscape":["https:\/\/arantv.az\/wp-content\/uploads\/2019\/06\/fezail_ibrahimli-649x445.jpg",620,425,false],"portraits":["https:\/\/arantv.az\/wp-content\/uploads\/2019\/06\/fezail_ibrahimli-649x445.jpg",620,425,false],"thumbnail":["https:\/\/arantv.az\/wp-content\/uploads\/2019\/06\/fezail_ibrahimli-649x445-150x150.jpg",150,150,true],"medium":["https:\/\/arantv.az\/wp-content\/uploads\/2019\/06\/fezail_ibrahimli-649x445-300x206.jpg",300,206,true],"large":["https:\/\/arantv.az\/wp-content\/uploads\/2019\/06\/fezail_ibrahimli-649x445.jpg",620,425,false],"1536x1536":["https:\/\/arantv.az\/wp-content\/uploads\/2019\/06\/fezail_ibrahimli-649x445.jpg",620,425,false],"2048x2048":["https:\/\/arantv.az\/wp-content\/uploads\/2019\/06\/fezail_ibrahimli-649x445.jpg",620,425,false],"post-thumbnail":["https:\/\/arantv.az\/wp-content\/uploads\/2019\/06\/fezail_ibrahimli-649x445-240x172.jpg",240,172,true],"advps-thumb-one":["https:\/\/arantv.az\/wp-content\/uploads\/2019\/06\/fezail_ibrahimli-649x445.jpg",620,425,false]},"rttpg_author":{"display_name":"V\u00fcsal Rafiqo\u011flu","author_link":"https:\/\/arantv.az\/?author=2"},"rttpg_comment":0,"rttpg_category":"<a href=\"https:\/\/arantv.az\/?cat=19\" rel=\"category\">G\u00fcnd\u0259m<\/a>","rttpg_excerpt":"M\u0259n \u201cborclar\u0131n silinm\u0259si\u201d s\u00f6z\u00fcn\u00fc ba\u015fa d\u00fc\u015fm\u00fcr\u0259m. Kim yeyib, kim da\u011f\u0131d\u0131bsa, can\u0131 \u00e7\u0131xs\u0131n, g\u0259lsin, cavab\u0131n\u0131 versin, \u00f6d\u0259sin. ARANTV.AZ\u00a0\u00a0x\u0259b\u0259r verir ki, bunu mill\u0259t v\u0259kili F\u0259zail \u0130brahimli parlamentin komit\u0259 iclas\u0131nda bildirib. \u201cBurada deyildi ki, borclar silinm\u0259lidir. Ay qarda\u015f, bu n\u0259dir?\u201d, &#8211; dey\u0259n mill\u0259t v\u0259kili bu m\u0259s\u0259l\u0259nin anla\u015f\u0131lmaz oldu\u011funu v\u0259 qaranl\u0131q m\u0259qamlardan x\u0259b\u0259r verdiyini bildirib. \u201cKim b\u0259l\u0259diyy\u0259ni yeyib, da\u011f\u0131d\u0131bsa,&hellip;","_links":{"self":[{"href":"https:\/\/arantv.az\/index.php?rest_route=\/wp\/v2\/posts\/64245"}],"collection":[{"href":"https:\/\/arantv.az\/index.php?rest_route=\/wp\/v2\/posts"}],"about":[{"href":"https:\/\/arantv.az\/index.php?rest_route=\/wp\/v2\/types\/post"}],"author":[{"embeddable":true,"href":"https:\/\/arantv.az\/index.php?rest_route=\/wp\/v2\/users\/2"}],"replies":[{"embeddable":true,"href":"https:\/\/arantv.az\/index.php?rest_route=%2Fwp%2Fv2%2Fcomments&post=64245"}],"version-history":[{"count":0,"href":"https:\/\/arantv.az\/index.php?rest_route=\/wp\/v2\/posts\/64245\/revisions"}],"wp:featuredmedia":[{"embeddable":true,"href":"https:\/\/arantv.az\/index.php?rest_route=\/wp\/v2\/media\/64246"}],"wp:attachment":[{"href":"https:\/\/arantv.az\/index.php?rest_route=%2Fwp%2Fv2%2Fmedia&parent=64245"}],"wp:term":[{"taxonomy":"category","embeddable":true,"href":"https:\/\/arantv.az\/index.php?rest_route=%2Fwp%2Fv2%2Fcategories&post=64245"},{"taxonomy":"post_tag","embeddable":true,"href":"https:\/\/arantv.az\/index.php?rest_route=%2Fwp%2Fv2%2Ftags&post=64245"}],"curies":[{"name":"wp","href":"https:\/\/api.w.org\/{rel}","templated":true}]}}