{"id":64251,"date":"2019-06-04T15:28:58","date_gmt":"2019-06-04T12:28:58","guid":{"rendered":"http:\/\/arantv.az\/?p=64251"},"modified":"2019-06-04T15:28:58","modified_gmt":"2019-06-04T12:28:58","slug":"fitr%c9%99-z%c9%99kati-n%c9%99-vaxt-verilm%c9%99lidir-ilahiyyatci-aciqladi","status":"publish","type":"post","link":"https:\/\/arantv.az\/?p=64251","title":{"rendered":"Fitr\u0259 z\u0259kat\u0131 n\u0259 vaxt verilm\u0259lidir? &#8211; \u0130lahiyyat\u00e7\u0131 a\u00e7\u0131qlad\u0131"},"content":{"rendered":"<p>Ramazanda h\u0259r bir m\u00fcs\u0259lman\u0131n boynuna d\u00fc\u015f\u0259n vacib \u0259m\u0259ll\u0259rd\u0259n biri, fitr\u0259 z\u0259kat\u0131 il\u0259 ba\u011fl\u0131d\u0131r. Fitr\u0259 z\u0259kat\u0131n\u0131 kiml\u0259r\u0259 verm\u0259k la\u0131zmd\u0131r?<\/p>\n<p>Hac\u0131 Surxay M\u0259mm\u0259dli Redaktor.az-a a\u00e7\u0131qlamas\u0131nda bildirib ki, fitr\u0259 z\u0259kat\u0131 ehtiyac\u0131 olan insanlara verilm\u0259lidir:<\/p>\n<p>&#8220;Bu g\u00fcn bayram ax\u015fam\u0131, y\u0259ni Ramazan ay\u0131n\u0131n bitdiyi g\u00fcnd\u00fcr. Ramazan ay\u0131 bit\u0259nd\u0259n sonra \u015e\u0259vval ay\u0131n\u0131n 1-i Fitr bayram\u0131 hesab olunur. Bu g\u00fcn n\u0259fsl\u0259 m\u00fcbariz\u0259nin 1 ay\u0131 qeyd edilir. Maddi durumu yax\u015f\u0131 olmayan insanlara fitr\u0259 z\u0259kat\u0131n\u0131n verilm\u0259si m\u0259qs\u0259d\u0259uy\u011fundur. Fitr\u0259 z\u0259kat\u0131 ail\u0259 \u00fczvl\u0259rinin h\u0259r birinin ad\u0131ndan 3 kiloqram arpa, bu\u011fda, xurma, ki\u015fmi\u015f, d\u00fcy\u00fc v\u0259 s. \u0259rzaq n\u00f6vl\u0259rind\u0259n verilir. Pulla \u0259v\u0259z etm\u0259k ist\u0259y\u0259nl\u0259r is\u0259 minimum 5 manat m\u0259bl\u0259\u011find\u0259 z\u0259kat ver\u0259 bil\u0259r. Fitr\u0259 z\u0259kat\u0131n\u0131n iyunun 4-d\u0259 ax\u015fam saatlar\u0131ndan iyunun 5-d\u0259k, saat 08:00 v\u0259 ya 09:00-a rad\u0259l\u0259rin\u0259 q\u0259d\u0259r \u00e7\u0131xar\u0131lmas\u0131 vacibdir. Fitr\u0259 z\u0259kat\u0131ndan ba\u015fqa, Ramazanda payla\u015fma anlay\u0131\u015f\u0131 var. K\u00fcs\u00fcl\u00fc \u015f\u0259xsl\u0259rin bar\u0131\u015fmas\u0131, ehtiyac\u0131 olan\u0131n yan\u0131nda olmaq v\u0259 r\u0259hm\u0259t\u0259 ged\u0259nl\u0259rin q\u0259brini ziyar\u0259t etm\u0259k t\u0259qdir\u0259layiq hald\u0131r&#8221;.<\/p>\n<p>\u0130lahiyyat\u00e7\u0131 bildirib ki, fitr\u0259 z\u0259kat\u0131n\u0131n verilm\u0259sind\u0259 ya\u015f m\u0259hdudiyy\u0259ti yoxdur. \u0130st\u0259nil\u0259n \u015f\u0259xs fitr\u0259 z\u0259kat\u0131 ver\u0259 bil\u0259r. Bu z\u0259kat\u0131 verm\u0259k is\u0259 \u00fcz\u0259rimiz\u0259 d\u00fc\u015f\u0259n v\u0259zif\u0259dir.<\/p>\n","protected":false},"excerpt":{"rendered":"<p>Ramazanda h\u0259r bir m\u00fcs\u0259lman\u0131n boynuna d\u00fc\u015f\u0259n vacib \u0259m\u0259ll\u0259rd\u0259n biri, fitr\u0259 z\u0259kat\u0131 il\u0259 ba\u011fl\u0131d\u0131r. Fitr\u0259 z\u0259kat\u0131n\u0131 kiml\u0259r\u0259 verm\u0259k la\u0131zmd\u0131r? Hac\u0131 Surxay M\u0259mm\u0259dli Redaktor.az-a a\u00e7\u0131qlamas\u0131nda bildirib ki, fitr\u0259 z\u0259kat\u0131 ehtiyac\u0131 olan insanlara verilm\u0259lidir: &#8220;Bu g\u00fcn bayram ax\u015fam\u0131, y\u0259ni Ramazan ay\u0131n\u0131n bitdiyi g\u00fcnd\u00fcr. Ramazan ay\u0131 bit\u0259nd\u0259n sonra \u015e\u0259vval ay\u0131n\u0131n 1-i Fitr bayram\u0131 hesab olunur. Bu g\u00fcn n\u0259fsl\u0259 m\u00fcbariz\u0259nin 1 ay\u0131 qeyd edilir. Maddi durumu yax\u015f\u0131 olmayan insanlara fitr\u0259 z\u0259kat\u0131n\u0131n verilm\u0259si m\u0259qs\u0259d\u0259uy\u011fundur. Fitr\u0259 z\u0259kat\u0131 ail\u0259 \u00fczvl\u0259rinin h\u0259r birinin ad\u0131ndan 3 kiloqram arpa, bu\u011fda, xurma, ki\u015fmi\u015f, d\u00fcy\u00fc v\u0259 s. \u0259rzaq n\u00f6vl\u0259rind\u0259n verilir. Pulla \u0259v\u0259z etm\u0259k&hellip;<\/p>\n","protected":false},"author":2,"featured_media":64252,"comment_status":"closed","ping_status":"closed","sticky":false,"template":"","format":"standard","meta":{"om_disable_all_campaigns":false,"_monsterinsights_skip_tracking":false,"_monsterinsights_sitenote_active":false,"_monsterinsights_sitenote_note":"","_monsterinsights_sitenote_category":0},"categories":[1],"tags":[],"aioseo_notices":[],"gutentor_comment":0,"rttpg_featured_image_url":{"full":["https:\/\/arantv.az\/wp-content\/uploads\/2019\/06\/1559650073_1559649637_ghnhf.jpg",550,463,false],"landscape":["https:\/\/arantv.az\/wp-content\/uploads\/2019\/06\/1559650073_1559649637_ghnhf.jpg",550,463,false],"portraits":["https:\/\/arantv.az\/wp-content\/uploads\/2019\/06\/1559650073_1559649637_ghnhf.jpg",550,463,false],"thumbnail":["https:\/\/arantv.az\/wp-content\/uploads\/2019\/06\/1559650073_1559649637_ghnhf-150x150.jpg",150,150,true],"medium":["https:\/\/arantv.az\/wp-content\/uploads\/2019\/06\/1559650073_1559649637_ghnhf-300x253.jpg",300,253,true],"large":["https:\/\/arantv.az\/wp-content\/uploads\/2019\/06\/1559650073_1559649637_ghnhf.jpg",550,463,false],"1536x1536":["https:\/\/arantv.az\/wp-content\/uploads\/2019\/06\/1559650073_1559649637_ghnhf.jpg",550,463,false],"2048x2048":["https:\/\/arantv.az\/wp-content\/uploads\/2019\/06\/1559650073_1559649637_ghnhf.jpg",550,463,false],"post-thumbnail":["https:\/\/arantv.az\/wp-content\/uploads\/2019\/06\/1559650073_1559649637_ghnhf-240x172.jpg",240,172,true],"advps-thumb-one":["https:\/\/arantv.az\/wp-content\/uploads\/2019\/06\/1559650073_1559649637_ghnhf.jpg",550,463,false]},"rttpg_author":{"display_name":"V\u00fcsal Rafiqo\u011flu","author_link":"https:\/\/arantv.az\/?author=2"},"rttpg_comment":0,"rttpg_category":"<a href=\"https:\/\/arantv.az\/?cat=1\" rel=\"category\">C\u0259miyy\u0259t<\/a>","rttpg_excerpt":"Ramazanda h\u0259r bir m\u00fcs\u0259lman\u0131n boynuna d\u00fc\u015f\u0259n vacib \u0259m\u0259ll\u0259rd\u0259n biri, fitr\u0259 z\u0259kat\u0131 il\u0259 ba\u011fl\u0131d\u0131r. Fitr\u0259 z\u0259kat\u0131n\u0131 kiml\u0259r\u0259 verm\u0259k la\u0131zmd\u0131r? Hac\u0131 Surxay M\u0259mm\u0259dli Redaktor.az-a a\u00e7\u0131qlamas\u0131nda bildirib ki, fitr\u0259 z\u0259kat\u0131 ehtiyac\u0131 olan insanlara verilm\u0259lidir: &#8220;Bu g\u00fcn bayram ax\u015fam\u0131, y\u0259ni Ramazan ay\u0131n\u0131n bitdiyi g\u00fcnd\u00fcr. Ramazan ay\u0131 bit\u0259nd\u0259n sonra \u015e\u0259vval ay\u0131n\u0131n 1-i Fitr bayram\u0131 hesab olunur. Bu g\u00fcn n\u0259fsl\u0259 m\u00fcbariz\u0259nin&hellip;","_links":{"self":[{"href":"https:\/\/arantv.az\/index.php?rest_route=\/wp\/v2\/posts\/64251"}],"collection":[{"href":"https:\/\/arantv.az\/index.php?rest_route=\/wp\/v2\/posts"}],"about":[{"href":"https:\/\/arantv.az\/index.php?rest_route=\/wp\/v2\/types\/post"}],"author":[{"embeddable":true,"href":"https:\/\/arantv.az\/index.php?rest_route=\/wp\/v2\/users\/2"}],"replies":[{"embeddable":true,"href":"https:\/\/arantv.az\/index.php?rest_route=%2Fwp%2Fv2%2Fcomments&post=64251"}],"version-history":[{"count":0,"href":"https:\/\/arantv.az\/index.php?rest_route=\/wp\/v2\/posts\/64251\/revisions"}],"wp:featuredmedia":[{"embeddable":true,"href":"https:\/\/arantv.az\/index.php?rest_route=\/wp\/v2\/media\/64252"}],"wp:attachment":[{"href":"https:\/\/arantv.az\/index.php?rest_route=%2Fwp%2Fv2%2Fmedia&parent=64251"}],"wp:term":[{"taxonomy":"category","embeddable":true,"href":"https:\/\/arantv.az\/index.php?rest_route=%2Fwp%2Fv2%2Fcategories&post=64251"},{"taxonomy":"post_tag","embeddable":true,"href":"https:\/\/arantv.az\/index.php?rest_route=%2Fwp%2Fv2%2Ftags&post=64251"}],"curies":[{"name":"wp","href":"https:\/\/api.w.org\/{rel}","templated":true}]}}