{"id":64263,"date":"2019-06-04T15:57:41","date_gmt":"2019-06-04T12:57:41","guid":{"rendered":"http:\/\/arantv.az\/?p=64263"},"modified":"2019-06-04T15:57:41","modified_gmt":"2019-06-04T12:57:41","slug":"rusiyada-az%c9%99rbaycanli-g%c9%99nc-qiz-qacirdigina-gor%c9%99-axtarisa-verilib","status":"publish","type":"post","link":"https:\/\/arantv.az\/?p=64263","title":{"rendered":"Rusiyada az\u0259rbaycanl\u0131 g\u0259nc q\u0131z qa\u00e7\u0131rd\u0131\u011f\u0131na g\u00f6r\u0259 axtar\u0131\u015fa verilib"},"content":{"rendered":"<p><strong>Rusiyada ya\u015fayan az\u0259rbaycanl\u0131 q\u0131z qa\u00e7\u0131rd\u0131\u011f\u0131na g\u00f6r\u0259 axtar\u0131\u015fa verilib.<\/strong><\/p>\n<p><strong>ARANTV.AZ\u00a0<\/strong> virtualaz-a istinad\u0259n x\u0259b\u0259r verir ki, Sankt-Peterburq \u015f\u0259h\u0259rinin yax\u0131nl\u0131\u011f\u0131nda ya\u015fayan bir qad\u0131n polis\u0259 m\u00fcraci\u0259t ed\u0259r\u0259k nam\u0259lum \u015f\u0259xsin q\u0131z\u0131n\u0131 d\u00f6yd\u00fcy\u00fcn\u00fc, sonra da zorla qa\u00e7\u0131rd\u0131\u011f\u0131n\u0131 bildirib.<\/p>\n<p>\u0130yirmi bir ya\u015fl\u0131 q\u0131z\u0131n \u015f\u0259h\u0259r istiqam\u0259tin\u0259 apar\u0131ld\u0131\u011f\u0131 avtomobilin 25 ya\u015fl\u0131 Az\u0259rbaycan v\u0259t\u0259nda\u015f\u0131 Orxan \u015eakur o\u011flu Yusifliy\u0259 m\u0259xsus oldu\u011fu m\u00fc\u0259yy\u0259nl\u0259\u015fdirilib.<\/p>\n<p>Polis \u0259m\u0259liyyat-axtar\u0131\u015f t\u0259dbirl\u0259rini davam etdirir.<\/p>\n","protected":false},"excerpt":{"rendered":"<p>Rusiyada ya\u015fayan az\u0259rbaycanl\u0131 q\u0131z qa\u00e7\u0131rd\u0131\u011f\u0131na g\u00f6r\u0259 axtar\u0131\u015fa verilib. ARANTV.AZ\u00a0 virtualaz-a istinad\u0259n x\u0259b\u0259r verir ki, Sankt-Peterburq \u015f\u0259h\u0259rinin yax\u0131nl\u0131\u011f\u0131nda ya\u015fayan bir qad\u0131n polis\u0259 m\u00fcraci\u0259t ed\u0259r\u0259k nam\u0259lum \u015f\u0259xsin q\u0131z\u0131n\u0131 d\u00f6yd\u00fcy\u00fcn\u00fc, sonra da zorla qa\u00e7\u0131rd\u0131\u011f\u0131n\u0131 bildirib. \u0130yirmi bir ya\u015fl\u0131 q\u0131z\u0131n \u015f\u0259h\u0259r istiqam\u0259tin\u0259 apar\u0131ld\u0131\u011f\u0131 avtomobilin 25 ya\u015fl\u0131 Az\u0259rbaycan v\u0259t\u0259nda\u015f\u0131 Orxan \u015eakur o\u011flu Yusifliy\u0259 m\u0259xsus oldu\u011fu m\u00fc\u0259yy\u0259nl\u0259\u015fdirilib. Polis \u0259m\u0259liyyat-axtar\u0131\u015f t\u0259dbirl\u0259rini davam etdirir.<\/p>\n","protected":false},"author":2,"featured_media":64264,"comment_status":"closed","ping_status":"closed","sticky":false,"template":"","format":"standard","meta":{"om_disable_all_campaigns":false,"_monsterinsights_skip_tracking":false,"_monsterinsights_sitenote_active":false,"_monsterinsights_sitenote_note":"","_monsterinsights_sitenote_category":0},"categories":[5],"tags":[],"aioseo_notices":[],"gutentor_comment":0,"rttpg_featured_image_url":{"full":["https:\/\/arantv.az\/wp-content\/uploads\/2019\/06\/qiz_qacirmaq_187.jpg",800,600,false],"landscape":["https:\/\/arantv.az\/wp-content\/uploads\/2019\/06\/qiz_qacirmaq_187.jpg",800,600,false],"portraits":["https:\/\/arantv.az\/wp-content\/uploads\/2019\/06\/qiz_qacirmaq_187.jpg",800,600,false],"thumbnail":["https:\/\/arantv.az\/wp-content\/uploads\/2019\/06\/qiz_qacirmaq_187-150x150.jpg",150,150,true],"medium":["https:\/\/arantv.az\/wp-content\/uploads\/2019\/06\/qiz_qacirmaq_187-300x225.jpg",300,225,true],"large":["https:\/\/arantv.az\/wp-content\/uploads\/2019\/06\/qiz_qacirmaq_187.jpg",640,480,false],"1536x1536":["https:\/\/arantv.az\/wp-content\/uploads\/2019\/06\/qiz_qacirmaq_187.jpg",800,600,false],"2048x2048":["https:\/\/arantv.az\/wp-content\/uploads\/2019\/06\/qiz_qacirmaq_187.jpg",800,600,false],"post-thumbnail":["https:\/\/arantv.az\/wp-content\/uploads\/2019\/06\/qiz_qacirmaq_187-240x172.jpg",240,172,true],"advps-thumb-one":["https:\/\/arantv.az\/wp-content\/uploads\/2019\/06\/qiz_qacirmaq_187.jpg",800,600,false]},"rttpg_author":{"display_name":"V\u00fcsal Rafiqo\u011flu","author_link":"https:\/\/arantv.az\/?author=2"},"rttpg_comment":0,"rttpg_category":"<a href=\"https:\/\/arantv.az\/?cat=5\" rel=\"category\">Hadis\u0259<\/a>","rttpg_excerpt":"Rusiyada ya\u015fayan az\u0259rbaycanl\u0131 q\u0131z qa\u00e7\u0131rd\u0131\u011f\u0131na g\u00f6r\u0259 axtar\u0131\u015fa verilib. ARANTV.AZ\u00a0 virtualaz-a istinad\u0259n x\u0259b\u0259r verir ki, Sankt-Peterburq \u015f\u0259h\u0259rinin yax\u0131nl\u0131\u011f\u0131nda ya\u015fayan bir qad\u0131n polis\u0259 m\u00fcraci\u0259t ed\u0259r\u0259k nam\u0259lum \u015f\u0259xsin q\u0131z\u0131n\u0131 d\u00f6yd\u00fcy\u00fcn\u00fc, sonra da zorla qa\u00e7\u0131rd\u0131\u011f\u0131n\u0131 bildirib. \u0130yirmi bir ya\u015fl\u0131 q\u0131z\u0131n \u015f\u0259h\u0259r istiqam\u0259tin\u0259 apar\u0131ld\u0131\u011f\u0131 avtomobilin 25 ya\u015fl\u0131 Az\u0259rbaycan v\u0259t\u0259nda\u015f\u0131 Orxan \u015eakur o\u011flu Yusifliy\u0259 m\u0259xsus oldu\u011fu m\u00fc\u0259yy\u0259nl\u0259\u015fdirilib. Polis \u0259m\u0259liyyat-axtar\u0131\u015f t\u0259dbirl\u0259rini davam&hellip;","_links":{"self":[{"href":"https:\/\/arantv.az\/index.php?rest_route=\/wp\/v2\/posts\/64263"}],"collection":[{"href":"https:\/\/arantv.az\/index.php?rest_route=\/wp\/v2\/posts"}],"about":[{"href":"https:\/\/arantv.az\/index.php?rest_route=\/wp\/v2\/types\/post"}],"author":[{"embeddable":true,"href":"https:\/\/arantv.az\/index.php?rest_route=\/wp\/v2\/users\/2"}],"replies":[{"embeddable":true,"href":"https:\/\/arantv.az\/index.php?rest_route=%2Fwp%2Fv2%2Fcomments&post=64263"}],"version-history":[{"count":0,"href":"https:\/\/arantv.az\/index.php?rest_route=\/wp\/v2\/posts\/64263\/revisions"}],"wp:featuredmedia":[{"embeddable":true,"href":"https:\/\/arantv.az\/index.php?rest_route=\/wp\/v2\/media\/64264"}],"wp:attachment":[{"href":"https:\/\/arantv.az\/index.php?rest_route=%2Fwp%2Fv2%2Fmedia&parent=64263"}],"wp:term":[{"taxonomy":"category","embeddable":true,"href":"https:\/\/arantv.az\/index.php?rest_route=%2Fwp%2Fv2%2Fcategories&post=64263"},{"taxonomy":"post_tag","embeddable":true,"href":"https:\/\/arantv.az\/index.php?rest_route=%2Fwp%2Fv2%2Ftags&post=64263"}],"curies":[{"name":"wp","href":"https:\/\/api.w.org\/{rel}","templated":true}]}}