{"id":64272,"date":"2019-06-04T16:28:26","date_gmt":"2019-06-04T13:28:26","guid":{"rendered":"http:\/\/arantv.az\/?p=64272"},"modified":"2019-06-04T16:28:26","modified_gmt":"2019-06-04T13:28:26","slug":"tehran-s%c9%99masinda-ucuslar-qadagan-olundu-s%c9%99b%c9%99b","status":"publish","type":"post","link":"https:\/\/arantv.az\/?p=64272","title":{"rendered":"Tehran s\u0259mas\u0131nda u\u00e7u\u015flar qada\u011fan olundu &#8211; S\u018fB\u018fB"},"content":{"rendered":"<blockquote><p><em><strong>\u0130ran\u0131n Tehran vilay\u0259tinin aeroportlar\u0131 bu g\u00fcn 5 saat f\u0259aliyy\u0259tini dayand\u0131racaq.<\/strong><\/em><\/p><\/blockquote>\n<p><strong>ARANTV.AZ<\/strong> trend-\u0259 istinad\u0259n x\u0259b\u0259r verir ki, bunu \u0130ran\u0131n M\u00fclki Aviasiya T\u0259\u015fkilat\u0131n\u0131n \u0130ctimai \u0259laq\u0259l\u0259r \u015f\u00f6b\u0259sinin m\u00fcdiri Rza C\u0259f\u0259rzad\u0259 deyib.<\/p>\n<p>R.C\u0259f\u0259rzad\u0259nin s\u00f6zl\u0259rin\u0259 g\u00f6r\u0259, Tehran s\u0259mas\u0131nda 30 mil m\u0259saf\u0259d\u0259n ist\u0259nil\u0259n y\u00fcks\u0259klikl\u0259rd\u0259 b\u00fct\u00fcn u\u00e7u\u015flar qada\u011fand\u0131r.<\/p>\n<p>\u015e\u00f6b\u0259 m\u00fcdiri deyib ki, \u0130ran \u0130slam Respublikas\u0131n\u0131n banisi Ay\u0259tulla Xomeyninin v\u0259fat\u0131n\u0131n ild\u00f6n\u00fcm\u00fc il\u0259 \u0259laq\u0259dar ke\u00e7iril\u0259c\u0259k t\u0259dbir\u0259 g\u00f6r\u0259 Tehran vilay\u0259tinin aeroportlar\u0131nda u\u00e7u\u015flar yerli vaxtla saat 16:00-dan 21:00-d\u0259k l\u0259\u011fv edilib.<\/p>\n<p>R.C\u0259f\u0259rzad\u0259 bunun b\u00fct\u00fcn yerli v\u0259 xarici \u015firk\u0259tl\u0259r\u0259 elan olundu\u011funu bildirib.<\/p>\n<div id=\"AdviadNativeVideo0\" class=\"AdviadNativeVideo\"><\/div>\n<p>T\u0259\u015fkilat r\u0259smisi deyib ki, f\u00f6vq\u0259lad\u0259 u\u00e7u\u015flar \u00fc\u00e7\u00fcn P\u0259yam aeroportu n\u0259z\u0259rd\u0259 tutulub.<\/p>\n<p>Qeyd ed\u0259k ki, \u0130ran \u0130slam Respublikas\u0131n\u0131n banisi Ay\u0259tulla Ruhulla Xomeyni 1989-cu ilin 4 iyununda v\u0259fat edib.<\/p>\n","protected":false},"excerpt":{"rendered":"<p>\u0130ran\u0131n Tehran vilay\u0259tinin aeroportlar\u0131 bu g\u00fcn 5 saat f\u0259aliyy\u0259tini dayand\u0131racaq. ARANTV.AZ trend-\u0259 istinad\u0259n x\u0259b\u0259r verir ki, bunu \u0130ran\u0131n M\u00fclki Aviasiya T\u0259\u015fkilat\u0131n\u0131n \u0130ctimai \u0259laq\u0259l\u0259r \u015f\u00f6b\u0259sinin m\u00fcdiri Rza C\u0259f\u0259rzad\u0259 deyib. R.C\u0259f\u0259rzad\u0259nin s\u00f6zl\u0259rin\u0259 g\u00f6r\u0259, Tehran s\u0259mas\u0131nda 30 mil m\u0259saf\u0259d\u0259n ist\u0259nil\u0259n y\u00fcks\u0259klikl\u0259rd\u0259 b\u00fct\u00fcn u\u00e7u\u015flar qada\u011fand\u0131r. \u015e\u00f6b\u0259 m\u00fcdiri deyib ki, \u0130ran \u0130slam Respublikas\u0131n\u0131n banisi Ay\u0259tulla Xomeyninin v\u0259fat\u0131n\u0131n ild\u00f6n\u00fcm\u00fc il\u0259 \u0259laq\u0259dar ke\u00e7iril\u0259c\u0259k t\u0259dbir\u0259 g\u00f6r\u0259 Tehran vilay\u0259tinin aeroportlar\u0131nda u\u00e7u\u015flar yerli vaxtla saat 16:00-dan 21:00-d\u0259k l\u0259\u011fv edilib. R.C\u0259f\u0259rzad\u0259 bunun b\u00fct\u00fcn yerli v\u0259 xarici \u015firk\u0259tl\u0259r\u0259 elan olundu\u011funu bildirib. T\u0259\u015fkilat r\u0259smisi deyib ki, f\u00f6vq\u0259lad\u0259 u\u00e7u\u015flar \u00fc\u00e7\u00fcn P\u0259yam aeroportu n\u0259z\u0259rd\u0259 tutulub.&hellip;<\/p>\n","protected":false},"author":2,"featured_media":64273,"comment_status":"closed","ping_status":"closed","sticky":false,"template":"","format":"standard","meta":{"om_disable_all_campaigns":false,"_monsterinsights_skip_tracking":false,"_monsterinsights_sitenote_active":false,"_monsterinsights_sitenote_note":"","_monsterinsights_sitenote_category":0},"categories":[7],"tags":[],"aioseo_notices":[],"gutentor_comment":0,"rttpg_featured_image_url":{"full":["https:\/\/arantv.az\/wp-content\/uploads\/2019\/06\/teyyare_474.jpg",800,600,false],"landscape":["https:\/\/arantv.az\/wp-content\/uploads\/2019\/06\/teyyare_474.jpg",800,600,false],"portraits":["https:\/\/arantv.az\/wp-content\/uploads\/2019\/06\/teyyare_474.jpg",800,600,false],"thumbnail":["https:\/\/arantv.az\/wp-content\/uploads\/2019\/06\/teyyare_474-150x150.jpg",150,150,true],"medium":["https:\/\/arantv.az\/wp-content\/uploads\/2019\/06\/teyyare_474-300x225.jpg",300,225,true],"large":["https:\/\/arantv.az\/wp-content\/uploads\/2019\/06\/teyyare_474.jpg",640,480,false],"1536x1536":["https:\/\/arantv.az\/wp-content\/uploads\/2019\/06\/teyyare_474.jpg",800,600,false],"2048x2048":["https:\/\/arantv.az\/wp-content\/uploads\/2019\/06\/teyyare_474.jpg",800,600,false],"post-thumbnail":["https:\/\/arantv.az\/wp-content\/uploads\/2019\/06\/teyyare_474-240x172.jpg",240,172,true],"advps-thumb-one":["https:\/\/arantv.az\/wp-content\/uploads\/2019\/06\/teyyare_474.jpg",800,600,false]},"rttpg_author":{"display_name":"V\u00fcsal Rafiqo\u011flu","author_link":"https:\/\/arantv.az\/?author=2"},"rttpg_comment":0,"rttpg_category":"<a href=\"https:\/\/arantv.az\/?cat=7\" rel=\"category\">D\u00fcnya<\/a>","rttpg_excerpt":"\u0130ran\u0131n Tehran vilay\u0259tinin aeroportlar\u0131 bu g\u00fcn 5 saat f\u0259aliyy\u0259tini dayand\u0131racaq. ARANTV.AZ trend-\u0259 istinad\u0259n x\u0259b\u0259r verir ki, bunu \u0130ran\u0131n M\u00fclki Aviasiya T\u0259\u015fkilat\u0131n\u0131n \u0130ctimai \u0259laq\u0259l\u0259r \u015f\u00f6b\u0259sinin m\u00fcdiri Rza C\u0259f\u0259rzad\u0259 deyib. R.C\u0259f\u0259rzad\u0259nin s\u00f6zl\u0259rin\u0259 g\u00f6r\u0259, Tehran s\u0259mas\u0131nda 30 mil m\u0259saf\u0259d\u0259n ist\u0259nil\u0259n y\u00fcks\u0259klikl\u0259rd\u0259 b\u00fct\u00fcn u\u00e7u\u015flar qada\u011fand\u0131r. \u015e\u00f6b\u0259 m\u00fcdiri deyib ki, \u0130ran \u0130slam Respublikas\u0131n\u0131n banisi Ay\u0259tulla Xomeyninin v\u0259fat\u0131n\u0131n ild\u00f6n\u00fcm\u00fc il\u0259 \u0259laq\u0259dar&hellip;","_links":{"self":[{"href":"https:\/\/arantv.az\/index.php?rest_route=\/wp\/v2\/posts\/64272"}],"collection":[{"href":"https:\/\/arantv.az\/index.php?rest_route=\/wp\/v2\/posts"}],"about":[{"href":"https:\/\/arantv.az\/index.php?rest_route=\/wp\/v2\/types\/post"}],"author":[{"embeddable":true,"href":"https:\/\/arantv.az\/index.php?rest_route=\/wp\/v2\/users\/2"}],"replies":[{"embeddable":true,"href":"https:\/\/arantv.az\/index.php?rest_route=%2Fwp%2Fv2%2Fcomments&post=64272"}],"version-history":[{"count":0,"href":"https:\/\/arantv.az\/index.php?rest_route=\/wp\/v2\/posts\/64272\/revisions"}],"wp:featuredmedia":[{"embeddable":true,"href":"https:\/\/arantv.az\/index.php?rest_route=\/wp\/v2\/media\/64273"}],"wp:attachment":[{"href":"https:\/\/arantv.az\/index.php?rest_route=%2Fwp%2Fv2%2Fmedia&parent=64272"}],"wp:term":[{"taxonomy":"category","embeddable":true,"href":"https:\/\/arantv.az\/index.php?rest_route=%2Fwp%2Fv2%2Fcategories&post=64272"},{"taxonomy":"post_tag","embeddable":true,"href":"https:\/\/arantv.az\/index.php?rest_route=%2Fwp%2Fv2%2Ftags&post=64272"}],"curies":[{"name":"wp","href":"https:\/\/api.w.org\/{rel}","templated":true}]}}