{"id":64330,"date":"2019-06-05T09:16:42","date_gmt":"2019-06-05T06:16:42","guid":{"rendered":"http:\/\/arantv.az\/?p=64330"},"modified":"2019-06-05T09:16:42","modified_gmt":"2019-06-05T06:16:42","slug":"amerikali-konqresmen-az%c9%99rbaycan-abs-in-d%c9%99y%c9%99rli-t%c9%99r%c9%99fdasi-olmaqla-yanasi-qafqaz-v%c9%99-m%c9%99rk%c9%99zi-asiyada-muhum-rol-oynayir","status":"publish","type":"post","link":"https:\/\/arantv.az\/?p=64330","title":{"rendered":"Amerikal\u0131 konqresmen: &#8220;Az\u0259rbaycan AB\u015e-\u0131n d\u0259y\u0259rli t\u0259r\u0259fda\u015f\u0131 olmaqla yana\u015f\u0131, Qafqaz v\u0259 M\u0259rk\u0259zi Asiyada m\u00fch\u00fcm rol oynay\u0131r&#8221;"},"content":{"rendered":"<p><strong>Bug\u00fcn Az\u0259rbaycan AB\u015e-\u0131n d\u0259y\u0259rli t\u0259r\u0259fda\u015f\u0131 olmaqla yana\u015f\u0131, h\u0259m\u00e7inin Qafqaz v\u0259 M\u0259rk\u0259zi Asiyada m\u00fch\u00fcm rol oynay\u0131r.<\/strong><\/p>\n<p><strong>ARANTV.AZ<\/strong> trend-\u0259 istinad\u0259n x\u0259b\u0259r verir ki, bu, 3 iyun 2019-cu il tarixind\u0259 AB\u015e Konqresinin N\u00fcmay\u0259nd\u0259l\u0259r Palatas\u0131n\u0131n iclas\u0131nda Alabaman\u0131 t\u0259msil ed\u0259n konqresmen Robert Aderholtun (Respublika\u00e7\u0131) Az\u0259rbaycan Respublikas\u0131n\u0131n 101 illiyi m\u00fcnasib\u0259til\u0259 b\u0259yanat\u0131nda qeyd edilib. B\u0259yanatda bildirilir ki, 28 may 1918-ci il tarixind\u0259 Az\u0259rbaycan Milli Assambleyas\u0131 \u0130stiqlal B\u0259yannam\u0259si q\u0259bul ed\u0259r\u0259k, m\u00fcs\u0259lman d\u00fcnyas\u0131nda ilk d\u00fcny\u0259vi parlament demokratiyas\u0131 olan Az\u0259rbaycan Demokratik Respublikas\u0131n\u0131n \u0259sas\u0131n\u0131 qoymu\u015fdur:<\/p>\n<p>&#8220;1920-ci ild\u0259 bol\u015fevikl\u0259rin Az\u0259rbaycan Demokratik Respublikas\u0131n\u0131 i\u015f\u011fal ed\u0259r\u0259k Sovet h\u00f6kum\u0259tinin \u0259sas\u0131n\u0131 qoydu\u011fu, Az\u0259rbaycan\u0131n zor t\u0259tbiq edilm\u0259kl\u0259 Sovet \u0130ttifaq\u0131na birl\u0259\u015fdirildiyi v\u0259 bir \u00e7ox onillikl\u0259r \u0259rzind\u0259 Sovet rejiminin t\u0259zyiql\u0259ri alt\u0131nda \u0259ziyy\u0259t \u00e7\u0259kdiyi b\u0259yanatda diqq\u0259t\u0259 \u00e7atd\u0131r\u0131l\u0131r.<\/p>\n<p>B\u0259yanatda h\u0259m\u00e7inin, Sovet \u0130ttifaq\u0131n\u0131n da\u011f\u0131lmas\u0131 n\u0259tic\u0259sind\u0259 Az\u0259rbaycan Respublikas\u0131n\u0131n 30 avqust 1991-ci il tarixind\u0259 m\u00fcst\u0259qilliyini b\u0259rpa etdiyi, AB\u015e-\u0131n Az\u0259rbaycan\u0131n m\u00fcst\u0259qilliyini 25 dekabr 1991-ci il tarixind\u0259 tan\u0131d\u0131\u011f\u0131 v\u0259 r\u0259smi diplomatik m\u00fcnasib\u0259tl\u0259rin 19 fevral 1992-ci il tarixind\u0259 quruldu\u011fu qeyd olunur.<\/p>\n<p>Az\u0259rbaycan\u0131n kommunist imperiyas\u0131n\u0131n da\u011f\u0131nt\u0131lar\u0131ndan \u00e7\u0131xaraq AB\u015e-\u0131n g\u00fccl\u00fc v\u0259 etibarl\u0131 m\u00fctt\u0259fiqin\u0259 \u00e7evrildiyi konqresmen Aderholt t\u0259r\u0259find\u0259n qeyd olunmu\u015fdur. O, vur\u011fulam\u0131\u015fd\u0131r ki, bug\u00fcn Az\u0259rbaycan Respublikas\u0131 AB\u015e-\u0131n d\u0259y\u0259rli t\u0259r\u0259fda\u015f\u0131 olmaqla yana\u015f\u0131, h\u0259m\u00e7inin Qafqaz v\u0259 M\u0259rk\u0259zi Asiyada m\u00fch\u00fcm rol oynay\u0131r. Az\u0259rbaycan 2001-ci il 11 sentyabr terror h\u00fccumlar\u0131ndan sonra AB\u015e-a t\u0259m\u0259nnas\u0131z yard\u0131m g\u00f6st\u0259r\u0259n ilk \u00f6lk\u0259l\u0259rd\u0259n biri olmu\u015fdur. AB\u015e-\u0131n \u0259n yax\u0131n m\u00fctt\u0259fiqi \u0130srail il\u0259 Az\u0259rbaycan\u0131n g\u00fccl\u00fc dostluq v\u0259 t\u0259r\u0259fda\u015fl\u0131q m\u00fcnasib\u0259tl\u0259ri m\u00f6vcuddur.<\/p>\n<p>Az\u0259rbaycan\u0131n NATO-nun S\u00fclh Namin\u0259 T\u0259r\u0259fda\u015fl\u0131q proqram\u0131n\u0131n i\u015ftirak\u00e7\u0131s\u0131 kimi 2002-ci ild\u0259n etibar\u0259n NATO-nun \u018ffqan\u0131standa s\u00fclhm\u0259raml\u0131 \u0259m\u0259liyyatlar\u0131na d\u0259st\u0259k verdiyi, missiyaya yard\u0131m m\u0259qs\u0259dil\u0259 \u00f6z silahl\u0131 q\u00fcvv\u0259l\u0259rini t\u0259qdim etdiyi b\u0259yanatda vur\u011fulan\u0131r.<\/p>\n<p>B\u0259yanat\u0131n sonunda, Az\u0259rbaycan Demokratik Respublikas\u0131n\u0131n bu 101 illik yubileyind\u0259, iki \u00f6lk\u0259 aras\u0131nda strateji m\u00fcnasib\u0259tl\u0259r\u0259 v\u0259 davaml\u0131 dostlu\u011fa g\u00f6r\u0259 AB\u015e-\u0131n Az\u0259rbaycana minn\u0259tdar oldu\u011fu bildirilir. Bundan \u0259lav\u0259, g\u0259l\u0259c\u0259k ill\u0259rd\u0259 bu g\u00fccl\u00fc v\u0259 yax\u0131n dostlu\u011fun davam etm\u0259si v\u0259 daha da g\u00fccl\u0259nm\u0259si dil\u0259kl\u0259ri ifad\u0259 olunur&#8221;.<\/p>\n","protected":false},"excerpt":{"rendered":"<p>Bug\u00fcn Az\u0259rbaycan AB\u015e-\u0131n d\u0259y\u0259rli t\u0259r\u0259fda\u015f\u0131 olmaqla yana\u015f\u0131, h\u0259m\u00e7inin Qafqaz v\u0259 M\u0259rk\u0259zi Asiyada m\u00fch\u00fcm rol oynay\u0131r. ARANTV.AZ trend-\u0259 istinad\u0259n x\u0259b\u0259r verir ki, bu, 3 iyun 2019-cu il tarixind\u0259 AB\u015e Konqresinin N\u00fcmay\u0259nd\u0259l\u0259r Palatas\u0131n\u0131n iclas\u0131nda Alabaman\u0131 t\u0259msil ed\u0259n konqresmen Robert Aderholtun (Respublika\u00e7\u0131) Az\u0259rbaycan Respublikas\u0131n\u0131n 101 illiyi m\u00fcnasib\u0259til\u0259 b\u0259yanat\u0131nda qeyd edilib. B\u0259yanatda bildirilir ki, 28 may 1918-ci il tarixind\u0259 Az\u0259rbaycan Milli Assambleyas\u0131 \u0130stiqlal B\u0259yannam\u0259si q\u0259bul ed\u0259r\u0259k, m\u00fcs\u0259lman d\u00fcnyas\u0131nda ilk d\u00fcny\u0259vi parlament demokratiyas\u0131 olan Az\u0259rbaycan Demokratik Respublikas\u0131n\u0131n \u0259sas\u0131n\u0131 qoymu\u015fdur: &#8220;1920-ci ild\u0259 bol\u015fevikl\u0259rin Az\u0259rbaycan Demokratik Respublikas\u0131n\u0131 i\u015f\u011fal ed\u0259r\u0259k Sovet h\u00f6kum\u0259tinin \u0259sas\u0131n\u0131 qoydu\u011fu, Az\u0259rbaycan\u0131n zor t\u0259tbiq edilm\u0259kl\u0259&hellip;<\/p>\n","protected":false},"author":2,"featured_media":64331,"comment_status":"closed","ping_status":"closed","sticky":false,"template":"","format":"standard","meta":{"om_disable_all_campaigns":false,"_monsterinsights_skip_tracking":false,"_monsterinsights_sitenote_active":false,"_monsterinsights_sitenote_note":"","_monsterinsights_sitenote_category":0},"categories":[4],"tags":[],"aioseo_notices":[],"gutentor_comment":0,"rttpg_featured_image_url":{"full":["https:\/\/arantv.az\/wp-content\/uploads\/2019\/06\/760670.jpg",800,600,false],"landscape":["https:\/\/arantv.az\/wp-content\/uploads\/2019\/06\/760670.jpg",800,600,false],"portraits":["https:\/\/arantv.az\/wp-content\/uploads\/2019\/06\/760670.jpg",800,600,false],"thumbnail":["https:\/\/arantv.az\/wp-content\/uploads\/2019\/06\/760670-150x150.jpg",150,150,true],"medium":["https:\/\/arantv.az\/wp-content\/uploads\/2019\/06\/760670-300x225.jpg",300,225,true],"large":["https:\/\/arantv.az\/wp-content\/uploads\/2019\/06\/760670.jpg",640,480,false],"1536x1536":["https:\/\/arantv.az\/wp-content\/uploads\/2019\/06\/760670.jpg",800,600,false],"2048x2048":["https:\/\/arantv.az\/wp-content\/uploads\/2019\/06\/760670.jpg",800,600,false],"post-thumbnail":["https:\/\/arantv.az\/wp-content\/uploads\/2019\/06\/760670-240x172.jpg",240,172,true],"advps-thumb-one":["https:\/\/arantv.az\/wp-content\/uploads\/2019\/06\/760670.jpg",800,600,false]},"rttpg_author":{"display_name":"V\u00fcsal Rafiqo\u011flu","author_link":"https:\/\/arantv.az\/?author=2"},"rttpg_comment":0,"rttpg_category":"<a href=\"https:\/\/arantv.az\/?cat=4\" rel=\"category\">Siyas\u0259t<\/a>","rttpg_excerpt":"Bug\u00fcn Az\u0259rbaycan AB\u015e-\u0131n d\u0259y\u0259rli t\u0259r\u0259fda\u015f\u0131 olmaqla yana\u015f\u0131, h\u0259m\u00e7inin Qafqaz v\u0259 M\u0259rk\u0259zi Asiyada m\u00fch\u00fcm rol oynay\u0131r. ARANTV.AZ trend-\u0259 istinad\u0259n x\u0259b\u0259r verir ki, bu, 3 iyun 2019-cu il tarixind\u0259 AB\u015e Konqresinin N\u00fcmay\u0259nd\u0259l\u0259r Palatas\u0131n\u0131n iclas\u0131nda Alabaman\u0131 t\u0259msil ed\u0259n konqresmen Robert Aderholtun (Respublika\u00e7\u0131) Az\u0259rbaycan Respublikas\u0131n\u0131n 101 illiyi m\u00fcnasib\u0259til\u0259 b\u0259yanat\u0131nda qeyd edilib. B\u0259yanatda bildirilir ki, 28 may 1918-ci il tarixind\u0259&hellip;","_links":{"self":[{"href":"https:\/\/arantv.az\/index.php?rest_route=\/wp\/v2\/posts\/64330"}],"collection":[{"href":"https:\/\/arantv.az\/index.php?rest_route=\/wp\/v2\/posts"}],"about":[{"href":"https:\/\/arantv.az\/index.php?rest_route=\/wp\/v2\/types\/post"}],"author":[{"embeddable":true,"href":"https:\/\/arantv.az\/index.php?rest_route=\/wp\/v2\/users\/2"}],"replies":[{"embeddable":true,"href":"https:\/\/arantv.az\/index.php?rest_route=%2Fwp%2Fv2%2Fcomments&post=64330"}],"version-history":[{"count":0,"href":"https:\/\/arantv.az\/index.php?rest_route=\/wp\/v2\/posts\/64330\/revisions"}],"wp:featuredmedia":[{"embeddable":true,"href":"https:\/\/arantv.az\/index.php?rest_route=\/wp\/v2\/media\/64331"}],"wp:attachment":[{"href":"https:\/\/arantv.az\/index.php?rest_route=%2Fwp%2Fv2%2Fmedia&parent=64330"}],"wp:term":[{"taxonomy":"category","embeddable":true,"href":"https:\/\/arantv.az\/index.php?rest_route=%2Fwp%2Fv2%2Fcategories&post=64330"},{"taxonomy":"post_tag","embeddable":true,"href":"https:\/\/arantv.az\/index.php?rest_route=%2Fwp%2Fv2%2Ftags&post=64330"}],"curies":[{"name":"wp","href":"https:\/\/api.w.org\/{rel}","templated":true}]}}