{"id":643344,"date":"2023-10-10T10:00:15","date_gmt":"2023-10-10T06:00:15","guid":{"rendered":"https:\/\/arantv.az\/?p=643344"},"modified":"2023-10-10T10:00:15","modified_gmt":"2023-10-10T06:00:15","slug":"idar%c9%99-s%c9%99dri-ic%c9%99ris%c9%99h%c9%99rd%c9%99-1300-d%c9%99n-cox-ail%c9%99-yasayir-bu-ozu-d%c9%99-o-tarixin-qorunmasi-dem%c9%99kdir","status":"publish","type":"post","link":"https:\/\/arantv.az\/?p=643344","title":{"rendered":"\u0130dar\u0259 s\u0259dri: \u201c\u0130\u00e7\u0259ri\u015f\u0259h\u0259rd\u0259 1300 d\u0259n \u00e7ox ail\u0259 ya\u015fay\u0131r &#8211; bu \u00f6z\u00fc d\u0259 o tarixin qorunmas\u0131 dem\u0259kdir\u201d"},"content":{"rendered":"<p>\u201c\u0130\u00e7\u0259ri\u015f\u0259h\u0259rd\u0259 1300 d\u0259n \u00e7ox ail\u0259 ya\u015fay\u0131r. Bu \u00f6z\u00fc d\u0259 o tarixin qorunmas\u0131 dem\u0259kdir\u201d.<\/p>\n<p><b>ARANTV.AZ <\/b>x\u0259b\u0259r verir ki, bu fikirl\u0259ri \u201c\u0130\u00e7\u0259ri\u015f\u0259h\u0259r\u201d D\u00f6vl\u0259t Tarix-Memarl\u0131q Qoru\u011fu \u0130dar\u0259sinin T\u00fcrk D\u00f6vl\u0259tl\u0259ri T\u0259\u015fkilat\u0131 il\u0259 birlikd\u0259 t\u0259\u015fkil ed\u0259c\u0259yi \u201cYa\u015fan\u0131labil\u0259n v\u0259 Dayan\u0131ql\u0131 \u0130rs \u015e\u0259h\u0259rl\u0259ri\u201d (\u201cLivable and Sustainable Heritage Cities\u201d)\u00a0 m\u00f6vzusunda beyn\u0259lxalq konfransda \u00e7\u0131x\u0131\u015f ed\u0259n \u201c\u0130\u00e7\u0259ri\u015f\u0259h\u0259r\u201d D\u00f6vl\u0259t Tarix-Memarl\u0131q Qoru\u011fu \u0130dar\u0259sinin \u0130dar\u0259 Hey\u0259tinin s\u0259dri \u015eahin Seyidzad\u0259 deyib.<\/p>\n<p>O bildirib ki, \u0130\u00e7\u0259ri\u015f\u0259h\u0259rd\u0259 \u00e7oxlu m\u0259d\u0259niyy\u0259t t\u0259dbiri h\u0259yata ke\u00e7irilir:<\/p>\n<p>\u201cBu m\u0259d\u0259ni irsin daha \u00e7ox insana \u00e7atd\u0131r\u0131lmas\u0131na k\u00f6m\u0259k edir. Eyni zamanda da tarixi abid\u0259l\u0259rin, tarixin\u00a0qorunma metodikas\u0131n\u0131n dig\u0259r qurumlarla birg\u0259 m\u00fczakir\u0259 edil\u0259r\u0259k daha da t\u0259kmill\u0259\u015fm\u0259sin\u0259 xidm\u0259t edir\u201d.<\/p>\n","protected":false},"excerpt":{"rendered":"<p>\u201c\u0130\u00e7\u0259ri\u015f\u0259h\u0259rd\u0259 1300 d\u0259n \u00e7ox ail\u0259 ya\u015fay\u0131r. Bu \u00f6z\u00fc d\u0259 o tarixin qorunmas\u0131 dem\u0259kdir\u201d. ARANTV.AZ x\u0259b\u0259r verir ki, bu fikirl\u0259ri \u201c\u0130\u00e7\u0259ri\u015f\u0259h\u0259r\u201d D\u00f6vl\u0259t Tarix-Memarl\u0131q Qoru\u011fu \u0130dar\u0259sinin T\u00fcrk D\u00f6vl\u0259tl\u0259ri T\u0259\u015fkilat\u0131 il\u0259 birlikd\u0259 t\u0259\u015fkil ed\u0259c\u0259yi \u201cYa\u015fan\u0131labil\u0259n v\u0259 Dayan\u0131ql\u0131 \u0130rs \u015e\u0259h\u0259rl\u0259ri\u201d (\u201cLivable and Sustainable Heritage Cities\u201d)\u00a0 m\u00f6vzusunda beyn\u0259lxalq konfransda \u00e7\u0131x\u0131\u015f ed\u0259n \u201c\u0130\u00e7\u0259ri\u015f\u0259h\u0259r\u201d D\u00f6vl\u0259t Tarix-Memarl\u0131q Qoru\u011fu \u0130dar\u0259sinin \u0130dar\u0259 Hey\u0259tinin s\u0259dri \u015eahin Seyidzad\u0259 deyib. O bildirib ki, \u0130\u00e7\u0259ri\u015f\u0259h\u0259rd\u0259 \u00e7oxlu m\u0259d\u0259niyy\u0259t t\u0259dbiri h\u0259yata ke\u00e7irilir: \u201cBu m\u0259d\u0259ni irsin daha \u00e7ox insana \u00e7atd\u0131r\u0131lmas\u0131na k\u00f6m\u0259k edir. Eyni zamanda da tarixi abid\u0259l\u0259rin, tarixin\u00a0qorunma metodikas\u0131n\u0131n dig\u0259r qurumlarla birg\u0259 m\u00fczakir\u0259 edil\u0259r\u0259k daha da t\u0259kmill\u0259\u015fm\u0259sin\u0259&hellip;<\/p>\n","protected":false},"author":2,"featured_media":643351,"comment_status":"closed","ping_status":"closed","sticky":false,"template":"","format":"standard","meta":{"om_disable_all_campaigns":false,"_monsterinsights_skip_tracking":false,"_monsterinsights_sitenote_active":false,"_monsterinsights_sitenote_note":"","_monsterinsights_sitenote_category":0},"categories":[1],"tags":[],"aioseo_notices":[],"gutentor_comment":0,"rttpg_featured_image_url":{"full":["https:\/\/arantv.az\/wp-content\/uploads\/2023\/10\/iA\u00a7E_riA_E_hE_r.jpg",620,413,false],"landscape":["https:\/\/arantv.az\/wp-content\/uploads\/2023\/10\/iA\u00a7E_riA_E_hE_r.jpg",620,413,false],"portraits":["https:\/\/arantv.az\/wp-content\/uploads\/2023\/10\/iA\u00a7E_riA_E_hE_r.jpg",620,413,false],"thumbnail":["https:\/\/arantv.az\/wp-content\/uploads\/2023\/10\/iA\u00a7E_riA_E_hE_r-500x280.jpg",500,280,true],"medium":["https:\/\/arantv.az\/wp-content\/uploads\/2023\/10\/iA\u00a7E_riA_E_hE_r-548x365.jpg",548,365,true],"large":["https:\/\/arantv.az\/wp-content\/uploads\/2023\/10\/iA\u00a7E_riA_E_hE_r.jpg",620,413,false],"1536x1536":["https:\/\/arantv.az\/wp-content\/uploads\/2023\/10\/iA\u00a7E_riA_E_hE_r.jpg",620,413,false],"2048x2048":["https:\/\/arantv.az\/wp-content\/uploads\/2023\/10\/iA\u00a7E_riA_E_hE_r.jpg",620,413,false],"post-thumbnail":["https:\/\/arantv.az\/wp-content\/uploads\/2023\/10\/iA\u00a7E_riA_E_hE_r-240x172.jpg",240,172,true],"advps-thumb-one":["https:\/\/arantv.az\/wp-content\/uploads\/2023\/10\/iA\u00a7E_riA_E_hE_r.jpg",620,413,false]},"rttpg_author":{"display_name":"V\u00fcsal Rafiqo\u011flu","author_link":"https:\/\/arantv.az\/?author=2"},"rttpg_comment":0,"rttpg_category":"<a href=\"https:\/\/arantv.az\/?cat=1\" rel=\"category\">C\u0259miyy\u0259t<\/a>","rttpg_excerpt":"\u201c\u0130\u00e7\u0259ri\u015f\u0259h\u0259rd\u0259 1300 d\u0259n \u00e7ox ail\u0259 ya\u015fay\u0131r. Bu \u00f6z\u00fc d\u0259 o tarixin qorunmas\u0131 dem\u0259kdir\u201d. ARANTV.AZ x\u0259b\u0259r verir ki, bu fikirl\u0259ri \u201c\u0130\u00e7\u0259ri\u015f\u0259h\u0259r\u201d D\u00f6vl\u0259t Tarix-Memarl\u0131q Qoru\u011fu \u0130dar\u0259sinin T\u00fcrk D\u00f6vl\u0259tl\u0259ri T\u0259\u015fkilat\u0131 il\u0259 birlikd\u0259 t\u0259\u015fkil ed\u0259c\u0259yi \u201cYa\u015fan\u0131labil\u0259n v\u0259 Dayan\u0131ql\u0131 \u0130rs \u015e\u0259h\u0259rl\u0259ri\u201d (\u201cLivable and Sustainable Heritage Cities\u201d)\u00a0 m\u00f6vzusunda beyn\u0259lxalq konfransda \u00e7\u0131x\u0131\u015f ed\u0259n \u201c\u0130\u00e7\u0259ri\u015f\u0259h\u0259r\u201d D\u00f6vl\u0259t Tarix-Memarl\u0131q Qoru\u011fu \u0130dar\u0259sinin \u0130dar\u0259 Hey\u0259tinin s\u0259dri \u015eahin&hellip;","_links":{"self":[{"href":"https:\/\/arantv.az\/index.php?rest_route=\/wp\/v2\/posts\/643344"}],"collection":[{"href":"https:\/\/arantv.az\/index.php?rest_route=\/wp\/v2\/posts"}],"about":[{"href":"https:\/\/arantv.az\/index.php?rest_route=\/wp\/v2\/types\/post"}],"author":[{"embeddable":true,"href":"https:\/\/arantv.az\/index.php?rest_route=\/wp\/v2\/users\/2"}],"replies":[{"embeddable":true,"href":"https:\/\/arantv.az\/index.php?rest_route=%2Fwp%2Fv2%2Fcomments&post=643344"}],"version-history":[{"count":0,"href":"https:\/\/arantv.az\/index.php?rest_route=\/wp\/v2\/posts\/643344\/revisions"}],"wp:featuredmedia":[{"embeddable":true,"href":"https:\/\/arantv.az\/index.php?rest_route=\/wp\/v2\/media\/643351"}],"wp:attachment":[{"href":"https:\/\/arantv.az\/index.php?rest_route=%2Fwp%2Fv2%2Fmedia&parent=643344"}],"wp:term":[{"taxonomy":"category","embeddable":true,"href":"https:\/\/arantv.az\/index.php?rest_route=%2Fwp%2Fv2%2Fcategories&post=643344"},{"taxonomy":"post_tag","embeddable":true,"href":"https:\/\/arantv.az\/index.php?rest_route=%2Fwp%2Fv2%2Ftags&post=643344"}],"curies":[{"name":"wp","href":"https:\/\/api.w.org\/{rel}","templated":true}]}}