{"id":643355,"date":"2023-10-10T10:16:23","date_gmt":"2023-10-10T06:16:23","guid":{"rendered":"https:\/\/arantv.az\/?p=643355"},"modified":"2023-10-10T10:16:23","modified_gmt":"2023-10-10T06:16:23","slug":"s%c9%99di-c%c9%99f%c9%99rov-turk-abid%c9%99-menecerl%c9%99ri-s%c9%99b%c9%99k%c9%99si-turizm-sah%c9%99sind%c9%99-d%c9%99-ugurlara-aparacaq","status":"publish","type":"post","link":"https:\/\/arantv.az\/?p=643355","title":{"rendered":"S\u0259di C\u0259f\u0259rov: \u201cT\u00fcrk Abid\u0259 Menecerl\u0259ri \u015e\u0259b\u0259k\u0259si turizm sah\u0259sind\u0259 d\u0259 u\u011furlara aparacaq\u201d"},"content":{"rendered":"<p>\u201cT\u00fcrk D\u00f6vl\u0259tl\u0259ri T\u0259\u015fkilat\u0131n\u0131n yarad\u0131lmas\u0131n\u0131n m\u0259qs\u0259di b\u00f6y\u00fck bir irsin qorunmas\u0131na y\u00f6n\u0259lib\u201d.<\/p>\n<p><strong>ARANTV.AZ\u00a0 <\/strong>x\u0259b\u0259r verir ki, bu fikirl\u0259ri T\u00fcrk D\u00f6vl\u0259tl\u0259ri T\u0259\u015fkilat\u0131n\u0131n ba\u015f katibinin m\u00fcavini S\u0259di C\u0259f\u0259rov \u201c\u0130\u00e7\u0259ri\u015f\u0259h\u0259r\u201d D\u00f6vl\u0259t Tarix-Memarl\u0131q Qoru\u011fu \u0130dar\u0259sinin T\u00fcrk D\u00f6vl\u0259tl\u0259ri T\u0259\u015fkilat\u0131 il\u0259 birlikd\u0259 t\u0259\u015fkil ed\u0259c\u0259yi \u201cYa\u015fan\u0131labil\u0259n v\u0259 dayan\u0131ql\u0131 irs \u015f\u0259h\u0259rl\u0259ri\u201d (\u201cLivable and Sustainable Heritage Cities\u201d) m\u00f6vzusunda beyn\u0259lxalq konfransda \u00e7\u0131x\u0131\u015f\u0131nda s\u0259sl\u0259ndirib.<\/p>\n<p>O bildirib ki, t\u00fcrk d\u00f6vl\u0259tl\u0259rinin r\u0259hb\u0259rl\u0259rinin siyasi niyy\u0259ti n\u0259tic\u0259sind\u0259 2020-ci ild\u0259 S\u0259m\u0259rq\u0259ndd\u0259 T\u00fcrk Abid\u0259 Menecerl\u0259ri \u015e\u0259b\u0259k\u0259si yarad\u0131ld\u0131:<\/p>\n<p>\u201cBu, memarl\u0131q abid\u0259l\u0259rinin m\u00fchafiz\u0259 olunaraq g\u0259l\u0259c\u0259k n\u0259sill\u0259r\u0259 \u00f6t\u00fcr\u00fclm\u0259sin\u0259 xidm\u0259t edir. T\u00fcrk \u015f\u0259h\u0259rl\u0259rinin administrasiyalar\u0131n\u0131n birg\u0259 \u0259m\u0259kda\u015fl\u0131\u011f\u0131 bu sah\u0259d\u0259 t\u0259cr\u00fcb\u0259 m\u00fcbadil\u0259sin\u0259, obyektl\u0259rin restavrasiyas\u0131na, onlarda elmi t\u0259dqiqatlar\u0131n apar\u0131lmas\u0131na imkan ver\u0259c\u0259k, t\u00fcrk d\u00f6vl\u0259tl\u0259ri aras\u0131nda turizm sah\u0259sind\u0259 d\u0259 u\u011furlara aparacaq. \u015e\u0259b\u0259k\u0259nin yarad\u0131lmas\u0131nda \u0259sas m\u0259qs\u0259d T\u00fcrk D\u00f6vl\u0259tl\u0259ri T\u0259\u015fkilat\u0131na \u00fczv v\u0259 m\u00fc\u015fahid\u0259\u00e7i statusunda olan \u00f6lk\u0259l\u0259rin tarixi \u015f\u0259h\u0259r v\u0259 qoruqlar\u0131 aras\u0131nda m\u0259d\u0259ni irsin qorunmas\u0131, b\u0259rpas\u0131, birg\u0259 t\u0259\u015fviqi sah\u0259sind\u0259 \u0259m\u0259kda\u015fl\u0131\u011f\u0131n geni\u015fl\u0259ndirilm\u0259sidir\u201d.<\/p>\n<p>O qeyd edib ki, bu sah\u0259d\u0259 \u0259m\u0259kda\u015fl\u0131q g\u0259l\u0259c\u0259kd\u0259 d\u0259 g\u00fccl\u0259n\u0259c\u0259k.<\/p>\n","protected":false},"excerpt":{"rendered":"<p>\u201cT\u00fcrk D\u00f6vl\u0259tl\u0259ri T\u0259\u015fkilat\u0131n\u0131n yarad\u0131lmas\u0131n\u0131n m\u0259qs\u0259di b\u00f6y\u00fck bir irsin qorunmas\u0131na y\u00f6n\u0259lib\u201d. ARANTV.AZ\u00a0 x\u0259b\u0259r verir ki, bu fikirl\u0259ri T\u00fcrk D\u00f6vl\u0259tl\u0259ri T\u0259\u015fkilat\u0131n\u0131n ba\u015f katibinin m\u00fcavini S\u0259di C\u0259f\u0259rov \u201c\u0130\u00e7\u0259ri\u015f\u0259h\u0259r\u201d D\u00f6vl\u0259t Tarix-Memarl\u0131q Qoru\u011fu \u0130dar\u0259sinin T\u00fcrk D\u00f6vl\u0259tl\u0259ri T\u0259\u015fkilat\u0131 il\u0259 birlikd\u0259 t\u0259\u015fkil ed\u0259c\u0259yi \u201cYa\u015fan\u0131labil\u0259n v\u0259 dayan\u0131ql\u0131 irs \u015f\u0259h\u0259rl\u0259ri\u201d (\u201cLivable and Sustainable Heritage Cities\u201d) m\u00f6vzusunda beyn\u0259lxalq konfransda \u00e7\u0131x\u0131\u015f\u0131nda s\u0259sl\u0259ndirib. O bildirib ki, t\u00fcrk d\u00f6vl\u0259tl\u0259rinin r\u0259hb\u0259rl\u0259rinin siyasi niyy\u0259ti n\u0259tic\u0259sind\u0259 2020-ci ild\u0259 S\u0259m\u0259rq\u0259ndd\u0259 T\u00fcrk Abid\u0259 Menecerl\u0259ri \u015e\u0259b\u0259k\u0259si yarad\u0131ld\u0131: \u201cBu, memarl\u0131q abid\u0259l\u0259rinin m\u00fchafiz\u0259 olunaraq g\u0259l\u0259c\u0259k n\u0259sill\u0259r\u0259 \u00f6t\u00fcr\u00fclm\u0259sin\u0259 xidm\u0259t edir. T\u00fcrk \u015f\u0259h\u0259rl\u0259rinin administrasiyalar\u0131n\u0131n birg\u0259 \u0259m\u0259kda\u015fl\u0131\u011f\u0131 bu sah\u0259d\u0259 t\u0259cr\u00fcb\u0259 m\u00fcbadil\u0259sin\u0259, obyektl\u0259rin restavrasiyas\u0131na, onlarda&hellip;<\/p>\n","protected":false},"author":2,"featured_media":643356,"comment_status":"closed","ping_status":"closed","sticky":false,"template":"","format":"standard","meta":{"om_disable_all_campaigns":false,"_monsterinsights_skip_tracking":false,"_monsterinsights_sitenote_active":false,"_monsterinsights_sitenote_note":"","_monsterinsights_sitenote_category":0},"categories":[1],"tags":[],"aioseo_notices":[],"gutentor_comment":0,"rttpg_featured_image_url":{"full":["https:\/\/arantv.az\/wp-content\/uploads\/2023\/10\/turk-surasi.jpg",620,413,false],"landscape":["https:\/\/arantv.az\/wp-content\/uploads\/2023\/10\/turk-surasi.jpg",620,413,false],"portraits":["https:\/\/arantv.az\/wp-content\/uploads\/2023\/10\/turk-surasi.jpg",620,413,false],"thumbnail":["https:\/\/arantv.az\/wp-content\/uploads\/2023\/10\/turk-surasi-500x280.jpg",500,280,true],"medium":["https:\/\/arantv.az\/wp-content\/uploads\/2023\/10\/turk-surasi-548x365.jpg",548,365,true],"large":["https:\/\/arantv.az\/wp-content\/uploads\/2023\/10\/turk-surasi.jpg",620,413,false],"1536x1536":["https:\/\/arantv.az\/wp-content\/uploads\/2023\/10\/turk-surasi.jpg",620,413,false],"2048x2048":["https:\/\/arantv.az\/wp-content\/uploads\/2023\/10\/turk-surasi.jpg",620,413,false],"post-thumbnail":["https:\/\/arantv.az\/wp-content\/uploads\/2023\/10\/turk-surasi-240x172.jpg",240,172,true],"advps-thumb-one":["https:\/\/arantv.az\/wp-content\/uploads\/2023\/10\/turk-surasi.jpg",620,413,false]},"rttpg_author":{"display_name":"V\u00fcsal Rafiqo\u011flu","author_link":"https:\/\/arantv.az\/?author=2"},"rttpg_comment":0,"rttpg_category":"<a href=\"https:\/\/arantv.az\/?cat=1\" rel=\"category\">C\u0259miyy\u0259t<\/a>","rttpg_excerpt":"\u201cT\u00fcrk D\u00f6vl\u0259tl\u0259ri T\u0259\u015fkilat\u0131n\u0131n yarad\u0131lmas\u0131n\u0131n m\u0259qs\u0259di b\u00f6y\u00fck bir irsin qorunmas\u0131na y\u00f6n\u0259lib\u201d. ARANTV.AZ\u00a0 x\u0259b\u0259r verir ki, bu fikirl\u0259ri T\u00fcrk D\u00f6vl\u0259tl\u0259ri T\u0259\u015fkilat\u0131n\u0131n ba\u015f katibinin m\u00fcavini S\u0259di C\u0259f\u0259rov \u201c\u0130\u00e7\u0259ri\u015f\u0259h\u0259r\u201d D\u00f6vl\u0259t Tarix-Memarl\u0131q Qoru\u011fu \u0130dar\u0259sinin T\u00fcrk D\u00f6vl\u0259tl\u0259ri T\u0259\u015fkilat\u0131 il\u0259 birlikd\u0259 t\u0259\u015fkil ed\u0259c\u0259yi \u201cYa\u015fan\u0131labil\u0259n v\u0259 dayan\u0131ql\u0131 irs \u015f\u0259h\u0259rl\u0259ri\u201d (\u201cLivable and Sustainable Heritage Cities\u201d) m\u00f6vzusunda beyn\u0259lxalq konfransda \u00e7\u0131x\u0131\u015f\u0131nda s\u0259sl\u0259ndirib. O bildirib ki, t\u00fcrk&hellip;","_links":{"self":[{"href":"https:\/\/arantv.az\/index.php?rest_route=\/wp\/v2\/posts\/643355"}],"collection":[{"href":"https:\/\/arantv.az\/index.php?rest_route=\/wp\/v2\/posts"}],"about":[{"href":"https:\/\/arantv.az\/index.php?rest_route=\/wp\/v2\/types\/post"}],"author":[{"embeddable":true,"href":"https:\/\/arantv.az\/index.php?rest_route=\/wp\/v2\/users\/2"}],"replies":[{"embeddable":true,"href":"https:\/\/arantv.az\/index.php?rest_route=%2Fwp%2Fv2%2Fcomments&post=643355"}],"version-history":[{"count":0,"href":"https:\/\/arantv.az\/index.php?rest_route=\/wp\/v2\/posts\/643355\/revisions"}],"wp:featuredmedia":[{"embeddable":true,"href":"https:\/\/arantv.az\/index.php?rest_route=\/wp\/v2\/media\/643356"}],"wp:attachment":[{"href":"https:\/\/arantv.az\/index.php?rest_route=%2Fwp%2Fv2%2Fmedia&parent=643355"}],"wp:term":[{"taxonomy":"category","embeddable":true,"href":"https:\/\/arantv.az\/index.php?rest_route=%2Fwp%2Fv2%2Fcategories&post=643355"},{"taxonomy":"post_tag","embeddable":true,"href":"https:\/\/arantv.az\/index.php?rest_route=%2Fwp%2Fv2%2Ftags&post=643355"}],"curies":[{"name":"wp","href":"https:\/\/api.w.org\/{rel}","templated":true}]}}