{"id":643363,"date":"2023-10-10T11:05:35","date_gmt":"2023-10-10T07:05:35","guid":{"rendered":"https:\/\/arantv.az\/?p=643363"},"modified":"2023-10-10T11:05:35","modified_gmt":"2023-10-10T07:05:35","slug":"t%c9%99hluk%c9%99sizlik-surasinin-katibi-erm%c9%99ni-sakinl%c9%99r%c9%99-az%c9%99rbaycan-v%c9%99t%c9%99ndasligi-almaq-ucun-tarixi-furs%c9%99t-verilib","status":"publish","type":"post","link":"https:\/\/arantv.az\/?p=643363","title":{"rendered":"T\u0259hl\u00fck\u0259sizlik \u015euras\u0131n\u0131n katibi: \u201cErm\u0259ni sakinl\u0259r\u0259 Az\u0259rbaycan v\u0259t\u0259nda\u015fl\u0131\u011f\u0131 almaq \u00fc\u00e7\u00fcn tarixi f\u00fcrs\u0259t verilib\u201d"},"content":{"rendered":"<p>\u201cMill\u0259t\u00e7i ideoloqlar\u0131n, separat\u00e7\u0131 rejimin girovlu\u011fundan xilas edil\u0259n v\u0259 n\u0259hay\u0259t, rahat, qorxusuz-\u00fcrk\u00fcs\u00fcz, rifah i\u00e7\u0259risind\u0259 ya\u015famaq imkan\u0131 \u0259ld\u0259 ed\u0259n erm\u0259ni sakinl\u0259r\u0259 Az\u0259rbaycan v\u0259t\u0259nda\u015fl\u0131\u011f\u0131 almaq v\u0259 reinteqrasiya prosesin\u0259 ba\u015flamaq \u00fc\u00e7\u00fcn d\u00f6vl\u0259timiz t\u0259r\u0259find\u0259n tarixi f\u00fcrs\u0259t verilib\u201d.<\/p>\n<p>Bunu Az\u0259rbaycan T\u0259hl\u00fck\u0259sizlik \u015euras\u0131n\u0131n katibi, general-polkovnik Ramil Usubov \u201cAz\u0259rbaycan\u201d q\u0259zetind\u0259 d\u0259rc olunan m\u0259qal\u0259sind\u0259 qeyd edib.<\/p>\n<p>Onun s\u00f6zl\u0259rin\u0259 g\u00f6r\u0259, \u00f6t\u0259n d\u00f6vrd\u0259 Az\u0259rbaycan Silahl\u0131 Q\u00fcvv\u0259l\u0259rinin \u201cQisas\u201d, \u201cQ\u0259tiyy\u0259tli cavab\u201d v\u0259 dig\u0259r h\u0259rbi \u0259m\u0259liyyatlar\u0131, h\u0259m\u00e7inin bu il aprelin 23-d\u0259 La\u00e7\u0131n rayonunda, Az\u0259rbaycan-Erm\u0259nistan \u015f\u0259rti s\u0259rh\u0259dind\u0259 s\u0259rh\u0259d-burax\u0131l\u0131\u015f m\u0259nt\u0259q\u0259sinin qurulmas\u0131 \u201cD\u0259mir yumru\u011f\u201dun g\u00fcc\u00fcn\u00fcn, m\u00f6vcudlu\u011funun davaml\u0131l\u0131\u011f\u0131n\u0131 \u0259yani g\u00f6st\u0259rdi:<\/p>\n<p>\u201cLokal miqyasl\u0131 antiterror t\u0259dbirl\u0259ri is\u0259 separat\u00e7\u0131 rejimin tam iflas\u0131n\u0131 v\u0259 \u0259razimizd\u0259 m\u00f6vcud olan \u201cboz zona\u201dn\u0131n bird\u0259f\u0259lik l\u0259\u011fvini t\u0259min etdi\u201d.<\/p>\n<p>R.Usubov qeyd edib ki, n\u0259yi nec\u0259 v\u0259 n\u0259 vaxt etm\u0259yi ham\u0131dan yax\u015f\u0131 v\u0259 d\u0259qiq bil\u0259n Prezident\u00a0<strong>\u0130lham \u018fliyevin<\/strong>\u00a0y\u00fcks\u0259k pe\u015f\u0259karl\u0131qla v\u0259 q\u0259tiyy\u0259tl\u0259 h\u0259yata ke\u00e7irdiyi strateji plana uy\u011fun olaraq, Qaraba\u011fdak\u0131 prosesl\u0259r saat hesab\u0131 il\u0259 xeyrimiz\u0259 d\u0259yi\u015fir:<\/p>\n<p>\u201cB\u00fct\u00fcn Qaraba\u011fda art\u0131q Az\u0259rbaycan bayra\u011f\u0131 dal\u011falan\u0131r. M\u0259hv edil\u0259n separat\u00e7\u0131 rejimin t\u00f6r-t\u00f6k\u00fcnt\u00fcl\u0259ri t\u0259rk-silah olunur, \u201cboz zona\u201dn\u0131n minas\u0131zla\u015fd\u0131r\u0131lmas\u0131 v\u0259 silahs\u0131zla\u015fd\u0131r\u0131lmas\u0131 prosesi u\u011furla h\u0259yata ke\u00e7irilir, onlar\u0131n cinay\u0259t m\u0259suliyy\u0259tin\u0259 c\u0259lb edil\u0259n avant\u00fcrist ba\u015f\u00e7\u0131lar\u0131 Bak\u0131 h\u0259bsxanalar\u0131nda istintaqa ifad\u0259 verirl\u0259r. Bu \u0259razil\u0259rin d\u0259 h\u0259r qar\u0131\u015f\u0131 \u00e7ox q\u0131sa zamanda Az\u0259rbaycan\u0131n yeni quruculuq \u00fcnvanlar\u0131na \u00e7evril\u0259c\u0259k. H\u0259m\u00e7inin mill\u0259t\u00e7i ideoloqlar\u0131n, separat\u00e7\u0131 rejimin girovlu\u011fundan xilas edil\u0259n v\u0259 n\u0259hay\u0259t, rahat, qorxusuz-\u00fcrk\u00fcs\u00fcz, rifah i\u00e7\u0259risind\u0259 ya\u015famaq imkan\u0131 \u0259ld\u0259 ed\u0259n erm\u0259ni sakinl\u0259r\u0259 Az\u0259rbaycan v\u0259t\u0259nda\u015fl\u0131\u011f\u0131 almaq v\u0259 reinteqrasiya prosesin\u0259 ba\u015flamaq \u00fc\u00e7\u00fcn d\u00f6vl\u0259timiz t\u0259r\u0259find\u0259n tarixi f\u00fcrs\u0259t verilib\u201d.<\/p>\n","protected":false},"excerpt":{"rendered":"<p>\u201cMill\u0259t\u00e7i ideoloqlar\u0131n, separat\u00e7\u0131 rejimin girovlu\u011fundan xilas edil\u0259n v\u0259 n\u0259hay\u0259t, rahat, qorxusuz-\u00fcrk\u00fcs\u00fcz, rifah i\u00e7\u0259risind\u0259 ya\u015famaq imkan\u0131 \u0259ld\u0259 ed\u0259n erm\u0259ni sakinl\u0259r\u0259 Az\u0259rbaycan v\u0259t\u0259nda\u015fl\u0131\u011f\u0131 almaq v\u0259 reinteqrasiya prosesin\u0259 ba\u015flamaq \u00fc\u00e7\u00fcn d\u00f6vl\u0259timiz t\u0259r\u0259find\u0259n tarixi f\u00fcrs\u0259t verilib\u201d. Bunu Az\u0259rbaycan T\u0259hl\u00fck\u0259sizlik \u015euras\u0131n\u0131n katibi, general-polkovnik Ramil Usubov \u201cAz\u0259rbaycan\u201d q\u0259zetind\u0259 d\u0259rc olunan m\u0259qal\u0259sind\u0259 qeyd edib. Onun s\u00f6zl\u0259rin\u0259 g\u00f6r\u0259, \u00f6t\u0259n d\u00f6vrd\u0259 Az\u0259rbaycan Silahl\u0131 Q\u00fcvv\u0259l\u0259rinin \u201cQisas\u201d, \u201cQ\u0259tiyy\u0259tli cavab\u201d v\u0259 dig\u0259r h\u0259rbi \u0259m\u0259liyyatlar\u0131, h\u0259m\u00e7inin bu il aprelin 23-d\u0259 La\u00e7\u0131n rayonunda, Az\u0259rbaycan-Erm\u0259nistan \u015f\u0259rti s\u0259rh\u0259dind\u0259 s\u0259rh\u0259d-burax\u0131l\u0131\u015f m\u0259nt\u0259q\u0259sinin qurulmas\u0131 \u201cD\u0259mir yumru\u011f\u201dun g\u00fcc\u00fcn\u00fcn, m\u00f6vcudlu\u011funun davaml\u0131l\u0131\u011f\u0131n\u0131 \u0259yani g\u00f6st\u0259rdi: \u201cLokal miqyasl\u0131 antiterror t\u0259dbirl\u0259ri is\u0259 separat\u00e7\u0131 rejimin tam&hellip;<\/p>\n","protected":false},"author":2,"featured_media":643367,"comment_status":"closed","ping_status":"closed","sticky":false,"template":"","format":"standard","meta":{"om_disable_all_campaigns":false,"_monsterinsights_skip_tracking":false,"_monsterinsights_sitenote_active":false,"_monsterinsights_sitenote_note":"","_monsterinsights_sitenote_category":0},"categories":[4],"tags":[],"aioseo_notices":[],"gutentor_comment":0,"rttpg_featured_image_url":{"full":["https:\/\/arantv.az\/wp-content\/uploads\/2023\/10\/8ae19e31-4d3a-36a0-8cfd-eebaf4d81d5c_850-1.jpg",620,413,false],"landscape":["https:\/\/arantv.az\/wp-content\/uploads\/2023\/10\/8ae19e31-4d3a-36a0-8cfd-eebaf4d81d5c_850-1.jpg",620,413,false],"portraits":["https:\/\/arantv.az\/wp-content\/uploads\/2023\/10\/8ae19e31-4d3a-36a0-8cfd-eebaf4d81d5c_850-1.jpg",620,413,false],"thumbnail":["https:\/\/arantv.az\/wp-content\/uploads\/2023\/10\/8ae19e31-4d3a-36a0-8cfd-eebaf4d81d5c_850-1-500x280.jpg",500,280,true],"medium":["https:\/\/arantv.az\/wp-content\/uploads\/2023\/10\/8ae19e31-4d3a-36a0-8cfd-eebaf4d81d5c_850-1-548x365.jpg",548,365,true],"large":["https:\/\/arantv.az\/wp-content\/uploads\/2023\/10\/8ae19e31-4d3a-36a0-8cfd-eebaf4d81d5c_850-1.jpg",620,413,false],"1536x1536":["https:\/\/arantv.az\/wp-content\/uploads\/2023\/10\/8ae19e31-4d3a-36a0-8cfd-eebaf4d81d5c_850-1.jpg",620,413,false],"2048x2048":["https:\/\/arantv.az\/wp-content\/uploads\/2023\/10\/8ae19e31-4d3a-36a0-8cfd-eebaf4d81d5c_850-1.jpg",620,413,false],"post-thumbnail":["https:\/\/arantv.az\/wp-content\/uploads\/2023\/10\/8ae19e31-4d3a-36a0-8cfd-eebaf4d81d5c_850-1-240x172.jpg",240,172,true],"advps-thumb-one":["https:\/\/arantv.az\/wp-content\/uploads\/2023\/10\/8ae19e31-4d3a-36a0-8cfd-eebaf4d81d5c_850-1.jpg",620,413,false]},"rttpg_author":{"display_name":"V\u00fcsal Rafiqo\u011flu","author_link":"https:\/\/arantv.az\/?author=2"},"rttpg_comment":0,"rttpg_category":"<a href=\"https:\/\/arantv.az\/?cat=4\" rel=\"category\">Siyas\u0259t<\/a>","rttpg_excerpt":"\u201cMill\u0259t\u00e7i ideoloqlar\u0131n, separat\u00e7\u0131 rejimin girovlu\u011fundan xilas edil\u0259n v\u0259 n\u0259hay\u0259t, rahat, qorxusuz-\u00fcrk\u00fcs\u00fcz, rifah i\u00e7\u0259risind\u0259 ya\u015famaq imkan\u0131 \u0259ld\u0259 ed\u0259n erm\u0259ni sakinl\u0259r\u0259 Az\u0259rbaycan v\u0259t\u0259nda\u015fl\u0131\u011f\u0131 almaq v\u0259 reinteqrasiya prosesin\u0259 ba\u015flamaq \u00fc\u00e7\u00fcn d\u00f6vl\u0259timiz t\u0259r\u0259find\u0259n tarixi f\u00fcrs\u0259t verilib\u201d. Bunu Az\u0259rbaycan T\u0259hl\u00fck\u0259sizlik \u015euras\u0131n\u0131n katibi, general-polkovnik Ramil Usubov \u201cAz\u0259rbaycan\u201d q\u0259zetind\u0259 d\u0259rc olunan m\u0259qal\u0259sind\u0259 qeyd edib. Onun s\u00f6zl\u0259rin\u0259 g\u00f6r\u0259, \u00f6t\u0259n d\u00f6vrd\u0259 Az\u0259rbaycan Silahl\u0131 Q\u00fcvv\u0259l\u0259rinin&hellip;","_links":{"self":[{"href":"https:\/\/arantv.az\/index.php?rest_route=\/wp\/v2\/posts\/643363"}],"collection":[{"href":"https:\/\/arantv.az\/index.php?rest_route=\/wp\/v2\/posts"}],"about":[{"href":"https:\/\/arantv.az\/index.php?rest_route=\/wp\/v2\/types\/post"}],"author":[{"embeddable":true,"href":"https:\/\/arantv.az\/index.php?rest_route=\/wp\/v2\/users\/2"}],"replies":[{"embeddable":true,"href":"https:\/\/arantv.az\/index.php?rest_route=%2Fwp%2Fv2%2Fcomments&post=643363"}],"version-history":[{"count":0,"href":"https:\/\/arantv.az\/index.php?rest_route=\/wp\/v2\/posts\/643363\/revisions"}],"wp:featuredmedia":[{"embeddable":true,"href":"https:\/\/arantv.az\/index.php?rest_route=\/wp\/v2\/media\/643367"}],"wp:attachment":[{"href":"https:\/\/arantv.az\/index.php?rest_route=%2Fwp%2Fv2%2Fmedia&parent=643363"}],"wp:term":[{"taxonomy":"category","embeddable":true,"href":"https:\/\/arantv.az\/index.php?rest_route=%2Fwp%2Fv2%2Fcategories&post=643363"},{"taxonomy":"post_tag","embeddable":true,"href":"https:\/\/arantv.az\/index.php?rest_route=%2Fwp%2Fv2%2Ftags&post=643363"}],"curies":[{"name":"wp","href":"https:\/\/api.w.org\/{rel}","templated":true}]}}