{"id":643370,"date":"2023-10-10T11:10:06","date_gmt":"2023-10-10T07:10:06","guid":{"rendered":"https:\/\/arantv.az\/?p=643370"},"modified":"2023-10-10T11:10:06","modified_gmt":"2023-10-10T07:10:06","slug":"saleh-m%c9%99mm%c9%99dov-bu-il-qarabag-v%c9%99-s%c9%99rqi-z%c9%99ng%c9%99zurda-daha-12-yol-layih%c9%99si-basa-catdirilacaq","status":"publish","type":"post","link":"https:\/\/arantv.az\/?p=643370","title":{"rendered":"Saleh M\u0259mm\u0259dov: \u201cBu il Qaraba\u011f v\u0259 \u015e\u0259rqi Z\u0259ng\u0259zurda daha 12 yol layih\u0259si ba\u015fa \u00e7atd\u0131r\u0131lacaq\u201d"},"content":{"rendered":"<p>Az\u0259rbaycan Avtomobil Yollar\u0131 D\u00f6vl\u0259t Agentliyi (AAYDA) 2023-c\u00fc il \u0259rzind\u0259 Qaraba\u011f v\u0259 \u015e\u0259rqi Z\u0259ng\u0259zurda daha 12 yol layih\u0259sinin ba\u015fa \u00e7atd\u0131r\u0131lmas\u0131n\u0131 h\u0259d\u0259fl\u0259yir.<\/p>\n<p>\u201cReport\u201d x\u0259b\u0259r verir ki, bunu AAYDA-n\u0131n \u0130dar\u0259 Hey\u0259tinin s\u0259dri Saleh M\u0259mm\u0259dov \u201cAz\u0259rbaycan\u201d q\u0259zetind\u0259 d\u0259rc edil\u0259n \u201cZ\u0259f\u0259r yollar\u0131n\u0131n q\u00fcdr\u0259tli qurucusu\u201d adl\u0131 yaz\u0131s\u0131nda deyib.<\/p>\n<p>S.M\u0259mm\u0259dov, o c\u00fcml\u0259d\u0259n haz\u0131rda bu \u0259razil\u0259rd\u0259 icra olunan yol infrastrukturu layih\u0259l\u0259rind\u0259 \u00fcmumi uzunlu\u011fu 66 km-\u0259 yax\u0131n olan 39 avtomobil tunelinin in\u015fas\u0131n\u0131n h\u0259yata ke\u00e7irildiyini bildirib:<\/p>\n<p>\u201c\u00dcmumilikd\u0259 is\u0259 i\u015f\u011faldan azad edilmi\u015f \u0259razil\u0259rimizd\u0259 2026-c\u0131 il\u0259 q\u0259d\u0259r 2 300 kilometr\u0259 yax\u0131n 20 avtomobil yolu layih\u0259sinin icras\u0131 n\u0259z\u0259rd\u0259 tutulur\u201d.<\/p>\n<p>Xat\u0131rladaq ki, i\u015f\u011faldan azad edilmi\u015f \u0259razil\u0259rd\u0259 2021-ci il oktyabr\u0131n 3-d\u0259 uzunlu\u011fu 28,5 km t\u0259\u015fkil ed\u0259n T\u0259rt\u0259r-\u00c7ayl\u0131-Suqovu\u015fan-Tal\u0131\u015f avtomobil yolu, 2021-ci il noyabr\u0131n 7-d\u0259 uzunlu\u011fu 101,5 km olan Z\u0259f\u0259r yolu istifad\u0259y\u0259 verilib. 2022-ci ilin oktyabr\u0131nda \u015e\u00fck\u00fcrb\u0259yli-C\u0259bray\u0131l-Hadrut avtomobil yolunun 14,2 kilometrlik \u015e\u00fck\u00fcrb\u0259yli-C\u0259bray\u0131l hiss\u0259sinin, 2023-c\u00fc ilin may\u0131nda is\u0259 8,2 kilometrlik hiss\u0259sinin a\u00e7\u0131l\u0131\u015f\u0131 olub. 2022-ci ild\u0259, h\u0259m\u00e7inin La\u00e7\u0131n \u015f\u0259h\u0259rin\u0259 daxil olmadan 22 km-lik yeni alternativ avtomobil yolunun tikintisi ba\u015fa \u00e7atd\u0131r\u0131l\u0131b. 2023-c\u00fc ilin may ay\u0131nda F\u00fczuli-Hadrut avtomobil yolunun tikintisi tam yerin\u0259 yetirilib. Eyni zamanda Z\u0259ng\u0259zur d\u0259hlizinin m\u00fch\u00fcm elementi olan 123,6 km-lik 1-ci texniki d\u0259r\u0259c\u0259li Horadiz-C\u0259bray\u0131l-Z\u0259ngilan-A\u011fb\u0259nd layih\u0259si \u00fczr\u0259 i\u015fl\u0259rin b\u00f6y\u00fck hiss\u0259si art\u0131q g\u00f6r\u00fcl\u00fcb.<\/p>\n","protected":false},"excerpt":{"rendered":"<p>Az\u0259rbaycan Avtomobil Yollar\u0131 D\u00f6vl\u0259t Agentliyi (AAYDA) 2023-c\u00fc il \u0259rzind\u0259 Qaraba\u011f v\u0259 \u015e\u0259rqi Z\u0259ng\u0259zurda daha 12 yol layih\u0259sinin ba\u015fa \u00e7atd\u0131r\u0131lmas\u0131n\u0131 h\u0259d\u0259fl\u0259yir. \u201cReport\u201d x\u0259b\u0259r verir ki, bunu AAYDA-n\u0131n \u0130dar\u0259 Hey\u0259tinin s\u0259dri Saleh M\u0259mm\u0259dov \u201cAz\u0259rbaycan\u201d q\u0259zetind\u0259 d\u0259rc edil\u0259n \u201cZ\u0259f\u0259r yollar\u0131n\u0131n q\u00fcdr\u0259tli qurucusu\u201d adl\u0131 yaz\u0131s\u0131nda deyib. S.M\u0259mm\u0259dov, o c\u00fcml\u0259d\u0259n haz\u0131rda bu \u0259razil\u0259rd\u0259 icra olunan yol infrastrukturu layih\u0259l\u0259rind\u0259 \u00fcmumi uzunlu\u011fu 66 km-\u0259 yax\u0131n olan 39 avtomobil tunelinin in\u015fas\u0131n\u0131n h\u0259yata ke\u00e7irildiyini bildirib: \u201c\u00dcmumilikd\u0259 is\u0259 i\u015f\u011faldan azad edilmi\u015f \u0259razil\u0259rimizd\u0259 2026-c\u0131 il\u0259 q\u0259d\u0259r 2 300 kilometr\u0259 yax\u0131n 20 avtomobil yolu layih\u0259sinin icras\u0131 n\u0259z\u0259rd\u0259 tutulur\u201d. Xat\u0131rladaq ki, i\u015f\u011faldan azad&hellip;<\/p>\n","protected":false},"author":2,"featured_media":643371,"comment_status":"closed","ping_status":"closed","sticky":false,"template":"","format":"standard","meta":{"om_disable_all_campaigns":false,"_monsterinsights_skip_tracking":false,"_monsterinsights_sitenote_active":false,"_monsterinsights_sitenote_note":"","_monsterinsights_sitenote_category":0},"categories":[19],"tags":[],"aioseo_notices":[],"gutentor_comment":0,"rttpg_featured_image_url":{"full":["https:\/\/arantv.az\/wp-content\/uploads\/2023\/10\/d91b04f1-3f0a-33d9-83f9-a4c0bec57fe9_850.jpg",620,413,false],"landscape":["https:\/\/arantv.az\/wp-content\/uploads\/2023\/10\/d91b04f1-3f0a-33d9-83f9-a4c0bec57fe9_850.jpg",620,413,false],"portraits":["https:\/\/arantv.az\/wp-content\/uploads\/2023\/10\/d91b04f1-3f0a-33d9-83f9-a4c0bec57fe9_850.jpg",620,413,false],"thumbnail":["https:\/\/arantv.az\/wp-content\/uploads\/2023\/10\/d91b04f1-3f0a-33d9-83f9-a4c0bec57fe9_850-500x280.jpg",500,280,true],"medium":["https:\/\/arantv.az\/wp-content\/uploads\/2023\/10\/d91b04f1-3f0a-33d9-83f9-a4c0bec57fe9_850-548x365.jpg",548,365,true],"large":["https:\/\/arantv.az\/wp-content\/uploads\/2023\/10\/d91b04f1-3f0a-33d9-83f9-a4c0bec57fe9_850.jpg",620,413,false],"1536x1536":["https:\/\/arantv.az\/wp-content\/uploads\/2023\/10\/d91b04f1-3f0a-33d9-83f9-a4c0bec57fe9_850.jpg",620,413,false],"2048x2048":["https:\/\/arantv.az\/wp-content\/uploads\/2023\/10\/d91b04f1-3f0a-33d9-83f9-a4c0bec57fe9_850.jpg",620,413,false],"post-thumbnail":["https:\/\/arantv.az\/wp-content\/uploads\/2023\/10\/d91b04f1-3f0a-33d9-83f9-a4c0bec57fe9_850-240x172.jpg",240,172,true],"advps-thumb-one":["https:\/\/arantv.az\/wp-content\/uploads\/2023\/10\/d91b04f1-3f0a-33d9-83f9-a4c0bec57fe9_850.jpg",620,413,false]},"rttpg_author":{"display_name":"V\u00fcsal Rafiqo\u011flu","author_link":"https:\/\/arantv.az\/?author=2"},"rttpg_comment":0,"rttpg_category":"<a href=\"https:\/\/arantv.az\/?cat=19\" rel=\"category\">G\u00fcnd\u0259m<\/a>","rttpg_excerpt":"Az\u0259rbaycan Avtomobil Yollar\u0131 D\u00f6vl\u0259t Agentliyi (AAYDA) 2023-c\u00fc il \u0259rzind\u0259 Qaraba\u011f v\u0259 \u015e\u0259rqi Z\u0259ng\u0259zurda daha 12 yol layih\u0259sinin ba\u015fa \u00e7atd\u0131r\u0131lmas\u0131n\u0131 h\u0259d\u0259fl\u0259yir. \u201cReport\u201d x\u0259b\u0259r verir ki, bunu AAYDA-n\u0131n \u0130dar\u0259 Hey\u0259tinin s\u0259dri Saleh M\u0259mm\u0259dov \u201cAz\u0259rbaycan\u201d q\u0259zetind\u0259 d\u0259rc edil\u0259n \u201cZ\u0259f\u0259r yollar\u0131n\u0131n q\u00fcdr\u0259tli qurucusu\u201d adl\u0131 yaz\u0131s\u0131nda deyib. S.M\u0259mm\u0259dov, o c\u00fcml\u0259d\u0259n haz\u0131rda bu \u0259razil\u0259rd\u0259 icra olunan yol infrastrukturu layih\u0259l\u0259rind\u0259 \u00fcmumi uzunlu\u011fu&hellip;","_links":{"self":[{"href":"https:\/\/arantv.az\/index.php?rest_route=\/wp\/v2\/posts\/643370"}],"collection":[{"href":"https:\/\/arantv.az\/index.php?rest_route=\/wp\/v2\/posts"}],"about":[{"href":"https:\/\/arantv.az\/index.php?rest_route=\/wp\/v2\/types\/post"}],"author":[{"embeddable":true,"href":"https:\/\/arantv.az\/index.php?rest_route=\/wp\/v2\/users\/2"}],"replies":[{"embeddable":true,"href":"https:\/\/arantv.az\/index.php?rest_route=%2Fwp%2Fv2%2Fcomments&post=643370"}],"version-history":[{"count":0,"href":"https:\/\/arantv.az\/index.php?rest_route=\/wp\/v2\/posts\/643370\/revisions"}],"wp:featuredmedia":[{"embeddable":true,"href":"https:\/\/arantv.az\/index.php?rest_route=\/wp\/v2\/media\/643371"}],"wp:attachment":[{"href":"https:\/\/arantv.az\/index.php?rest_route=%2Fwp%2Fv2%2Fmedia&parent=643370"}],"wp:term":[{"taxonomy":"category","embeddable":true,"href":"https:\/\/arantv.az\/index.php?rest_route=%2Fwp%2Fv2%2Fcategories&post=643370"},{"taxonomy":"post_tag","embeddable":true,"href":"https:\/\/arantv.az\/index.php?rest_route=%2Fwp%2Fv2%2Ftags&post=643370"}],"curies":[{"name":"wp","href":"https:\/\/api.w.org\/{rel}","templated":true}]}}