{"id":643376,"date":"2023-10-10T11:20:59","date_gmt":"2023-10-10T07:20:59","guid":{"rendered":"https:\/\/arantv.az\/?p=643376"},"modified":"2023-10-10T11:20:59","modified_gmt":"2023-10-10T07:20:59","slug":"az%c9%99rbaycan-iii-korkut-ata-turk-dunyasi-film-festivalinin-zirv%c9%99-gorusu-kecirilir","status":"publish","type":"post","link":"https:\/\/arantv.az\/?p=643376","title":{"rendered":"Az\u0259rbaycan III \u201cKorkut Ata\u201d T\u00fcrk D\u00fcnyas\u0131 Film Festival\u0131n\u0131n Zirv\u0259 g\u00f6r\u00fc\u015f\u00fc ke\u00e7irilir"},"content":{"rendered":"<p>Oktyabr\u0131n 8-d\u0259n start g\u00f6t\u00fcr\u0259n III \u201cKorkut Ata\u201d T\u00fcrk D\u00fcnyas\u0131 Film Festival\u0131n\u0131n Zirv\u0259 g\u00f6r\u00fc\u015f\u00fc ke\u00e7irilir.<\/p>\n<p>\u201cReport\u201d\u00a0x\u0259b\u0259r verir ki, festival M\u0259d\u0259niyy\u0259t Nazirliyi, Heyd\u0259r \u018fliyev M\u0259rk\u0259zi, Kino Agentliyi, Bak\u0131 Media M\u0259rk\u0259zinin v\u0259 T\u00dcRKSOY-un birg\u0259 t\u0259\u015fkilat\u00e7\u0131l\u0131\u011f\u0131 il\u0259 realla\u015f\u0131r.<\/p>\n<p>Festival\u0131n m\u0259qs\u0259di t\u00fcrk d\u00fcnyas\u0131n\u0131n birliyini v\u0259 t\u00fcrk xalqlar\u0131 aras\u0131nda m\u0259d\u0259ni \u0259m\u0259kda\u015fl\u0131\u011f\u0131 inki\u015faf etdirm\u0259k, t\u00fcrk d\u00f6vl\u0259tl\u0259rinin i\u015ftirak\u0131 il\u0259 ortaq audiovizual m\u0259kan yaradaraq xalqlar\u0131n bu m\u0259kana inteqrasiyas\u0131na t\u00f6hf\u0259 verm\u0259kdir.<\/p>\n<p>2021-ci ild\u0259n t\u0259\u015fkil olunan festival ilk d\u0259f\u0259 T\u00fcrkiy\u0259nin \u0130stanbul \u015f\u0259h\u0259rind\u0259, ikinci d\u0259f\u0259 is\u0259 \u00f6t\u0259n il qarda\u015f \u00f6lk\u0259nin Bursa \u015f\u0259h\u0259rind\u0259 ke\u00e7irilib.<\/p>\n<p>Art\u0131q \u00fc\u00e7\u00fcnc\u00fc d\u0259f\u0259 t\u0259\u015fkil edil\u0259n festivala Az\u0259rbaycan, T\u00fcrkiy\u0259, \u00d6zb\u0259kistan, Qazax\u0131stan, Q\u0131r\u011f\u0131z\u0131stan v\u0259 T\u00fcrkm\u0259nistanla yana\u015f\u0131, Qaqauz Yeri (Moldova), Tatar\u0131stan, Saxa-Yakutiya, Da\u011f\u0131stan (Noqay), Kabarda-Balkar, \u00c7uva\u015f\u0131stan, Qara\u00e7ay-\u00c7\u0259rk\u0259z, Tuva v\u0259 Ba\u015fq\u0131rd\u0131standan (Rusiya Federasiyas\u0131) 32 b\u0259dii, s\u0259n\u0259dli v\u0259 animasiya filmi t\u0259qdim olunub.<\/p>\n","protected":false},"excerpt":{"rendered":"<p>Oktyabr\u0131n 8-d\u0259n start g\u00f6t\u00fcr\u0259n III \u201cKorkut Ata\u201d T\u00fcrk D\u00fcnyas\u0131 Film Festival\u0131n\u0131n Zirv\u0259 g\u00f6r\u00fc\u015f\u00fc ke\u00e7irilir. \u201cReport\u201d\u00a0x\u0259b\u0259r verir ki, festival M\u0259d\u0259niyy\u0259t Nazirliyi, Heyd\u0259r \u018fliyev M\u0259rk\u0259zi, Kino Agentliyi, Bak\u0131 Media M\u0259rk\u0259zinin v\u0259 T\u00dcRKSOY-un birg\u0259 t\u0259\u015fkilat\u00e7\u0131l\u0131\u011f\u0131 il\u0259 realla\u015f\u0131r. Festival\u0131n m\u0259qs\u0259di t\u00fcrk d\u00fcnyas\u0131n\u0131n birliyini v\u0259 t\u00fcrk xalqlar\u0131 aras\u0131nda m\u0259d\u0259ni \u0259m\u0259kda\u015fl\u0131\u011f\u0131 inki\u015faf etdirm\u0259k, t\u00fcrk d\u00f6vl\u0259tl\u0259rinin i\u015ftirak\u0131 il\u0259 ortaq audiovizual m\u0259kan yaradaraq xalqlar\u0131n bu m\u0259kana inteqrasiyas\u0131na t\u00f6hf\u0259 verm\u0259kdir. 2021-ci ild\u0259n t\u0259\u015fkil olunan festival ilk d\u0259f\u0259 T\u00fcrkiy\u0259nin \u0130stanbul \u015f\u0259h\u0259rind\u0259, ikinci d\u0259f\u0259 is\u0259 \u00f6t\u0259n il qarda\u015f \u00f6lk\u0259nin Bursa \u015f\u0259h\u0259rind\u0259 ke\u00e7irilib. Art\u0131q \u00fc\u00e7\u00fcnc\u00fc d\u0259f\u0259 t\u0259\u015fkil edil\u0259n festivala Az\u0259rbaycan, T\u00fcrkiy\u0259, \u00d6zb\u0259kistan,&hellip;<\/p>\n","protected":false},"author":2,"featured_media":478997,"comment_status":"closed","ping_status":"closed","sticky":false,"template":"","format":"standard","meta":{"om_disable_all_campaigns":false,"_monsterinsights_skip_tracking":false,"_monsterinsights_sitenote_active":false,"_monsterinsights_sitenote_note":"","_monsterinsights_sitenote_category":0},"categories":[4],"tags":[],"aioseo_notices":[],"gutentor_comment":0,"rttpg_featured_image_url":{"full":["https:\/\/arantv.az\/wp-content\/uploads\/2022\/05\/baki_yuzerpik_035.jpg",800,600,false],"landscape":["https:\/\/arantv.az\/wp-content\/uploads\/2022\/05\/baki_yuzerpik_035.jpg",800,600,false],"portraits":["https:\/\/arantv.az\/wp-content\/uploads\/2022\/05\/baki_yuzerpik_035.jpg",800,600,false],"thumbnail":["https:\/\/arantv.az\/wp-content\/uploads\/2022\/05\/baki_yuzerpik_035-500x280.jpg",500,280,true],"medium":["https:\/\/arantv.az\/wp-content\/uploads\/2022\/05\/baki_yuzerpik_035-487x365.jpg",487,365,true],"large":["https:\/\/arantv.az\/wp-content\/uploads\/2022\/05\/baki_yuzerpik_035.jpg",640,480,false],"1536x1536":["https:\/\/arantv.az\/wp-content\/uploads\/2022\/05\/baki_yuzerpik_035.jpg",800,600,false],"2048x2048":["https:\/\/arantv.az\/wp-content\/uploads\/2022\/05\/baki_yuzerpik_035.jpg",800,600,false],"post-thumbnail":["https:\/\/arantv.az\/wp-content\/uploads\/2022\/05\/baki_yuzerpik_035-240x172.jpg",240,172,true],"advps-thumb-one":["https:\/\/arantv.az\/wp-content\/uploads\/2022\/05\/baki_yuzerpik_035.jpg",800,600,false]},"rttpg_author":{"display_name":"V\u00fcsal Rafiqo\u011flu","author_link":"https:\/\/arantv.az\/?author=2"},"rttpg_comment":0,"rttpg_category":"<a href=\"https:\/\/arantv.az\/?cat=4\" rel=\"category\">Siyas\u0259t<\/a>","rttpg_excerpt":"Oktyabr\u0131n 8-d\u0259n start g\u00f6t\u00fcr\u0259n III \u201cKorkut Ata\u201d T\u00fcrk D\u00fcnyas\u0131 Film Festival\u0131n\u0131n Zirv\u0259 g\u00f6r\u00fc\u015f\u00fc ke\u00e7irilir. \u201cReport\u201d\u00a0x\u0259b\u0259r verir ki, festival M\u0259d\u0259niyy\u0259t Nazirliyi, Heyd\u0259r \u018fliyev M\u0259rk\u0259zi, Kino Agentliyi, Bak\u0131 Media M\u0259rk\u0259zinin v\u0259 T\u00dcRKSOY-un birg\u0259 t\u0259\u015fkilat\u00e7\u0131l\u0131\u011f\u0131 il\u0259 realla\u015f\u0131r. Festival\u0131n m\u0259qs\u0259di t\u00fcrk d\u00fcnyas\u0131n\u0131n birliyini v\u0259 t\u00fcrk xalqlar\u0131 aras\u0131nda m\u0259d\u0259ni \u0259m\u0259kda\u015fl\u0131\u011f\u0131 inki\u015faf etdirm\u0259k, t\u00fcrk d\u00f6vl\u0259tl\u0259rinin i\u015ftirak\u0131 il\u0259 ortaq audiovizual m\u0259kan yaradaraq&hellip;","_links":{"self":[{"href":"https:\/\/arantv.az\/index.php?rest_route=\/wp\/v2\/posts\/643376"}],"collection":[{"href":"https:\/\/arantv.az\/index.php?rest_route=\/wp\/v2\/posts"}],"about":[{"href":"https:\/\/arantv.az\/index.php?rest_route=\/wp\/v2\/types\/post"}],"author":[{"embeddable":true,"href":"https:\/\/arantv.az\/index.php?rest_route=\/wp\/v2\/users\/2"}],"replies":[{"embeddable":true,"href":"https:\/\/arantv.az\/index.php?rest_route=%2Fwp%2Fv2%2Fcomments&post=643376"}],"version-history":[{"count":0,"href":"https:\/\/arantv.az\/index.php?rest_route=\/wp\/v2\/posts\/643376\/revisions"}],"wp:featuredmedia":[{"embeddable":true,"href":"https:\/\/arantv.az\/index.php?rest_route=\/wp\/v2\/media\/478997"}],"wp:attachment":[{"href":"https:\/\/arantv.az\/index.php?rest_route=%2Fwp%2Fv2%2Fmedia&parent=643376"}],"wp:term":[{"taxonomy":"category","embeddable":true,"href":"https:\/\/arantv.az\/index.php?rest_route=%2Fwp%2Fv2%2Fcategories&post=643376"},{"taxonomy":"post_tag","embeddable":true,"href":"https:\/\/arantv.az\/index.php?rest_route=%2Fwp%2Fv2%2Ftags&post=643376"}],"curies":[{"name":"wp","href":"https:\/\/api.w.org\/{rel}","templated":true}]}}