{"id":643378,"date":"2023-10-10T12:05:10","date_gmt":"2023-10-10T08:05:10","guid":{"rendered":"https:\/\/arantv.az\/?p=643378"},"modified":"2023-10-10T12:05:10","modified_gmt":"2023-10-10T08:05:10","slug":"olumund%c9%99n-sonra-uc-medalla-t%c9%99ltif-edil%c9%99n-s%c9%99hidimizin-son-sozl%c9%99ri-video","status":"publish","type":"post","link":"https:\/\/arantv.az\/?p=643378","title":{"rendered":"\u00d6l\u00fcm\u00fcnd\u0259n sonra \u00fc\u00e7 medalla t\u0259ltif edil\u0259n \u015f\u0259hidimizin SON S\u00d6ZL\u018fR\u0130 &#8211; V\u0130DEO"},"content":{"rendered":"<article class=\"news\">\n<div class=\"news-inner\">\n<p>Baku TV V\u0259t\u0259n m\u00fcharib\u0259sind\u0259 q\u0259hr\u0259mancas\u0131na \u015f\u0259hid olan V\u00fcsal D\u0259mirovun ail\u0259sini ziyar\u0259t edib.<\/p>\n<p>\u015e\u0259hidin anas\u0131 N\u00fc\u015fab\u0259 D\u0259mirova V\u00fcsal\u0131n dostlar\u0131 vasit\u0259sil\u0259 ona \u00e7atd\u0131rd\u0131\u011f\u0131 son s\u00f6z\u00fcnd\u0259n dan\u0131\u015f\u0131b:<\/p>\n<p>\u201cDostlar\u0131 m\u00fcharib\u0259d\u0259n g\u0259l\u0259nd\u0259 V\u00fcsal\u0131n son s\u00f6z\u00fcn\u00fc \u00e7atd\u0131rd\u0131lar. Vurulanda Tahir adl\u0131 dostunu \u00e7a\u011f\u0131r\u0131b ki, anama dey\u0259rs\u0259n, onu \u015f\u0259hid anas\u0131 etdim. Ba\u015f\u0131n\u0131 uca tutsun\u201d.<\/p>\n<p>\u015e\u0259hidin bac\u0131s\u0131 V\u00fcsal\u0259 D\u0259mirova is\u0259 qarda\u015f\u0131 il\u0259 ba\u011fl\u0131 xatir\u0259l\u0259rind\u0259n b\u0259hs edib:<\/p>\n<p>\u201cM\u0259n\u0259 h\u0259m ata, h\u0259m d\u0259 qarda\u015f olub. \u0130kimiz d\u0259 c\u00fcdo\u00e7u idik, birlikd\u0259 idmana gedirdik. N\u0259inki \u00fcz\u00fclm\u0259y\u0259, g\u00f6z\u00fcmd\u0259n bir damla ya\u015f \u00e7\u0131xma\u011f\u0131na bel\u0259 imkan verm\u0259zdi\u201d.<\/p>\n<p>Qeyd ed\u0259k ki, V\u00fcsal D\u0259mirov \u00f6l\u00fcm\u00fcnd\u0259n sonra \u201cV\u0259t\u0259n u\u011frunda\u201d, \u201cF\u00fczulinin azad olunmas\u0131na g\u00f6r\u0259\u201d, \u201cXocav\u0259ndin azad olunmas\u0131na g\u00f6r\u0259\u201d medallar\u0131 il\u0259 t\u0259ltif edilib.<\/p>\n<div><iframe loading=\"lazy\" title=\"YouTube video player\" src=\"https:\/\/www.youtube.com\/embed\/cJOsEP6RRro?si=WwdFPAa-cx7ElwqO\" width=\"560\" height=\"315\" frameborder=\"0\" allowfullscreen=\"allowfullscreen\" data-mce-fragment=\"1\"><\/iframe><\/div>\n<\/div>\n<\/article>\n","protected":false},"excerpt":{"rendered":"<p>Baku TV V\u0259t\u0259n m\u00fcharib\u0259sind\u0259 q\u0259hr\u0259mancas\u0131na \u015f\u0259hid olan V\u00fcsal D\u0259mirovun ail\u0259sini ziyar\u0259t edib. \u015e\u0259hidin anas\u0131 N\u00fc\u015fab\u0259 D\u0259mirova V\u00fcsal\u0131n dostlar\u0131 vasit\u0259sil\u0259 ona \u00e7atd\u0131rd\u0131\u011f\u0131 son s\u00f6z\u00fcnd\u0259n dan\u0131\u015f\u0131b: \u201cDostlar\u0131 m\u00fcharib\u0259d\u0259n g\u0259l\u0259nd\u0259 V\u00fcsal\u0131n son s\u00f6z\u00fcn\u00fc \u00e7atd\u0131rd\u0131lar. Vurulanda Tahir adl\u0131 dostunu \u00e7a\u011f\u0131r\u0131b ki, anama dey\u0259rs\u0259n, onu \u015f\u0259hid anas\u0131 etdim. Ba\u015f\u0131n\u0131 uca tutsun\u201d. \u015e\u0259hidin bac\u0131s\u0131 V\u00fcsal\u0259 D\u0259mirova is\u0259 qarda\u015f\u0131 il\u0259 ba\u011fl\u0131 xatir\u0259l\u0259rind\u0259n b\u0259hs edib: \u201cM\u0259n\u0259 h\u0259m ata, h\u0259m d\u0259 qarda\u015f olub. \u0130kimiz d\u0259 c\u00fcdo\u00e7u idik, birlikd\u0259 idmana gedirdik. N\u0259inki \u00fcz\u00fclm\u0259y\u0259, g\u00f6z\u00fcmd\u0259n bir damla ya\u015f \u00e7\u0131xma\u011f\u0131na bel\u0259 imkan verm\u0259zdi\u201d. Qeyd ed\u0259k ki, V\u00fcsal D\u0259mirov \u00f6l\u00fcm\u00fcnd\u0259n sonra \u201cV\u0259t\u0259n u\u011frunda\u201d,&hellip;<\/p>\n","protected":false},"author":2,"featured_media":643382,"comment_status":"closed","ping_status":"closed","sticky":false,"template":"","format":"standard","meta":{"om_disable_all_campaigns":false,"_monsterinsights_skip_tracking":false,"_monsterinsights_sitenote_active":false,"_monsterinsights_sitenote_note":"","_monsterinsights_sitenote_category":0},"categories":[1],"tags":[],"aioseo_notices":[],"gutentor_comment":0,"rttpg_featured_image_url":{"full":["https:\/\/arantv.az\/wp-content\/uploads\/2023\/10\/FotoJet-4-6.jpg",620,413,false],"landscape":["https:\/\/arantv.az\/wp-content\/uploads\/2023\/10\/FotoJet-4-6.jpg",620,413,false],"portraits":["https:\/\/arantv.az\/wp-content\/uploads\/2023\/10\/FotoJet-4-6.jpg",620,413,false],"thumbnail":["https:\/\/arantv.az\/wp-content\/uploads\/2023\/10\/FotoJet-4-6-500x280.jpg",500,280,true],"medium":["https:\/\/arantv.az\/wp-content\/uploads\/2023\/10\/FotoJet-4-6-548x365.jpg",548,365,true],"large":["https:\/\/arantv.az\/wp-content\/uploads\/2023\/10\/FotoJet-4-6.jpg",620,413,false],"1536x1536":["https:\/\/arantv.az\/wp-content\/uploads\/2023\/10\/FotoJet-4-6.jpg",620,413,false],"2048x2048":["https:\/\/arantv.az\/wp-content\/uploads\/2023\/10\/FotoJet-4-6.jpg",620,413,false],"post-thumbnail":["https:\/\/arantv.az\/wp-content\/uploads\/2023\/10\/FotoJet-4-6-240x172.jpg",240,172,true],"advps-thumb-one":["https:\/\/arantv.az\/wp-content\/uploads\/2023\/10\/FotoJet-4-6.jpg",620,413,false]},"rttpg_author":{"display_name":"V\u00fcsal Rafiqo\u011flu","author_link":"https:\/\/arantv.az\/?author=2"},"rttpg_comment":0,"rttpg_category":"<a href=\"https:\/\/arantv.az\/?cat=1\" rel=\"category\">C\u0259miyy\u0259t<\/a>","rttpg_excerpt":"Baku TV V\u0259t\u0259n m\u00fcharib\u0259sind\u0259 q\u0259hr\u0259mancas\u0131na \u015f\u0259hid olan V\u00fcsal D\u0259mirovun ail\u0259sini ziyar\u0259t edib. \u015e\u0259hidin anas\u0131 N\u00fc\u015fab\u0259 D\u0259mirova V\u00fcsal\u0131n dostlar\u0131 vasit\u0259sil\u0259 ona \u00e7atd\u0131rd\u0131\u011f\u0131 son s\u00f6z\u00fcnd\u0259n dan\u0131\u015f\u0131b: \u201cDostlar\u0131 m\u00fcharib\u0259d\u0259n g\u0259l\u0259nd\u0259 V\u00fcsal\u0131n son s\u00f6z\u00fcn\u00fc \u00e7atd\u0131rd\u0131lar. Vurulanda Tahir adl\u0131 dostunu \u00e7a\u011f\u0131r\u0131b ki, anama dey\u0259rs\u0259n, onu \u015f\u0259hid anas\u0131 etdim. Ba\u015f\u0131n\u0131 uca tutsun\u201d. \u015e\u0259hidin bac\u0131s\u0131 V\u00fcsal\u0259 D\u0259mirova is\u0259 qarda\u015f\u0131 il\u0259 ba\u011fl\u0131 xatir\u0259l\u0259rind\u0259n&hellip;","_links":{"self":[{"href":"https:\/\/arantv.az\/index.php?rest_route=\/wp\/v2\/posts\/643378"}],"collection":[{"href":"https:\/\/arantv.az\/index.php?rest_route=\/wp\/v2\/posts"}],"about":[{"href":"https:\/\/arantv.az\/index.php?rest_route=\/wp\/v2\/types\/post"}],"author":[{"embeddable":true,"href":"https:\/\/arantv.az\/index.php?rest_route=\/wp\/v2\/users\/2"}],"replies":[{"embeddable":true,"href":"https:\/\/arantv.az\/index.php?rest_route=%2Fwp%2Fv2%2Fcomments&post=643378"}],"version-history":[{"count":0,"href":"https:\/\/arantv.az\/index.php?rest_route=\/wp\/v2\/posts\/643378\/revisions"}],"wp:featuredmedia":[{"embeddable":true,"href":"https:\/\/arantv.az\/index.php?rest_route=\/wp\/v2\/media\/643382"}],"wp:attachment":[{"href":"https:\/\/arantv.az\/index.php?rest_route=%2Fwp%2Fv2%2Fmedia&parent=643378"}],"wp:term":[{"taxonomy":"category","embeddable":true,"href":"https:\/\/arantv.az\/index.php?rest_route=%2Fwp%2Fv2%2Fcategories&post=643378"},{"taxonomy":"post_tag","embeddable":true,"href":"https:\/\/arantv.az\/index.php?rest_route=%2Fwp%2Fv2%2Ftags&post=643378"}],"curies":[{"name":"wp","href":"https:\/\/api.w.org\/{rel}","templated":true}]}}