{"id":643381,"date":"2023-10-10T12:05:41","date_gmt":"2023-10-10T08:05:41","guid":{"rendered":"https:\/\/arantv.az\/?p=643381"},"modified":"2023-10-10T12:05:41","modified_gmt":"2023-10-10T08:05:41","slug":"general-polkovnik-qarabagdaki-h%c9%99rbi-xunta-rejimi-yalniz-az%c9%99rbaycana-qarsi-deyildi-dunyaya-t%c9%99hdid-yaradirdi","status":"publish","type":"post","link":"https:\/\/arantv.az\/?p=643381","title":{"rendered":"General-polkovnik: \u201cQaraba\u011fdak\u0131 h\u0259rbi xunta rejimi yaln\u0131z Az\u0259rbaycana qar\u015f\u0131 deyildi, d\u00fcnyaya t\u0259hdid yarad\u0131rd\u0131\u201d"},"content":{"rendered":"<p>\u201cQaraba\u011fdak\u0131 h\u0259rbi xunta rejimi yaln\u0131z Az\u0259rbaycana qar\u015f\u0131 deyildi, miqyasca Qafqaz b\u00f6lg\u0259sini d\u0259 a\u015fan \u00f6z cinay\u0259tkar \u0259m\u0259ll\u0259ri il\u0259 b\u00fct\u00fcnl\u00fckl\u0259 d\u00fcnyaya t\u0259hdid yarad\u0131rd\u0131\u201d.<\/p>\n<p>Bunu Az\u0259rbaycan T\u0259hl\u00fck\u0259sizlik \u015euras\u0131n\u0131n katibi, general-polkovnik Ramil Usubov \u201cAz\u0259rbaycan\u201d q\u0259zetind\u0259 d\u0259rc olunan m\u0259qal\u0259sind\u0259 qeyd edib.<\/p>\n<p>\u201cTam \u0259minlikl\u0259 dem\u0259k olar ki, Az\u0259rbaycan Qaraba\u011fdak\u0131 cinay\u0259tkar rejimi m\u0259hv etm\u0259kl\u0259 qlobal t\u0259hl\u00fck\u0259sizlik sistemin\u0259 \u00e7ox m\u00fch\u00fcm t\u00f6hf\u0259 verib\u201d, &#8211; dey\u0259\u00a0o bildirib.<\/p>\n<p>R.Usubov qeyd edib ki, 2020-ci ilin 10 noyabr\u0131nda Erm\u0259nistan\u0131n t\u0259slim\u00e7ilik akt\u0131n\u0131 imzalamas\u0131 v\u0259 bu ilin 20 sentyabr\u0131nda antiterror t\u0259dbirl\u0259rinin u\u011furla ba\u015fa \u00e7atmas\u0131 il\u0259 M\u00fcz\u0259ff\u0259r Ali Ba\u015f Komandan\u00a0<strong>\u0130lham \u018fliyevin<\/strong>\u00a0h\u0259rbi t\u0259hl\u00fck\u0259sizlik strategiyas\u0131 ba\u015fl\u0131ca h\u0259d\u0259fin\u0259 \u00e7atd\u0131 v\u0259 m\u00fch\u00fcm m\u0259rh\u0259l\u0259sini yekunla\u015fd\u0131rd\u0131.<\/p>\n","protected":false},"excerpt":{"rendered":"<p>\u201cQaraba\u011fdak\u0131 h\u0259rbi xunta rejimi yaln\u0131z Az\u0259rbaycana qar\u015f\u0131 deyildi, miqyasca Qafqaz b\u00f6lg\u0259sini d\u0259 a\u015fan \u00f6z cinay\u0259tkar \u0259m\u0259ll\u0259ri il\u0259 b\u00fct\u00fcnl\u00fckl\u0259 d\u00fcnyaya t\u0259hdid yarad\u0131rd\u0131\u201d. Bunu Az\u0259rbaycan T\u0259hl\u00fck\u0259sizlik \u015euras\u0131n\u0131n katibi, general-polkovnik Ramil Usubov \u201cAz\u0259rbaycan\u201d q\u0259zetind\u0259 d\u0259rc olunan m\u0259qal\u0259sind\u0259 qeyd edib. \u201cTam \u0259minlikl\u0259 dem\u0259k olar ki, Az\u0259rbaycan Qaraba\u011fdak\u0131 cinay\u0259tkar rejimi m\u0259hv etm\u0259kl\u0259 qlobal t\u0259hl\u00fck\u0259sizlik sistemin\u0259 \u00e7ox m\u00fch\u00fcm t\u00f6hf\u0259 verib\u201d, &#8211; dey\u0259\u00a0o bildirib. R.Usubov qeyd edib ki, 2020-ci ilin 10 noyabr\u0131nda Erm\u0259nistan\u0131n t\u0259slim\u00e7ilik akt\u0131n\u0131 imzalamas\u0131 v\u0259 bu ilin 20 sentyabr\u0131nda antiterror t\u0259dbirl\u0259rinin u\u011furla ba\u015fa \u00e7atmas\u0131 il\u0259 M\u00fcz\u0259ff\u0259r Ali Ba\u015f Komandan\u00a0\u0130lham \u018fliyevin\u00a0h\u0259rbi t\u0259hl\u00fck\u0259sizlik strategiyas\u0131 ba\u015fl\u0131ca h\u0259d\u0259fin\u0259 \u00e7atd\u0131&hellip;<\/p>\n","protected":false},"author":2,"featured_media":643384,"comment_status":"closed","ping_status":"closed","sticky":false,"template":"","format":"standard","meta":{"om_disable_all_campaigns":false,"_monsterinsights_skip_tracking":false,"_monsterinsights_sitenote_active":false,"_monsterinsights_sitenote_note":"","_monsterinsights_sitenote_category":0},"categories":[4],"tags":[],"aioseo_notices":[],"gutentor_comment":0,"rttpg_featured_image_url":{"full":["https:\/\/arantv.az\/wp-content\/uploads\/2023\/10\/415662893.jpg",620,413,false],"landscape":["https:\/\/arantv.az\/wp-content\/uploads\/2023\/10\/415662893.jpg",620,413,false],"portraits":["https:\/\/arantv.az\/wp-content\/uploads\/2023\/10\/415662893.jpg",620,413,false],"thumbnail":["https:\/\/arantv.az\/wp-content\/uploads\/2023\/10\/415662893-500x280.jpg",500,280,true],"medium":["https:\/\/arantv.az\/wp-content\/uploads\/2023\/10\/415662893-548x365.jpg",548,365,true],"large":["https:\/\/arantv.az\/wp-content\/uploads\/2023\/10\/415662893.jpg",620,413,false],"1536x1536":["https:\/\/arantv.az\/wp-content\/uploads\/2023\/10\/415662893.jpg",620,413,false],"2048x2048":["https:\/\/arantv.az\/wp-content\/uploads\/2023\/10\/415662893.jpg",620,413,false],"post-thumbnail":["https:\/\/arantv.az\/wp-content\/uploads\/2023\/10\/415662893-240x172.jpg",240,172,true],"advps-thumb-one":["https:\/\/arantv.az\/wp-content\/uploads\/2023\/10\/415662893.jpg",620,413,false]},"rttpg_author":{"display_name":"V\u00fcsal Rafiqo\u011flu","author_link":"https:\/\/arantv.az\/?author=2"},"rttpg_comment":0,"rttpg_category":"<a href=\"https:\/\/arantv.az\/?cat=4\" rel=\"category\">Siyas\u0259t<\/a>","rttpg_excerpt":"\u201cQaraba\u011fdak\u0131 h\u0259rbi xunta rejimi yaln\u0131z Az\u0259rbaycana qar\u015f\u0131 deyildi, miqyasca Qafqaz b\u00f6lg\u0259sini d\u0259 a\u015fan \u00f6z cinay\u0259tkar \u0259m\u0259ll\u0259ri il\u0259 b\u00fct\u00fcnl\u00fckl\u0259 d\u00fcnyaya t\u0259hdid yarad\u0131rd\u0131\u201d. Bunu Az\u0259rbaycan T\u0259hl\u00fck\u0259sizlik \u015euras\u0131n\u0131n katibi, general-polkovnik Ramil Usubov \u201cAz\u0259rbaycan\u201d q\u0259zetind\u0259 d\u0259rc olunan m\u0259qal\u0259sind\u0259 qeyd edib. \u201cTam \u0259minlikl\u0259 dem\u0259k olar ki, Az\u0259rbaycan Qaraba\u011fdak\u0131 cinay\u0259tkar rejimi m\u0259hv etm\u0259kl\u0259 qlobal t\u0259hl\u00fck\u0259sizlik sistemin\u0259 \u00e7ox m\u00fch\u00fcm t\u00f6hf\u0259 verib\u201d, &#8211;&hellip;","_links":{"self":[{"href":"https:\/\/arantv.az\/index.php?rest_route=\/wp\/v2\/posts\/643381"}],"collection":[{"href":"https:\/\/arantv.az\/index.php?rest_route=\/wp\/v2\/posts"}],"about":[{"href":"https:\/\/arantv.az\/index.php?rest_route=\/wp\/v2\/types\/post"}],"author":[{"embeddable":true,"href":"https:\/\/arantv.az\/index.php?rest_route=\/wp\/v2\/users\/2"}],"replies":[{"embeddable":true,"href":"https:\/\/arantv.az\/index.php?rest_route=%2Fwp%2Fv2%2Fcomments&post=643381"}],"version-history":[{"count":0,"href":"https:\/\/arantv.az\/index.php?rest_route=\/wp\/v2\/posts\/643381\/revisions"}],"wp:featuredmedia":[{"embeddable":true,"href":"https:\/\/arantv.az\/index.php?rest_route=\/wp\/v2\/media\/643384"}],"wp:attachment":[{"href":"https:\/\/arantv.az\/index.php?rest_route=%2Fwp%2Fv2%2Fmedia&parent=643381"}],"wp:term":[{"taxonomy":"category","embeddable":true,"href":"https:\/\/arantv.az\/index.php?rest_route=%2Fwp%2Fv2%2Fcategories&post=643381"},{"taxonomy":"post_tag","embeddable":true,"href":"https:\/\/arantv.az\/index.php?rest_route=%2Fwp%2Fv2%2Ftags&post=643381"}],"curies":[{"name":"wp","href":"https:\/\/api.w.org\/{rel}","templated":true}]}}