{"id":643385,"date":"2023-10-10T12:07:08","date_gmt":"2023-10-10T08:07:08","guid":{"rendered":"https:\/\/arantv.az\/?p=643385"},"modified":"2023-10-10T12:07:08","modified_gmt":"2023-10-10T08:07:08","slug":"s%c9%99fir-gund%c9%99mimiz-erm%c9%99nistanla-sulh-regionda-%c9%99m%c9%99kdasliqdir-foto","status":"publish","type":"post","link":"https:\/\/arantv.az\/?p=643385","title":{"rendered":"S\u0259fir: \u201cG\u00fcnd\u0259mimiz Erm\u0259nistanla s\u00fclh, regionda \u0259m\u0259kda\u015fl\u0131qd\u0131r\u201d &#8211; FOTO"},"content":{"rendered":"<p>\u201cBizim g\u00fcnd\u0259mimiz Erm\u0259nistanla s\u00fclh, regionda \u0259m\u0259kda\u015fl\u0131qd\u0131r\u201d.<\/p>\n<p>\u201cReport\u201d\u00a0x\u0259b\u0259r verir ki, bunu Az\u0259rbaycan\u0131n Niderlanddak\u0131 s\u0259firi R\u0259hman Mustafayev Niderland\u0131n apar\u0131c\u0131 n\u0259\u015frl\u0259ri \u2013 \u201cDe Volkskrant\u201d (Xalq q\u0259zeti), \u201cNRC Handelsblad\u201d v\u0259 \u201cHolland Times\u201d, el\u0259c\u0259 d\u0259 \u00fcmumavropa n\u0259\u015fri olan \u201cDiplomatic Magazine\u201dnin bir qrup jurnalistin\u0259 a\u00e7\u0131qlamas\u0131nda deyib.<\/p>\n<p>S\u0259fir jurnalistl\u0259r\u0259 sentyabr\u0131n 19-20-d\u0259 h\u0259yata ke\u00e7iril\u0259n lokal antiterror t\u0259dbirl\u0259rinin s\u0259b\u0259b v\u0259 n\u0259tic\u0259l\u0259ri, h\u0259m\u00e7inin Az\u0259rbaycan\u0131n regionda humanitar s\u0259yl\u0259ri v\u0259 erm\u0259ni sakinl\u0259rin reinteqrasiyas\u0131 il\u0259 ba\u011fl\u0131 planlar, dan\u0131\u015f\u0131qlar prosesinin perspektivl\u0259ri v\u0259 Erm\u0259nistanla s\u00fclh sazi\u015finin imzalanmas\u0131 haqq\u0131nda dan\u0131\u015f\u0131b. O, Az\u0259rbaycan, Erm\u0259nistan v\u0259 G\u00fcrc\u00fcstan aras\u0131nda \u00fc\u00e7t\u0259r\u0259fli formatda regional \u0259m\u0259kda\u015fl\u0131\u011f\u0131n m\u00fcmk\u00fcnl\u00fcy\u00fc il\u0259 ba\u011fl\u0131 jurnalistl\u0259rin suallar\u0131n\u0131 da cavabland\u0131r\u0131b.<\/p>\n<p>R.Mustafayev Az\u0259rbaycana qar\u015f\u0131 \u201cetnik t\u0259mizl\u0259m\u0259\u201d iddialar\u0131n\u0131n \u0259sass\u0131z oldu\u011funu vur\u011fulay\u0131b. \u018flav\u0259 edib ki, 1987-1991-ci ill\u0259rd\u0259 Erm\u0259nistanda, 1991-1993-c\u00fc ill\u0259rd\u0259 is\u0259 Qaraba\u011f v\u0259 ona biti\u015fik 7 rayonda az\u0259rbaycanl\u0131lara qar\u015f\u0131 etnik t\u0259mizl\u0259m\u0259 apar\u0131l\u0131b. Onun s\u00f6zl\u0259rin\u0259 g\u00f6r\u0259, bu, avropal\u0131 siyas\u0259t\u00e7il\u0259rin v\u0259 ictimai r\u0259yin diqq\u0259tind\u0259n k\u0259narda qal\u0131b.<\/p>\n<p>Bu kontekstd\u0259 s\u0259fir Erm\u0259nistandan did\u0259rgin sal\u0131nan az\u0259rbaycanl\u0131 \u0259halinin \u00f6z ya\u015fay\u0131\u015f yerl\u0259rin\u0259 qaytar\u0131lmas\u0131 il\u0259 ba\u011fl\u0131 Az\u0259rbaycan\u0131n planlar\u0131 bar\u0259d\u0259 m\u0259lumat verib, bu yana\u015fman\u0131n beyn\u0259lxalq h\u00fcquq bax\u0131m\u0131ndan \u0259sasl\u0131 oldu\u011funu vur\u011fulay\u0131b.<\/p>\n<p>Bundan ba\u015fqa, R.Mustafayev C\u0259nubi Qafqazda s\u00fclh\u00fcn b\u0259rq\u0259rar olmas\u0131nda beyn\u0259lxalq ictimaiyy\u0259tin rolu il\u0259 ba\u011fl\u0131 suallar\u0131 \u0259trafl\u0131 cavabland\u0131r\u0131b. O, Niderland h\u00f6kum\u0259tini \u0130r\u0259van\u0131n destruktiv yana\u015fmalar\u0131n\u0131 deyil, Bak\u0131n\u0131n regionda s\u00fclh, \u0259m\u0259kda\u015fl\u0131q m\u00fchitinin yarad\u0131lmas\u0131, h\u0259m\u00e7inin s\u00fclh sazi\u015finin imzalanmas\u0131 istiqam\u0259tind\u0259 s\u0259yl\u0259rini d\u0259st\u0259kl\u0259m\u0259y\u0259 \u00e7a\u011f\u0131r\u0131b. Eyni zamanda, diplomat t\u0259\u0259ss\u00fcfl\u0259 qeyd edib ki, beyn\u0259lxalq h\u00fcququn v\u0259 \u0259dal\u0259tin paytaxt\u0131 olan r\u0259smi Haaqa Az\u0259rbaycan \u0259razisind\u0259 beyn\u0259lxalq h\u00fcquq normalar\u0131n\u0131n v\u0259 \u0259dal\u0259tin m\u0259hz Bak\u0131n\u0131n q\u0259tiyy\u0259tli add\u0131mlar\u0131 v\u0259 f\u0259al diplomatiyas\u0131 say\u0259sind\u0259 b\u0259rq\u0259rar oldu\u011funu h\u0259l\u0259 d\u0259 etiraf etmir.<\/p>\n<p>Daha sonra jurnalistl\u0259r\u0259 qanunsuz erm\u0259ni silahl\u0131 birl\u0259\u015fm\u0259l\u0259rinin m\u00f6vqel\u0259rinin m\u0259hv edilm\u0259sind\u0259n v\u0259 m\u00fcsadir\u0259 edil\u0259n silah-sursatlardan b\u0259hs ed\u0259n s\u0259n\u0259dli film n\u00fcmayi\u015f etdirilib.<\/p>\n<p>Qeyd ed\u0259k ki, \u201cDe Volkskrant\u201d v\u0259 \u201cNRC Handelsblad\u201d m\u00fcvafiq olaraq Niderland\u0131n \u00fc\u00e7\u00fcnc\u00fc v\u0259 d\u00f6rd\u00fcnc\u00fc \u0259n b\u00f6y\u00fck n\u0259\u015frl\u0259ridir.<\/p>\n<p>&nbsp;<\/p>\n<div class=\"gallery\">\n<div class=\"gallery-i\"><img src=\"https:\/\/cdn.oxu.az\/uploads\/W1siZiIsIjIwMjMvMTAvMTAvMTAvNDIvMTAvY2RlZTAxOWEtMGQwYS00MDVlLThhZmQtZjZmNGFkZDVlZjM0L2Y3ZDZmYTZmLWY4NTAtMzBlYS1iMDM1LTdhMzRjOTY4M2UwMi5qcGVnIl0sWyJwIiwiZW5jb2RlIiwianBnIiwiLXF1YWxpdHkgODAiXSxbInAiLCJ0aHVtYiIsIjU5MHg1OTBcdTAwM2UiXV0?sha=3a8e53580de5d250\" alt=\"\" \/><\/div>\n<\/div>\n","protected":false},"excerpt":{"rendered":"<p>\u201cBizim g\u00fcnd\u0259mimiz Erm\u0259nistanla s\u00fclh, regionda \u0259m\u0259kda\u015fl\u0131qd\u0131r\u201d. \u201cReport\u201d\u00a0x\u0259b\u0259r verir ki, bunu Az\u0259rbaycan\u0131n Niderlanddak\u0131 s\u0259firi R\u0259hman Mustafayev Niderland\u0131n apar\u0131c\u0131 n\u0259\u015frl\u0259ri \u2013 \u201cDe Volkskrant\u201d (Xalq q\u0259zeti), \u201cNRC Handelsblad\u201d v\u0259 \u201cHolland Times\u201d, el\u0259c\u0259 d\u0259 \u00fcmumavropa n\u0259\u015fri olan \u201cDiplomatic Magazine\u201dnin bir qrup jurnalistin\u0259 a\u00e7\u0131qlamas\u0131nda deyib. S\u0259fir jurnalistl\u0259r\u0259 sentyabr\u0131n 19-20-d\u0259 h\u0259yata ke\u00e7iril\u0259n lokal antiterror t\u0259dbirl\u0259rinin s\u0259b\u0259b v\u0259 n\u0259tic\u0259l\u0259ri, h\u0259m\u00e7inin Az\u0259rbaycan\u0131n regionda humanitar s\u0259yl\u0259ri v\u0259 erm\u0259ni sakinl\u0259rin reinteqrasiyas\u0131 il\u0259 ba\u011fl\u0131 planlar, dan\u0131\u015f\u0131qlar prosesinin perspektivl\u0259ri v\u0259 Erm\u0259nistanla s\u00fclh sazi\u015finin imzalanmas\u0131 haqq\u0131nda dan\u0131\u015f\u0131b. O, Az\u0259rbaycan, Erm\u0259nistan v\u0259 G\u00fcrc\u00fcstan aras\u0131nda \u00fc\u00e7t\u0259r\u0259fli formatda regional \u0259m\u0259kda\u015fl\u0131\u011f\u0131n m\u00fcmk\u00fcnl\u00fcy\u00fc il\u0259 ba\u011fl\u0131 jurnalistl\u0259rin suallar\u0131n\u0131 da&hellip;<\/p>\n","protected":false},"author":2,"featured_media":643388,"comment_status":"closed","ping_status":"closed","sticky":false,"template":"","format":"standard","meta":{"om_disable_all_campaigns":false,"_monsterinsights_skip_tracking":false,"_monsterinsights_sitenote_active":false,"_monsterinsights_sitenote_note":"","_monsterinsights_sitenote_category":0},"categories":[4],"tags":[],"aioseo_notices":[],"gutentor_comment":0,"rttpg_featured_image_url":{"full":["https:\/\/arantv.az\/wp-content\/uploads\/2023\/10\/ea1b9555-5860-3c72-9265-b12b0d2fef0c_850.jpg",620,413,false],"landscape":["https:\/\/arantv.az\/wp-content\/uploads\/2023\/10\/ea1b9555-5860-3c72-9265-b12b0d2fef0c_850.jpg",620,413,false],"portraits":["https:\/\/arantv.az\/wp-content\/uploads\/2023\/10\/ea1b9555-5860-3c72-9265-b12b0d2fef0c_850.jpg",620,413,false],"thumbnail":["https:\/\/arantv.az\/wp-content\/uploads\/2023\/10\/ea1b9555-5860-3c72-9265-b12b0d2fef0c_850-500x280.jpg",500,280,true],"medium":["https:\/\/arantv.az\/wp-content\/uploads\/2023\/10\/ea1b9555-5860-3c72-9265-b12b0d2fef0c_850-548x365.jpg",548,365,true],"large":["https:\/\/arantv.az\/wp-content\/uploads\/2023\/10\/ea1b9555-5860-3c72-9265-b12b0d2fef0c_850.jpg",620,413,false],"1536x1536":["https:\/\/arantv.az\/wp-content\/uploads\/2023\/10\/ea1b9555-5860-3c72-9265-b12b0d2fef0c_850.jpg",620,413,false],"2048x2048":["https:\/\/arantv.az\/wp-content\/uploads\/2023\/10\/ea1b9555-5860-3c72-9265-b12b0d2fef0c_850.jpg",620,413,false],"post-thumbnail":["https:\/\/arantv.az\/wp-content\/uploads\/2023\/10\/ea1b9555-5860-3c72-9265-b12b0d2fef0c_850-240x172.jpg",240,172,true],"advps-thumb-one":["https:\/\/arantv.az\/wp-content\/uploads\/2023\/10\/ea1b9555-5860-3c72-9265-b12b0d2fef0c_850.jpg",620,413,false]},"rttpg_author":{"display_name":"V\u00fcsal Rafiqo\u011flu","author_link":"https:\/\/arantv.az\/?author=2"},"rttpg_comment":0,"rttpg_category":"<a href=\"https:\/\/arantv.az\/?cat=4\" rel=\"category\">Siyas\u0259t<\/a>","rttpg_excerpt":"\u201cBizim g\u00fcnd\u0259mimiz Erm\u0259nistanla s\u00fclh, regionda \u0259m\u0259kda\u015fl\u0131qd\u0131r\u201d. \u201cReport\u201d\u00a0x\u0259b\u0259r verir ki, bunu Az\u0259rbaycan\u0131n Niderlanddak\u0131 s\u0259firi R\u0259hman Mustafayev Niderland\u0131n apar\u0131c\u0131 n\u0259\u015frl\u0259ri \u2013 \u201cDe Volkskrant\u201d (Xalq q\u0259zeti), \u201cNRC Handelsblad\u201d v\u0259 \u201cHolland Times\u201d, el\u0259c\u0259 d\u0259 \u00fcmumavropa n\u0259\u015fri olan \u201cDiplomatic Magazine\u201dnin bir qrup jurnalistin\u0259 a\u00e7\u0131qlamas\u0131nda deyib. S\u0259fir jurnalistl\u0259r\u0259 sentyabr\u0131n 19-20-d\u0259 h\u0259yata ke\u00e7iril\u0259n lokal antiterror t\u0259dbirl\u0259rinin s\u0259b\u0259b v\u0259 n\u0259tic\u0259l\u0259ri, h\u0259m\u00e7inin Az\u0259rbaycan\u0131n regionda&hellip;","_links":{"self":[{"href":"https:\/\/arantv.az\/index.php?rest_route=\/wp\/v2\/posts\/643385"}],"collection":[{"href":"https:\/\/arantv.az\/index.php?rest_route=\/wp\/v2\/posts"}],"about":[{"href":"https:\/\/arantv.az\/index.php?rest_route=\/wp\/v2\/types\/post"}],"author":[{"embeddable":true,"href":"https:\/\/arantv.az\/index.php?rest_route=\/wp\/v2\/users\/2"}],"replies":[{"embeddable":true,"href":"https:\/\/arantv.az\/index.php?rest_route=%2Fwp%2Fv2%2Fcomments&post=643385"}],"version-history":[{"count":0,"href":"https:\/\/arantv.az\/index.php?rest_route=\/wp\/v2\/posts\/643385\/revisions"}],"wp:featuredmedia":[{"embeddable":true,"href":"https:\/\/arantv.az\/index.php?rest_route=\/wp\/v2\/media\/643388"}],"wp:attachment":[{"href":"https:\/\/arantv.az\/index.php?rest_route=%2Fwp%2Fv2%2Fmedia&parent=643385"}],"wp:term":[{"taxonomy":"category","embeddable":true,"href":"https:\/\/arantv.az\/index.php?rest_route=%2Fwp%2Fv2%2Fcategories&post=643385"},{"taxonomy":"post_tag","embeddable":true,"href":"https:\/\/arantv.az\/index.php?rest_route=%2Fwp%2Fv2%2Ftags&post=643385"}],"curies":[{"name":"wp","href":"https:\/\/api.w.org\/{rel}","templated":true}]}}