{"id":643387,"date":"2023-10-10T12:07:16","date_gmt":"2023-10-10T08:07:16","guid":{"rendered":"https:\/\/arantv.az\/?p=643387"},"modified":"2023-10-10T12:07:16","modified_gmt":"2023-10-10T08:07:16","slug":"israil-polisi-h%c9%99mas-terrorcularini-gull%c9%99-yagisina-tutdu-video","status":"publish","type":"post","link":"https:\/\/arantv.az\/?p=643387","title":{"rendered":"\u0130srail polisi H\u018fMAS terror\u00e7ular\u0131n\u0131 g\u00fcll\u0259 ya\u011f\u0131\u015f\u0131na tutdu &#8211; V\u0130DEO"},"content":{"rendered":"<p>\u0130srail polisini\u00a0H\u018fMAS terror\u00e7ular\u0131n\u0131 t\u0259qib ed\u0259r\u0259k, onlar\u0131 g\u00fcll\u0259 ya\u011f\u0131\u015f\u0131na tutub.<\/p>\n<p>Polis \u0259m\u0259kda\u015flar\u0131 ilk \u00f6nc\u0259 terror\u00e7ular\u0131n idar\u0259 etdikl\u0259ri avtomobilin t\u0259k\u0259rl\u0259rini g\u00fcll\u0259l\u0259y\u0259r\u0259k, onlar\u0131n h\u0259r\u0259k\u0259tini m\u0259hdudla\u015fd\u0131r\u0131blar, daha sonra is\u0259 terror\u00e7ulara at\u0259\u015f a\u00e7\u0131blar.<\/p>\n<p>Sosial \u015f\u0259b\u0259k\u0259l\u0259rd\u0259 buna dair g\u00f6r\u00fcnt\u00fcl\u0259r yay\u0131l\u0131b.<\/p>\n<p>Xat\u0131rladaq ki, oktyabr\u0131n 7-d\u0259 H\u018fMAS radikal t\u0259\u015fkilat\u0131n\u0131n silahl\u0131lar\u0131n\u0131n Q\u0259zza zola\u011f\u0131ndan \u0130srail\u0259 h\u00fccumu n\u0259tic\u0259sind\u0259 900-d\u0259n \u00e7ox insan h\u0259lak olub. \u00d6z n\u00f6vb\u0259sind\u0259 \u0130srail r\u0259smi \u015f\u0259kild\u0259 m\u00fcharib\u0259 v\u0259ziyy\u0259tini elan edib. H\u00f6kum\u0259t bu q\u0259rar\u0131 \u201c40-\u018flif\u201d adlanan b\u0259ndi i\u015f\u0259 salaraq q\u0259bul edib. Sonuncu d\u0259f\u0259 bu b\u0259nd 50 il \u0259vv\u0259l &#8211;\u00a0M\u0259h\u015f\u0259r G\u00fcn\u00fc m\u00fcharib\u0259si zaman\u0131 q\u00fcvv\u0259y\u0259 minib.<\/p>\n<div><iframe loading=\"lazy\" src=\"https:\/\/baku.tv\/embed\/102024\" width=\"560\" height=\"315\" frameborder=\"0\" allowfullscreen=\"allowfullscreen\" data-mce-fragment=\"1\"><\/iframe><\/div>\n<p>&nbsp;<\/p>\n","protected":false},"excerpt":{"rendered":"<p>\u0130srail polisini\u00a0H\u018fMAS terror\u00e7ular\u0131n\u0131 t\u0259qib ed\u0259r\u0259k, onlar\u0131 g\u00fcll\u0259 ya\u011f\u0131\u015f\u0131na tutub. Polis \u0259m\u0259kda\u015flar\u0131 ilk \u00f6nc\u0259 terror\u00e7ular\u0131n idar\u0259 etdikl\u0259ri avtomobilin t\u0259k\u0259rl\u0259rini g\u00fcll\u0259l\u0259y\u0259r\u0259k, onlar\u0131n h\u0259r\u0259k\u0259tini m\u0259hdudla\u015fd\u0131r\u0131blar, daha sonra is\u0259 terror\u00e7ulara at\u0259\u015f a\u00e7\u0131blar. Sosial \u015f\u0259b\u0259k\u0259l\u0259rd\u0259 buna dair g\u00f6r\u00fcnt\u00fcl\u0259r yay\u0131l\u0131b. Xat\u0131rladaq ki, oktyabr\u0131n 7-d\u0259 H\u018fMAS radikal t\u0259\u015fkilat\u0131n\u0131n silahl\u0131lar\u0131n\u0131n Q\u0259zza zola\u011f\u0131ndan \u0130srail\u0259 h\u00fccumu n\u0259tic\u0259sind\u0259 900-d\u0259n \u00e7ox insan h\u0259lak olub. \u00d6z n\u00f6vb\u0259sind\u0259 \u0130srail r\u0259smi \u015f\u0259kild\u0259 m\u00fcharib\u0259 v\u0259ziyy\u0259tini elan edib. H\u00f6kum\u0259t bu q\u0259rar\u0131 \u201c40-\u018flif\u201d adlanan b\u0259ndi i\u015f\u0259 salaraq q\u0259bul edib. Sonuncu d\u0259f\u0259 bu b\u0259nd 50 il \u0259vv\u0259l &#8211;\u00a0M\u0259h\u015f\u0259r G\u00fcn\u00fc m\u00fcharib\u0259si zaman\u0131 q\u00fcvv\u0259y\u0259 minib. &nbsp;<\/p>\n","protected":false},"author":2,"featured_media":643389,"comment_status":"closed","ping_status":"closed","sticky":false,"template":"","format":"standard","meta":{"om_disable_all_campaigns":false,"_monsterinsights_skip_tracking":false,"_monsterinsights_sitenote_active":false,"_monsterinsights_sitenote_note":"","_monsterinsights_sitenote_category":0},"categories":[7],"tags":[],"aioseo_notices":[],"gutentor_comment":0,"rttpg_featured_image_url":{"full":["https:\/\/arantv.az\/wp-content\/uploads\/2023\/10\/FotoJet-2023-10-10T112022.297.jpg",620,413,false],"landscape":["https:\/\/arantv.az\/wp-content\/uploads\/2023\/10\/FotoJet-2023-10-10T112022.297.jpg",620,413,false],"portraits":["https:\/\/arantv.az\/wp-content\/uploads\/2023\/10\/FotoJet-2023-10-10T112022.297.jpg",620,413,false],"thumbnail":["https:\/\/arantv.az\/wp-content\/uploads\/2023\/10\/FotoJet-2023-10-10T112022.297-500x280.jpg",500,280,true],"medium":["https:\/\/arantv.az\/wp-content\/uploads\/2023\/10\/FotoJet-2023-10-10T112022.297-548x365.jpg",548,365,true],"large":["https:\/\/arantv.az\/wp-content\/uploads\/2023\/10\/FotoJet-2023-10-10T112022.297.jpg",620,413,false],"1536x1536":["https:\/\/arantv.az\/wp-content\/uploads\/2023\/10\/FotoJet-2023-10-10T112022.297.jpg",620,413,false],"2048x2048":["https:\/\/arantv.az\/wp-content\/uploads\/2023\/10\/FotoJet-2023-10-10T112022.297.jpg",620,413,false],"post-thumbnail":["https:\/\/arantv.az\/wp-content\/uploads\/2023\/10\/FotoJet-2023-10-10T112022.297-240x172.jpg",240,172,true],"advps-thumb-one":["https:\/\/arantv.az\/wp-content\/uploads\/2023\/10\/FotoJet-2023-10-10T112022.297.jpg",620,413,false]},"rttpg_author":{"display_name":"V\u00fcsal Rafiqo\u011flu","author_link":"https:\/\/arantv.az\/?author=2"},"rttpg_comment":0,"rttpg_category":"<a href=\"https:\/\/arantv.az\/?cat=7\" rel=\"category\">D\u00fcnya<\/a>","rttpg_excerpt":"\u0130srail polisini\u00a0H\u018fMAS terror\u00e7ular\u0131n\u0131 t\u0259qib ed\u0259r\u0259k, onlar\u0131 g\u00fcll\u0259 ya\u011f\u0131\u015f\u0131na tutub. Polis \u0259m\u0259kda\u015flar\u0131 ilk \u00f6nc\u0259 terror\u00e7ular\u0131n idar\u0259 etdikl\u0259ri avtomobilin t\u0259k\u0259rl\u0259rini g\u00fcll\u0259l\u0259y\u0259r\u0259k, onlar\u0131n h\u0259r\u0259k\u0259tini m\u0259hdudla\u015fd\u0131r\u0131blar, daha sonra is\u0259 terror\u00e7ulara at\u0259\u015f a\u00e7\u0131blar. Sosial \u015f\u0259b\u0259k\u0259l\u0259rd\u0259 buna dair g\u00f6r\u00fcnt\u00fcl\u0259r yay\u0131l\u0131b. Xat\u0131rladaq ki, oktyabr\u0131n 7-d\u0259 H\u018fMAS radikal t\u0259\u015fkilat\u0131n\u0131n silahl\u0131lar\u0131n\u0131n Q\u0259zza zola\u011f\u0131ndan \u0130srail\u0259 h\u00fccumu n\u0259tic\u0259sind\u0259 900-d\u0259n \u00e7ox insan h\u0259lak olub. \u00d6z n\u00f6vb\u0259sind\u0259 \u0130srail&hellip;","_links":{"self":[{"href":"https:\/\/arantv.az\/index.php?rest_route=\/wp\/v2\/posts\/643387"}],"collection":[{"href":"https:\/\/arantv.az\/index.php?rest_route=\/wp\/v2\/posts"}],"about":[{"href":"https:\/\/arantv.az\/index.php?rest_route=\/wp\/v2\/types\/post"}],"author":[{"embeddable":true,"href":"https:\/\/arantv.az\/index.php?rest_route=\/wp\/v2\/users\/2"}],"replies":[{"embeddable":true,"href":"https:\/\/arantv.az\/index.php?rest_route=%2Fwp%2Fv2%2Fcomments&post=643387"}],"version-history":[{"count":0,"href":"https:\/\/arantv.az\/index.php?rest_route=\/wp\/v2\/posts\/643387\/revisions"}],"wp:featuredmedia":[{"embeddable":true,"href":"https:\/\/arantv.az\/index.php?rest_route=\/wp\/v2\/media\/643389"}],"wp:attachment":[{"href":"https:\/\/arantv.az\/index.php?rest_route=%2Fwp%2Fv2%2Fmedia&parent=643387"}],"wp:term":[{"taxonomy":"category","embeddable":true,"href":"https:\/\/arantv.az\/index.php?rest_route=%2Fwp%2Fv2%2Fcategories&post=643387"},{"taxonomy":"post_tag","embeddable":true,"href":"https:\/\/arantv.az\/index.php?rest_route=%2Fwp%2Fv2%2Ftags&post=643387"}],"curies":[{"name":"wp","href":"https:\/\/api.w.org\/{rel}","templated":true}]}}