{"id":643393,"date":"2023-10-10T12:08:30","date_gmt":"2023-10-10T08:08:30","guid":{"rendered":"https:\/\/arantv.az\/?p=643393"},"modified":"2023-10-10T12:08:30","modified_gmt":"2023-10-10T08:08:30","slug":"seymur-f%c9%99t%c9%99liyev-ic%c9%99ris%c9%99h%c9%99rl%c9%99-yanasi-konfrans-c%c9%99rciv%c9%99sind%c9%99-qonaqlar-s%c9%99ki-m%c9%99d%c9%99niyy%c9%99ti-il%c9%99-d%c9%99-tanis-olacaqlar","status":"publish","type":"post","link":"https:\/\/arantv.az\/?p=643393","title":{"rendered":"Seymur F\u0259t\u0259liyev: \u201c\u0130\u00e7\u0259ri\u015f\u0259h\u0259rl\u0259 yana\u015f\u0131 konfrans \u00e7\u0259r\u00e7iv\u0259sind\u0259 qonaqlar \u015e\u0259ki m\u0259d\u0259niyy\u0259ti il\u0259 d\u0259 tan\u0131\u015f olacaqlar\u201d"},"content":{"rendered":"<p>\u201c\u0130\u00e7\u0259ri\u015f\u0259h\u0259rl\u0259 yana\u015f\u0131 konfrans \u00e7\u0259r\u00e7iv\u0259sind\u0259 qonaqlar \u015e\u0259ki m\u0259d\u0259niyy\u0259ti il\u0259 d\u0259 tan\u0131\u015f olacaqlar\u201d.<\/p>\n<p><strong>ARANTV.AZ <\/strong>\u00a0x\u0259b\u0259r verir ki, bu fikirl\u0259ri \u201c\u0130\u00e7\u0259ri\u015f\u0259h\u0259r\u201d D\u00f6vl\u0259t Tarix-Memarl\u0131q Qoru\u011fu \u0130dar\u0259sinin T\u00fcrk D\u00f6vl\u0259tl\u0259ri T\u0259\u015fkilat\u0131 il\u0259 birlikd\u0259 t\u0259\u015fkil etdiyi \u201cYa\u015fan\u0131labil\u0259n v\u0259 Dayan\u0131ql\u0131 \u0130rs \u015e\u0259h\u0259rl\u0259ri\u201d (\u201cLivable and Sustainable Heritage Cities\u201d) m\u00f6vzusunda beyn\u0259lxalq konfransda \u00e7\u0131x\u0131\u015f ed\u0259n Az\u0259rbaycan Xarici \u0130\u015fl\u0259r Nazirliyinin x\u00fcsusi tap\u015f\u0131r\u0131qlar \u00fczr\u0259 s\u0259firi, UNESCO \u00fczr\u0259 Az\u0259rbaycan Respublikas\u0131n\u0131n Milli Komissiyas\u0131n\u0131n Ba\u015f katibi Seymur F\u0259t\u0259liyev deyib.<\/p>\n<p>O bildirib ki, m\u0259d\u0259ni \u0259laq\u0259l\u0259rin geni\u015fl\u0259ndirilm\u0259si y\u00f6n\u00fcnd\u0259 yeni \u0259laq\u0259l\u0259rin qurulmas\u0131 v\u0259 m\u00f6vcud \u0259laq\u0259l\u0259rin daha da m\u00f6hk\u0259ml\u0259ndirilm\u0259si prioritet m\u0259s\u0259l\u0259l\u0259rd\u0259ndir:<\/p>\n<p>\u201c2022-ci ild\u0259 T\u00fcrk D\u00f6vl\u0259tl\u0259r T\u0259\u015fkilat\u0131n\u0131n \u00d6zb\u0259kistanda ke\u00e7iril\u0259n 9-cu Zirv\u0259 g\u00f6r\u00fc\u015f\u00fcnd\u0259 q\u0259bul edil\u0259n S\u0259m\u0259rq\u0259nd b\u0259yann\u0259m\u0259sind\u0259 T\u00fcrk Abid\u0259 Menecerl\u0259ri \u015e\u0259b\u0259k\u0259sinin yarad\u0131lmas\u0131 t\u0259\u015f\u0259bb\u00fcs\u00fc bu g\u00fcn reall\u0131\u011fa \u00e7evrilib. Bu t\u0259\u015f\u0259bb\u00fcs\u0259 qo\u015fulan b\u00fct\u00fcn D\u00f6vl\u0259tl\u0259ri t\u0259brik edir\u0259m. M\u0259d\u0259ni irsin qorunmas\u0131, ara\u015fd\u0131rlmas\u0131 el\u0259c\u0259 d\u0259 b\u0259rpas\u0131 istiqam\u0259tind\u0259 beyn\u0259lxalq \u0259m\u0259kda\u015fl\u0131q, UNESCO konvensiyalar\u0131 vasit\u0259sil\u0259 h\u0259yata ke\u00e7irilir.<\/p>\n<p>T\u00fcrk Abid\u0259 Menecerl\u0259ri \u015e\u0259b\u0259k\u0259sinin yarad\u0131lmas\u0131 T\u00fcrkdilli \u00f6lk\u0259l\u0259rin UNESCO-nun \u00dcmumd\u00fcnya \u0130rs siyah\u0131s\u0131na yer alan m\u00fcvafiq \u0130rs abid\u0259l\u0259rin m\u00fct\u0259x\u0259ssisl\u0259rinin daha s\u0131x \u0259m\u0259kda\u015fl\u0131\u011f\u0131na, t\u0259cr\u00fcb\u0259 m\u00fcbadil\u0259sin\u0259 geni\u015f \u015f\u0259rait yaradacaq. M\u0259n \u015fadam ki, qonaqlar konfrans \u00e7\u0259r\u00e7iv\u0259sind\u0259 h\u0259m \u0130\u00e7\u0259ri\u015f\u0259h\u0259r m\u0259d\u0259ni irsi, h\u0259m d\u0259 \u015e\u0259ki m\u0259d\u0259ni irsi il\u0259 tan\u0131\u015f olacaqlar. Qonaqlar\u0131n el\u0259c\u0259 d\u0259 \u015eu\u015fa \u015f\u0259h\u0259rin\u0259 s\u0259f\u0259ri g\u00f6zl\u0259nilir\u201d.<\/p>\n<p>S.F\u0259t\u0259liyev onu da \u0259lav\u0259 edib ki, \u00f6lk\u0259 ba\u015f\u00e7\u0131s\u0131n\u0131n s\u0259r\u0259ncam\u0131na \u0259sas\u0259n, \u015eu\u015fa m\u0259d\u0259niyy\u0259t \u015f\u0259h\u0259ri elan edilib:<\/p>\n<p>\u201cBu \u015f\u0259h\u0259rin z\u0259ngin m\u0259d\u0259ni irsi var. Az\u0259rbaycan\u0131n \u00dcmumd\u00fcnya \u0130rs siyah\u0131s\u0131nda 5 m\u0259d\u0259ni irs n\u00fcmun\u0259si yer almaqdad\u0131r. Bu siyah\u0131ya ilk q\u0259bul edil\u0259n \u0130\u00e7\u0259ri\u015f\u0259h\u0259r, Q\u0131z Qalas\u0131 v\u0259 \u015eirvan\u015fahlar saray\u0131d\u0131r. Sevindirici hald\u0131r ki, bir ne\u00e7\u0259 h\u0259ft\u0259 \u00f6nc\u0259 \u018fr-Riyad \u015f\u0259h\u0259rind\u0259 UNESCO-nun \u00dcmumd\u00fcnya irs Komit\u0259sinin 45-ci iclas\u0131 ke\u00e7irilib.\u00a0Burada Az\u0259rbaycan\u0131n\u00a0ilk t\u0259bi\u0259t abid\u0259si T\u00fcrkan me\u015f\u0259l\u0259ri v\u0259 m\u0259d\u0259ni irs n\u00fcmun\u0259miz X\u0131nal\u0131q iki nominasiya il\u0259 UNESCO-nun siyah\u0131s\u0131na \u0259lav\u0259 edilib. Hesab edir\u0259m ki, T\u00fcrk Abid\u0259 Menecerl\u0259ri \u015e\u0259b\u0259k\u0259sinin yarad\u0131lmas\u0131 g\u0259l\u0259c\u0259kd\u0259 bu sah\u0259d\u0259 yeni t\u0259dbirl\u0259rin icras\u0131na k\u00f6m\u0259k ed\u0259c\u0259k\u201d.<\/p>\n","protected":false},"excerpt":{"rendered":"<p>\u201c\u0130\u00e7\u0259ri\u015f\u0259h\u0259rl\u0259 yana\u015f\u0131 konfrans \u00e7\u0259r\u00e7iv\u0259sind\u0259 qonaqlar \u015e\u0259ki m\u0259d\u0259niyy\u0259ti il\u0259 d\u0259 tan\u0131\u015f olacaqlar\u201d. ARANTV.AZ \u00a0x\u0259b\u0259r verir ki, bu fikirl\u0259ri \u201c\u0130\u00e7\u0259ri\u015f\u0259h\u0259r\u201d D\u00f6vl\u0259t Tarix-Memarl\u0131q Qoru\u011fu \u0130dar\u0259sinin T\u00fcrk D\u00f6vl\u0259tl\u0259ri T\u0259\u015fkilat\u0131 il\u0259 birlikd\u0259 t\u0259\u015fkil etdiyi \u201cYa\u015fan\u0131labil\u0259n v\u0259 Dayan\u0131ql\u0131 \u0130rs \u015e\u0259h\u0259rl\u0259ri\u201d (\u201cLivable and Sustainable Heritage Cities\u201d) m\u00f6vzusunda beyn\u0259lxalq konfransda \u00e7\u0131x\u0131\u015f ed\u0259n Az\u0259rbaycan Xarici \u0130\u015fl\u0259r Nazirliyinin x\u00fcsusi tap\u015f\u0131r\u0131qlar \u00fczr\u0259 s\u0259firi, UNESCO \u00fczr\u0259 Az\u0259rbaycan Respublikas\u0131n\u0131n Milli Komissiyas\u0131n\u0131n Ba\u015f katibi Seymur F\u0259t\u0259liyev deyib. O bildirib ki, m\u0259d\u0259ni \u0259laq\u0259l\u0259rin geni\u015fl\u0259ndirilm\u0259si y\u00f6n\u00fcnd\u0259 yeni \u0259laq\u0259l\u0259rin qurulmas\u0131 v\u0259 m\u00f6vcud \u0259laq\u0259l\u0259rin daha da m\u00f6hk\u0259ml\u0259ndirilm\u0259si prioritet m\u0259s\u0259l\u0259l\u0259rd\u0259ndir: \u201c2022-ci ild\u0259 T\u00fcrk D\u00f6vl\u0259tl\u0259r T\u0259\u015fkilat\u0131n\u0131n \u00d6zb\u0259kistanda ke\u00e7iril\u0259n 9-cu Zirv\u0259&hellip;<\/p>\n","protected":false},"author":2,"featured_media":643395,"comment_status":"closed","ping_status":"closed","sticky":false,"template":"","format":"standard","meta":{"om_disable_all_campaigns":false,"_monsterinsights_skip_tracking":false,"_monsterinsights_sitenote_active":false,"_monsterinsights_sitenote_note":"","_monsterinsights_sitenote_category":0},"categories":[1],"tags":[],"aioseo_notices":[],"gutentor_comment":0,"rttpg_featured_image_url":{"full":["https:\/\/arantv.az\/wp-content\/uploads\/2023\/10\/3ABCGt6dLr2vakXj1664523571_1920x1080.jpg",620,413,false],"landscape":["https:\/\/arantv.az\/wp-content\/uploads\/2023\/10\/3ABCGt6dLr2vakXj1664523571_1920x1080.jpg",620,413,false],"portraits":["https:\/\/arantv.az\/wp-content\/uploads\/2023\/10\/3ABCGt6dLr2vakXj1664523571_1920x1080.jpg",620,413,false],"thumbnail":["https:\/\/arantv.az\/wp-content\/uploads\/2023\/10\/3ABCGt6dLr2vakXj1664523571_1920x1080-500x280.jpg",500,280,true],"medium":["https:\/\/arantv.az\/wp-content\/uploads\/2023\/10\/3ABCGt6dLr2vakXj1664523571_1920x1080-548x365.jpg",548,365,true],"large":["https:\/\/arantv.az\/wp-content\/uploads\/2023\/10\/3ABCGt6dLr2vakXj1664523571_1920x1080.jpg",620,413,false],"1536x1536":["https:\/\/arantv.az\/wp-content\/uploads\/2023\/10\/3ABCGt6dLr2vakXj1664523571_1920x1080.jpg",620,413,false],"2048x2048":["https:\/\/arantv.az\/wp-content\/uploads\/2023\/10\/3ABCGt6dLr2vakXj1664523571_1920x1080.jpg",620,413,false],"post-thumbnail":["https:\/\/arantv.az\/wp-content\/uploads\/2023\/10\/3ABCGt6dLr2vakXj1664523571_1920x1080-240x172.jpg",240,172,true],"advps-thumb-one":["https:\/\/arantv.az\/wp-content\/uploads\/2023\/10\/3ABCGt6dLr2vakXj1664523571_1920x1080.jpg",620,413,false]},"rttpg_author":{"display_name":"V\u00fcsal Rafiqo\u011flu","author_link":"https:\/\/arantv.az\/?author=2"},"rttpg_comment":0,"rttpg_category":"<a href=\"https:\/\/arantv.az\/?cat=1\" rel=\"category\">C\u0259miyy\u0259t<\/a>","rttpg_excerpt":"\u201c\u0130\u00e7\u0259ri\u015f\u0259h\u0259rl\u0259 yana\u015f\u0131 konfrans \u00e7\u0259r\u00e7iv\u0259sind\u0259 qonaqlar \u015e\u0259ki m\u0259d\u0259niyy\u0259ti il\u0259 d\u0259 tan\u0131\u015f olacaqlar\u201d. ARANTV.AZ \u00a0x\u0259b\u0259r verir ki, bu fikirl\u0259ri \u201c\u0130\u00e7\u0259ri\u015f\u0259h\u0259r\u201d D\u00f6vl\u0259t Tarix-Memarl\u0131q Qoru\u011fu \u0130dar\u0259sinin T\u00fcrk D\u00f6vl\u0259tl\u0259ri T\u0259\u015fkilat\u0131 il\u0259 birlikd\u0259 t\u0259\u015fkil etdiyi \u201cYa\u015fan\u0131labil\u0259n v\u0259 Dayan\u0131ql\u0131 \u0130rs \u015e\u0259h\u0259rl\u0259ri\u201d (\u201cLivable and Sustainable Heritage Cities\u201d) m\u00f6vzusunda beyn\u0259lxalq konfransda \u00e7\u0131x\u0131\u015f ed\u0259n Az\u0259rbaycan Xarici \u0130\u015fl\u0259r Nazirliyinin x\u00fcsusi tap\u015f\u0131r\u0131qlar \u00fczr\u0259 s\u0259firi, UNESCO \u00fczr\u0259 Az\u0259rbaycan&hellip;","_links":{"self":[{"href":"https:\/\/arantv.az\/index.php?rest_route=\/wp\/v2\/posts\/643393"}],"collection":[{"href":"https:\/\/arantv.az\/index.php?rest_route=\/wp\/v2\/posts"}],"about":[{"href":"https:\/\/arantv.az\/index.php?rest_route=\/wp\/v2\/types\/post"}],"author":[{"embeddable":true,"href":"https:\/\/arantv.az\/index.php?rest_route=\/wp\/v2\/users\/2"}],"replies":[{"embeddable":true,"href":"https:\/\/arantv.az\/index.php?rest_route=%2Fwp%2Fv2%2Fcomments&post=643393"}],"version-history":[{"count":0,"href":"https:\/\/arantv.az\/index.php?rest_route=\/wp\/v2\/posts\/643393\/revisions"}],"wp:featuredmedia":[{"embeddable":true,"href":"https:\/\/arantv.az\/index.php?rest_route=\/wp\/v2\/media\/643395"}],"wp:attachment":[{"href":"https:\/\/arantv.az\/index.php?rest_route=%2Fwp%2Fv2%2Fmedia&parent=643393"}],"wp:term":[{"taxonomy":"category","embeddable":true,"href":"https:\/\/arantv.az\/index.php?rest_route=%2Fwp%2Fv2%2Fcategories&post=643393"},{"taxonomy":"post_tag","embeddable":true,"href":"https:\/\/arantv.az\/index.php?rest_route=%2Fwp%2Fv2%2Ftags&post=643393"}],"curies":[{"name":"wp","href":"https:\/\/api.w.org\/{rel}","templated":true}]}}