{"id":643397,"date":"2023-10-10T12:10:38","date_gmt":"2023-10-10T08:10:38","guid":{"rendered":"https:\/\/arantv.az\/?p=643397"},"modified":"2023-10-10T12:10:38","modified_gmt":"2023-10-10T08:10:38","slug":"%c9%99haliy%c9%99-pensiya-v%c9%99-maaslarla-bagli-sad-x%c9%99b%c9%99r-yanvarin-1-d%c9%99n-video","status":"publish","type":"post","link":"https:\/\/arantv.az\/?p=643397","title":{"rendered":"\u018fhaliy\u0259 pensiya v\u0259 maa\u015flarla ba\u011fl\u0131 \u015eAD X\u018fB\u018fR &#8211; Yanvar\u0131n 1-d\u0259n&#8230; &#8211; V\u0130DEO"},"content":{"rendered":"<div class=\"text-content\" data-id=\"\" data-url=\"\">\n<p><strong>G\u0259l\u0259n ilin ilk aylar\u0131ndan minimum \u0259m\u0259khaqq\u0131 v\u0259 pensiya m\u0259bl\u0259\u011fl\u0259rin\u0259 d\u0259yi\u015fiklik edil\u0259c\u0259yi proqnozla\u015fd\u0131r\u0131l\u0131r.<\/strong><\/p>\n<p>Bunu X\u0259z\u0259r TV-y\u0259 a\u00e7\u0131qlamas\u0131nda\u00a0<strong>iqtisad\u00e7\u0131 ekspert R\u0259\u015fad H\u0259s\u0259nov<\/strong>\u00a0bildirib.<\/p>\n<p>Onun s\u00f6zl\u0259rin\u0259 g\u00f6r\u0259, m\u00fcavin\u0259t v\u0259 t\u0259qa\u00fcdl\u0259rin art\u0131r\u0131laca\u011f\u0131na dair sosial paketin a\u00e7\u0131qlanmas\u0131 ehtimal\u0131 da y\u00fcks\u0259kdir.<\/p>\n<p>&#8220;G\u00f6zl\u0259nilir ki, 2024-c\u00fc ilin \u0259vv\u0259lind\u0259n bu g\u00f6st\u0259riciy\u0259 d\u0259yi\u015fiklik edil\u0259c\u0259k. Minimum \u0259m\u0259khaqq\u0131 t\u0259xmin\u0259n 10 faiz &#8211; 400 manata q\u0259d\u0259r art\u0131r\u0131la bil\u0259r&#8221;.<\/p>\n<p><strong>Mill\u0259t v\u0259kili V\u00fcqar Bayramov<\/strong>\u00a0da bildirib ki, 2024-c\u00fc ilin yanvar\u0131nda pensiyalar v\u0259 \u0259m\u0259khaqlar\u0131nda art\u0131mlar olacaq.<\/p>\n<p><strong>\u018ftrafl\u0131 videomaterialda izl\u0259y\u0259 bil\u0259rsiniz:<\/strong><\/p>\n<p><strong><iframe title=\"YouTube video player\" src=\"https:\/\/www.youtube.com\/embed\/e-iEBApTo9s?si=INXrb2KlhYReyxQY\" frameborder=\"0\" allowfullscreen=\"allowfullscreen\" data-mce-fragment=\"1\"><\/iframe><\/strong><\/p>\n<\/div>\n<div><\/div>\n<div>\n<div class=\"banner banner-6cdd60ea0045eb7a6ec44c54d29ed402\" data-banner=\"MTg0\">\n<div><\/div>\n<\/div>\n<\/div>\n<div class=\"inner-social-box\">\n<div class=\"subs-in-social subs-instagram\"><\/div>\n<\/div>\n","protected":false},"excerpt":{"rendered":"<p>G\u0259l\u0259n ilin ilk aylar\u0131ndan minimum \u0259m\u0259khaqq\u0131 v\u0259 pensiya m\u0259bl\u0259\u011fl\u0259rin\u0259 d\u0259yi\u015fiklik edil\u0259c\u0259yi proqnozla\u015fd\u0131r\u0131l\u0131r. Bunu X\u0259z\u0259r TV-y\u0259 a\u00e7\u0131qlamas\u0131nda\u00a0iqtisad\u00e7\u0131 ekspert R\u0259\u015fad H\u0259s\u0259nov\u00a0bildirib. Onun s\u00f6zl\u0259rin\u0259 g\u00f6r\u0259, m\u00fcavin\u0259t v\u0259 t\u0259qa\u00fcdl\u0259rin art\u0131r\u0131laca\u011f\u0131na dair sosial paketin a\u00e7\u0131qlanmas\u0131 ehtimal\u0131 da y\u00fcks\u0259kdir. &#8220;G\u00f6zl\u0259nilir ki, 2024-c\u00fc ilin \u0259vv\u0259lind\u0259n bu g\u00f6st\u0259riciy\u0259 d\u0259yi\u015fiklik edil\u0259c\u0259k. Minimum \u0259m\u0259khaqq\u0131 t\u0259xmin\u0259n 10 faiz &#8211; 400 manata q\u0259d\u0259r art\u0131r\u0131la bil\u0259r&#8221;. Mill\u0259t v\u0259kili V\u00fcqar Bayramov\u00a0da bildirib ki, 2024-c\u00fc ilin yanvar\u0131nda pensiyalar v\u0259 \u0259m\u0259khaqlar\u0131nda art\u0131mlar olacaq. \u018ftrafl\u0131 videomaterialda izl\u0259y\u0259 bil\u0259rsiniz:<\/p>\n","protected":false},"author":2,"featured_media":643400,"comment_status":"closed","ping_status":"closed","sticky":false,"template":"","format":"standard","meta":{"om_disable_all_campaigns":false,"_monsterinsights_skip_tracking":false,"_monsterinsights_sitenote_active":false,"_monsterinsights_sitenote_note":"","_monsterinsights_sitenote_category":0},"categories":[1],"tags":[],"aioseo_notices":[],"gutentor_comment":0,"rttpg_featured_image_url":{"full":["https:\/\/arantv.az\/wp-content\/uploads\/2023\/10\/4c4a73f769e416369e1f37393e32da4b.jpg",850,500,false],"landscape":["https:\/\/arantv.az\/wp-content\/uploads\/2023\/10\/4c4a73f769e416369e1f37393e32da4b.jpg",850,500,false],"portraits":["https:\/\/arantv.az\/wp-content\/uploads\/2023\/10\/4c4a73f769e416369e1f37393e32da4b.jpg",850,500,false],"thumbnail":["https:\/\/arantv.az\/wp-content\/uploads\/2023\/10\/4c4a73f769e416369e1f37393e32da4b-500x280.jpg",500,280,true],"medium":["https:\/\/arantv.az\/wp-content\/uploads\/2023\/10\/4c4a73f769e416369e1f37393e32da4b-621x365.jpg",621,365,true],"large":["https:\/\/arantv.az\/wp-content\/uploads\/2023\/10\/4c4a73f769e416369e1f37393e32da4b-840x494.jpg",640,376,true],"1536x1536":["https:\/\/arantv.az\/wp-content\/uploads\/2023\/10\/4c4a73f769e416369e1f37393e32da4b.jpg",850,500,false],"2048x2048":["https:\/\/arantv.az\/wp-content\/uploads\/2023\/10\/4c4a73f769e416369e1f37393e32da4b.jpg",850,500,false],"post-thumbnail":["https:\/\/arantv.az\/wp-content\/uploads\/2023\/10\/4c4a73f769e416369e1f37393e32da4b-240x172.jpg",240,172,true],"advps-thumb-one":["https:\/\/arantv.az\/wp-content\/uploads\/2023\/10\/4c4a73f769e416369e1f37393e32da4b.jpg",850,500,false]},"rttpg_author":{"display_name":"V\u00fcsal Rafiqo\u011flu","author_link":"https:\/\/arantv.az\/?author=2"},"rttpg_comment":0,"rttpg_category":"<a href=\"https:\/\/arantv.az\/?cat=1\" rel=\"category\">C\u0259miyy\u0259t<\/a>","rttpg_excerpt":"G\u0259l\u0259n ilin ilk aylar\u0131ndan minimum \u0259m\u0259khaqq\u0131 v\u0259 pensiya m\u0259bl\u0259\u011fl\u0259rin\u0259 d\u0259yi\u015fiklik edil\u0259c\u0259yi proqnozla\u015fd\u0131r\u0131l\u0131r. Bunu X\u0259z\u0259r TV-y\u0259 a\u00e7\u0131qlamas\u0131nda\u00a0iqtisad\u00e7\u0131 ekspert R\u0259\u015fad H\u0259s\u0259nov\u00a0bildirib. Onun s\u00f6zl\u0259rin\u0259 g\u00f6r\u0259, m\u00fcavin\u0259t v\u0259 t\u0259qa\u00fcdl\u0259rin art\u0131r\u0131laca\u011f\u0131na dair sosial paketin a\u00e7\u0131qlanmas\u0131 ehtimal\u0131 da y\u00fcks\u0259kdir. &#8220;G\u00f6zl\u0259nilir ki, 2024-c\u00fc ilin \u0259vv\u0259lind\u0259n bu g\u00f6st\u0259riciy\u0259 d\u0259yi\u015fiklik edil\u0259c\u0259k. Minimum \u0259m\u0259khaqq\u0131 t\u0259xmin\u0259n 10 faiz &#8211; 400 manata q\u0259d\u0259r art\u0131r\u0131la bil\u0259r&#8221;. Mill\u0259t v\u0259kili&hellip;","_links":{"self":[{"href":"https:\/\/arantv.az\/index.php?rest_route=\/wp\/v2\/posts\/643397"}],"collection":[{"href":"https:\/\/arantv.az\/index.php?rest_route=\/wp\/v2\/posts"}],"about":[{"href":"https:\/\/arantv.az\/index.php?rest_route=\/wp\/v2\/types\/post"}],"author":[{"embeddable":true,"href":"https:\/\/arantv.az\/index.php?rest_route=\/wp\/v2\/users\/2"}],"replies":[{"embeddable":true,"href":"https:\/\/arantv.az\/index.php?rest_route=%2Fwp%2Fv2%2Fcomments&post=643397"}],"version-history":[{"count":0,"href":"https:\/\/arantv.az\/index.php?rest_route=\/wp\/v2\/posts\/643397\/revisions"}],"wp:featuredmedia":[{"embeddable":true,"href":"https:\/\/arantv.az\/index.php?rest_route=\/wp\/v2\/media\/643400"}],"wp:attachment":[{"href":"https:\/\/arantv.az\/index.php?rest_route=%2Fwp%2Fv2%2Fmedia&parent=643397"}],"wp:term":[{"taxonomy":"category","embeddable":true,"href":"https:\/\/arantv.az\/index.php?rest_route=%2Fwp%2Fv2%2Fcategories&post=643397"},{"taxonomy":"post_tag","embeddable":true,"href":"https:\/\/arantv.az\/index.php?rest_route=%2Fwp%2Fv2%2Ftags&post=643397"}],"curies":[{"name":"wp","href":"https:\/\/api.w.org\/{rel}","templated":true}]}}