{"id":643402,"date":"2023-10-10T12:15:46","date_gmt":"2023-10-10T08:15:46","guid":{"rendered":"https:\/\/arantv.az\/?p=643402"},"modified":"2023-10-10T12:15:46","modified_gmt":"2023-10-10T08:15:46","slug":"az%c9%99rbaycan-gurcustan-munasib%c9%99tl%c9%99ri","status":"publish","type":"post","link":"https:\/\/arantv.az\/?p=643402","title":{"rendered":"Az\u0259rbaycan-G\u00fcrc\u00fcstan m\u00fcnasib\u0259tl\u0259ri"},"content":{"rendered":"<div class=\"x11i5rnm xat24cr x1mh8g0r x1vvkbs xtlvy1s x126k92a\">\n<div dir=\"auto\">C\u0259nubi Qafqaz regionu tarix\u0259n bir \u00e7ox d\u00f6vl\u0259tl\u0259rin \u015f\u0259xsi maraqlar\u0131n\u0131n k\u0259si\u015fdiyi bir regiondur. Az\u0259rbaycan\u0131n q\u0259rb qon\u015fusu Erm\u0259nistandan f\u0259rqli olaraq dig\u0259r qon\u015fular\u0131 o c\u00fcml\u0259d\u0259n \u015fimal-q\u0259rb qon\u015fusu G\u00fcrc\u00fcstanla tarix\u0259 s\u00f6yk\u0259n\u0259n dostluq, mehriban qon\u015fuluq m\u00fcnasib\u0259tl\u0259ri olmu\u015fdur. \u018fsrl\u0259r boyu bizim xalqlar\u0131m\u0131z mehriban qon\u015fuluq v\u0259 dostluq \u015f\u0259raitind\u0259 ya\u015fam\u0131\u015fd\u0131r, bu g\u00fcn d\u0259 bel\u0259dir. Bu, h\u0259m \u00f6lk\u0259l\u0259rimiz \u00fc\u00e7\u00fcn, h\u0259m b\u00fct\u00fcn b\u00f6lg\u0259 \u00fc\u00e7\u00fcn \u00e7ox vacibdir. SSR\u0130-i da\u011f\u0131ld\u0131qdan sonra Erm\u0259nistan\u0131n qon\u015fu \u00f6lk\u0259l\u0259r\u0259 qar\u015f\u0131 \u0259sass\u0131z \u0259razi iddialar\u0131, h\u0259m\u00e7inin Az\u0259rbaycan\u0131n \u0259razil\u0259rini i\u015f\u011fal etm\u0259si, regionda uzun m\u00fcdd\u0259t i\u015f\u011fal\u00e7\u0131l\u0131q, terror\u00e7uluq \u0259m\u0259ll\u0259rinin h\u00f6km s\u00fcrm\u0259sin\u0259 z\u0259min yaratm\u0131\u015fd\u0131r. Bu da \u00f6z n\u00f6vb\u0259sind\u0259 b\u00fct\u00f6vl\u00fckd\u0259 C\u0259nubi Qafqaz regionu \u00f6lk\u0259l\u0259rinin iqtisadi c\u0259h\u0259td\u0259n inki\u015faf\u0131na mane\u0259l\u0259r t\u00f6r\u0259tmi\u015fdir. Az\u0259rbaycan \u00f6z iqtisadi v\u0259 t\u0259bii resurslar\u0131n\u0131n potensial\u0131 hesab\u0131na bir s\u0131ra beyn\u0259lxalq v\u0259 regional layih\u0259l\u0259r h\u0259yata ke\u00e7irm\u0259kl\u0259 t\u0259kc\u0259 \u00f6z\u00fcn\u00fcn deyil, regionun iqtisadi inki\u015faf\u0131na \u00f6z t\u00f6hv\u0259l\u0259rini vermi\u015fdir.<\/div>\n<div dir=\"auto\">Bir regionun inki\u015faf\u0131 \u00fc\u00e7\u00fcn \u0259sas amil orada s\u00fclh\u00fcn olmas\u0131d\u0131r. 2020-ci il sentyabr\u0131n 27-d\u0259 ba\u015flam\u0131\u015f v\u0259 44 g\u00fcn davam ed\u0259n V\u0259t\u0259n m\u00fcharib\u0259si Erm\u0259nistan\u0131n 30 illik i\u015f\u011fal\u00e7\u0131l\u0131q siyas\u0259tin\u0259 son qoydu. Regionda yeni reall\u0131qlar yaratd\u0131. B\u00fct\u00f6vl\u00fckd\u0259 regionda s\u00fclh\u00fcn b\u0259rq\u0259rar olmas\u0131na \u015f\u0259rait yaratd\u0131. M\u00fcharib\u0259nin bitm\u0259sind\u0259n 3 il ke\u00e7m\u0259sin\u0259 baxamayaraq amma h\u0259l\u0259d\u0259 C\u0259nubi Qafqazda s\u00fclh h\u0259l\u0259 ki, tam b\u0259rq\u0259rar olunmay\u0131b.<\/div>\n<div dir=\"auto\">Prezident \u0130lham \u018fliyevin 8 oktyabr tarixind\u0259 Tbilisid\u0259 r\u0259smi s\u0259f\u0259ri zaman\u0131 m\u0259tbuata verdiyi b\u0259yanatda art\u0131q C\u0259nubi Qafqazda s\u00fclh\u00fcn b\u0259rq\u0259rar olmas\u0131n\u0131n vaxt\u0131 \u00e7atd\u0131\u011f\u0131 bildirildi. B\u00fct\u00fcn regionun inki\u015faf\u0131 \u00fc\u00e7\u00fcn yaranm\u0131\u015f \u015fans\u0131 \u0259ld\u0259n verm\u0259k b\u00f6y\u00fck s\u0259hv olar.<\/div>\n<div dir=\"auto\">Erm\u0259nistanla Az\u0259rbaycan aras\u0131nda imzalanacaq s\u00fclh m\u00fcqavil\u0259si \u00fcz\u0259rind\u0259 f\u0259al \u00e7al\u0131\u015fmalar apar\u0131l\u0131r. \u018fg\u0259r buna nail olsaq, o zaman C\u0259nubi Qafqazda tamamil\u0259 yeni bir siyasi v\u0259ziyy\u0259t yaranacaq. C\u0259nubi Qafqaz \u00f6lk\u0259l\u0259ri \u0259m\u0259kda\u015fl\u0131\u011fa \u00fc\u00e7t\u0259r\u0259fli formatda ba\u015flaya bil\u0259rl\u0259r v\u0259 bir \u00e7ox sah\u0259l\u0259r \u00fczr\u0259 \u0259m\u0259kda\u015fl\u0131q \u00e7ox u\u011furlu ola bil\u0259r, n\u0259qliyyat, enerji t\u0259hl\u00fck\u0259sizliyi, ticar\u0259t, qar\u015f\u0131l\u0131ql\u0131 s\u0259rmay\u0259 qoyulu\u015fu v\u0259 sair kimi fikirl\u0259ri \u0259sas diqq\u0259t \u00e7\u0259k\u0259n m\u0259qamlardan oldu. D\u00f6vl\u0259t ba\u015f\u015f\u0131s\u0131 h\u0259m\u00e7inin Az\u0259rbaycan v\u0259 G\u00fcrc\u00fcstan\u0131n h\u0259r zaman bir-birinin \u0259razi b\u00fct\u00f6vl\u00fcy\u00fcn\u00fc v\u0259 suverenliyini d\u0259st\u0259kl\u0259diyini vur\u011fulayaraq, b\u00fct\u00fcn beyn\u0259lxalq t\u0259\u015fkilatlarda xalqlar\u0131m\u0131z\u0131n bu v\u0259 dig\u0259r maraqlar\u0131n\u0131 \u0259ks etdir\u0259n m\u0259s\u0259l\u0259l\u0259rd\u0259 h\u0259r iki d\u00f6vl\u0259t bir-birini d\u0259st\u0259kl\u0259diyini, \u00f6k\u0259l\u0259rimizin \u0259razi b\u00fct\u00f6vl\u00fcy\u00fcn\u00fcn beyn\u0259lxalq h\u00fcququn fundamental prinsipi oldu\u011funu v\u0259 \u0259razi b\u00fct\u00f6vl\u00fcy\u00fcn\u00fcn pozulmas\u0131n\u0131n q\u0259buledilm\u0259zliyini, h\u0259m\u00e7inin Az\u0259rbaycan\u0131n bu m\u0259s\u0259l\u0259 il\u0259 ba\u011fl\u0131 m\u00f6vqeyinin birm\u0259nal\u0131 oldu\u011funu ifad\u0259 etmi\u015fdir.<\/div>\n<div dir=\"auto\">Eyni zamanda \u00fc\u00e7 il bundan \u0259vv\u0259l \u0130kinci Qaraba\u011f m\u00fcharib\u0259si n\u0259tic\u0259sind\u0259 Az\u0259rbaycan \u00f6z \u0259razi b\u00fct\u00f6vl\u00fcy\u00fcn\u00fc b\u0259rpa etdiyini, ke\u00e7\u0259n ay b\u00fct\u00fcn \u00f6lk\u0259 \u00fczr\u0259 suverenliyini b\u0259rpa etm\u0259sini d\u0259 vur\u011fulam\u0131\u015fd\u0131r.<\/div>\n<div dir=\"auto\">\u00d6lk\u0259 ba\u015f\u00e7\u0131s\u0131n\u0131n bu s\u0259f\u0259ri d\u0259 Az\u0259rbaycan-G\u00fcrc\u00fcstan m\u00f6vcud \u0259laq\u0259l\u0259rinin geni\u015fl\u0259nm\u0259sin\u0259 v\u0259 inki\u015faf\u0131na t\u00f6vh\u0259 ver\u0259c\u0259k. Az\u0259rbaycan il\u0259 G\u00fcrc\u00fcstan\u0131n tarixi \u0130p\u0259k Yolu \u00fcz\u0259rind\u0259 yerl\u0259\u015fm\u0259si v\u0259 \u00f6lk\u0259l\u0259rimiz t\u0259r\u0259find\u0259n birg\u0259 irimiqyasl\u0131 enerji v\u0259 n\u0259qliyyat layih\u0259l\u0259rinin icra edilm\u0259si regionumuzdan ke\u00e7\u0259n y\u00fck ax\u0131n\u0131n\u0131n h\u0259cmini d\u0259f\u0259l\u0259rl\u0259 art\u0131r\u0131b. \u00d6lk\u0259l\u0259rimiz aras\u0131nda u\u011furlu regional \u0259m\u0259kda\u015fl\u0131q m\u00fcnasib\u0259tl\u0259ri \u00e7\u0259r\u00e7iv\u0259sind\u0259 irimiqyasl\u0131 qlobal enerji v\u0259 n\u0259qliyyat-kommunikasiya layih\u0259l\u0259rinin (Bak\u0131-Tbilisi-Ceyhan neft boru k\u0259m\u0259ri, Bak\u0131-Tbilisi-\u018frzurum qaz boru k\u0259m\u0259ri, Bak\u0131-Tbilisi-Qars d\u0259mir yolu v\u0259 s.) realla\u015fd\u0131r\u0131lmas\u0131 b\u00f6lg\u0259d\u0259 s\u00fclh\u0259 v\u0259 sabitliy\u0259 xidm\u0259t edir. H\u0259m\u00e7inin \u00f6lk\u0259mizin G\u00fcrc\u00fcstanla h\u0259m enerji, h\u0259m n\u0259qliyyat sah\u0259sind\u0259 \u00e7ox b\u00f6y\u00fck \u0259m\u0259kda\u015fl\u0131q planlar\u0131 var. Bizim birg\u0259 h\u0259yata ke\u00e7irdiyimiz enerji v\u0259 n\u0259qliyyat layih\u0259l\u0259ri bu g\u00fcn bir \u00e7ox \u00f6lk\u0259l\u0259rin enerji v\u0259 n\u0259qliyyat t\u0259hl\u00fck\u0259sizliyin\u0259 xidm\u0259t g\u00f6st\u0259rir. Az\u0259rbaycan b\u00f6y\u00fck m\u0259mnuniyy\u0259tl\u0259 G\u00fcrc\u00fcstan\u0131n yeni infrastruktur layih\u0259l\u0259rinin yaranmas\u0131nda i\u015ftirak ed\u0259 bil\u0259r. Anakliya liman\u0131 v\u0259 Kulevi liman\u0131 \u0259m\u0259kda\u015fl\u0131\u011f\u0131m\u0131z\u0131 daha da g\u00fccl\u0259ndir\u0259c\u0259k. Bak\u0131-Tbilisi-Qars d\u0259mir yolunun a\u015f\u0131rma qabiliyy\u0259tinin 5 d\u0259f\u0259d\u0259n \u00e7ox art\u0131r\u0131lmas\u0131 v\u0259 yax\u0131n g\u0259l\u0259c\u0259kd\u0259 f\u0259aliyy\u0259t\u0259 ba\u015flamas\u0131 da Orta D\u0259hlizin g\u00fccl\u0259nm\u0259sin\u0259 xidm\u0259t g\u00f6st\u0259r\u0259c\u0259k.<\/div>\n<div dir=\"auto\">Eyni zamanda Energetika sah\u0259sind\u0259 \u0259n\u0259n\u0259vi sah\u0259l\u0259rd\u0259n ba\u015fqa bizi birl\u0259\u015fdir\u0259n \u201cYa\u015f\u0131l enerji d\u0259hlizi\u201d layih\u0259sidir. Burada da biz iki qarda\u015f \u00f6lk\u0259 Avropa \u00f6lk\u0259l\u0259ri il\u0259 s\u0131x \u0259m\u0259kda\u015fl\u0131q edirik v\u0259 yax\u0131n aylarda bu layih\u0259nin texniki-iqtisadi \u0259sasland\u0131rmas\u0131n\u0131n haz\u0131r olaca\u011f\u0131 vur\u011fuland\u0131.<\/div>\n<div dir=\"auto\">Regionda G\u00fcrc\u00fcstan\u0131n v\u0259 Az\u0259rbaycan\u0131n birlikd\u0259 v\u0259 dig\u0259r qon\u015fu \u00f6lk\u0259l\u0259rl\u0259 birg\u0259 icra etdiyi layih\u0259l\u0259r b\u00f6y\u00fck m\u0259na da\u015f\u0131y\u0131r. Bizd\u0259 g\u00fccl\u00fc siyasi irad\u0259 v\u0259 art\u0131q yarad\u0131lm\u0131\u015f g\u00fccl\u00fc infrastruktur var. \u018fn \u0259sas amil is\u0259 G\u00fcrc\u00fcstan-Az\u0259rbaycan dostlu\u011fu v\u0259 strateji t\u0259r\u0259fda\u015fl\u0131\u011f\u0131d\u0131r.<\/div>\n<div dir=\"auto\">\u00d6lk\u0259 Prezidentinin ke\u00e7\u0259n h\u0259ft\u0259 G\u00fcrc\u00fcstan s\u0259f\u0259rind\u0259 s\u0259sl\u0259ndiril\u0259n bu v\u0259 dig\u0259r fikirl\u0259r bir daha iki \u00f6lk\u0259 aras\u0131nda \u0259laq\u0259l\u0259rin daha da inki\u015faf\u0131na z\u0259min yaradacaq.<\/div>\n<div dir=\"auto\">Bu g\u00fcn Az\u0259rbaycan d\u00f6vl\u0259tinin milli maraqlar\u0131 \u00f6lk\u0259 Prezidenti c\u0259nab \u0130lham \u018fliyevin uzaqg\u00f6r\u0259n v\u0259 q\u0259tiyy\u0259tli siyas\u0259ti n\u0259tic\u0259sind\u0259 tam t\u0259min olunmaqdad\u0131r. Onun h\u0259r xarici s\u0259f\u0259ri, atd\u0131\u011f\u0131 b\u00fct\u00fcn add\u0131mlar m\u0259hs bu m\u0259qs\u0259d\u0259 xidm\u0259t edir. \u00d6lk\u0259mizin \u0259sas milli maraqlar\u0131ndan olan r\u0259qab\u0259t qabiliyy\u0259tli v\u0259 \u00e7ox \u015fax\u0259li g\u00fccl\u00fc iqtisadiyyat qurmaq \u0259sas proritet m\u0259qs\u0259dl\u0259rd\u0259ndir. Regionda s\u00fclh\u00fcn t\u0259min olunmas\u0131 v\u0259 inki\u015fafa \u015f\u0259rait yarad\u0131lmas\u0131 \u0259sas m\u0259qs\u0259ddir. Son ill\u0259rd\u0259 \u00f6lk\u0259miz \u0259m\u0259kda\u015fl\u0131q etdiyi \u00f6lk\u0259l\u0259rl\u0259 o c\u00fcml\u0259d\u0259n qon\u015fu d\u00f6vl\u0259tl\u0259rl\u0259 d\u0259 bu sah\u0259d\u0259 m\u00fch\u00fcm i\u015fl\u0259r h\u0259yata ke\u00e7irmi\u015fdir. El\u0259 g\u00fcn\u00fc-g\u00fcnd\u0259n artan Az\u0259rbaycan- G\u00fcrc\u00fcstan qon\u015fuluq, dostluq m\u00fcnasib\u0259tl\u0259ri d\u0259 buna bir misald\u0131r.<\/div>\n<\/div>\n<div class=\"x11i5rnm xat24cr x1mh8g0r x1vvkbs xtlvy1s x126k92a\">\n<div dir=\"auto\"><strong>Liza Cabbarova \u2013 B\u0259rd\u0259 \u015f\u0259h\u0259r T.\u0130smay\u0131lov ad\u0131na 1 n\u00f6mr\u0259li tam orta m\u0259kt\u0259bin direktor m\u00fcavini<\/strong><\/div>\n<\/div>\n","protected":false},"excerpt":{"rendered":"<p>C\u0259nubi Qafqaz regionu tarix\u0259n bir \u00e7ox d\u00f6vl\u0259tl\u0259rin \u015f\u0259xsi maraqlar\u0131n\u0131n k\u0259si\u015fdiyi bir regiondur. Az\u0259rbaycan\u0131n q\u0259rb qon\u015fusu Erm\u0259nistandan f\u0259rqli olaraq dig\u0259r qon\u015fular\u0131 o c\u00fcml\u0259d\u0259n \u015fimal-q\u0259rb qon\u015fusu G\u00fcrc\u00fcstanla tarix\u0259 s\u00f6yk\u0259n\u0259n dostluq, mehriban qon\u015fuluq m\u00fcnasib\u0259tl\u0259ri olmu\u015fdur. \u018fsrl\u0259r boyu bizim xalqlar\u0131m\u0131z mehriban qon\u015fuluq v\u0259 dostluq \u015f\u0259raitind\u0259 ya\u015fam\u0131\u015fd\u0131r, bu g\u00fcn d\u0259 bel\u0259dir. Bu, h\u0259m \u00f6lk\u0259l\u0259rimiz \u00fc\u00e7\u00fcn, h\u0259m b\u00fct\u00fcn b\u00f6lg\u0259 \u00fc\u00e7\u00fcn \u00e7ox vacibdir. SSR\u0130-i da\u011f\u0131ld\u0131qdan sonra Erm\u0259nistan\u0131n qon\u015fu \u00f6lk\u0259l\u0259r\u0259 qar\u015f\u0131 \u0259sass\u0131z \u0259razi iddialar\u0131, h\u0259m\u00e7inin Az\u0259rbaycan\u0131n \u0259razil\u0259rini i\u015f\u011fal etm\u0259si, regionda uzun m\u00fcdd\u0259t i\u015f\u011fal\u00e7\u0131l\u0131q, terror\u00e7uluq \u0259m\u0259ll\u0259rinin h\u00f6km s\u00fcrm\u0259sin\u0259 z\u0259min yaratm\u0131\u015fd\u0131r. Bu da \u00f6z n\u00f6vb\u0259sind\u0259 b\u00fct\u00f6vl\u00fckd\u0259 C\u0259nubi Qafqaz regionu \u00f6lk\u0259l\u0259rinin&hellip;<\/p>\n","protected":false},"author":2,"featured_media":643403,"comment_status":"closed","ping_status":"closed","sticky":false,"template":"","format":"standard","meta":{"om_disable_all_campaigns":false,"_monsterinsights_skip_tracking":false,"_monsterinsights_sitenote_active":false,"_monsterinsights_sitenote_note":"","_monsterinsights_sitenote_category":0},"categories":[2],"tags":[],"aioseo_notices":[],"gutentor_comment":0,"rttpg_featured_image_url":{"full":["https:\/\/arantv.az\/wp-content\/uploads\/2023\/10\/387783418_252701747724513_492919084982329911_n.jpg",850,530,false],"landscape":["https:\/\/arantv.az\/wp-content\/uploads\/2023\/10\/387783418_252701747724513_492919084982329911_n.jpg",850,530,false],"portraits":["https:\/\/arantv.az\/wp-content\/uploads\/2023\/10\/387783418_252701747724513_492919084982329911_n.jpg",850,530,false],"thumbnail":["https:\/\/arantv.az\/wp-content\/uploads\/2023\/10\/387783418_252701747724513_492919084982329911_n-500x280.jpg",500,280,true],"medium":["https:\/\/arantv.az\/wp-content\/uploads\/2023\/10\/387783418_252701747724513_492919084982329911_n-585x365.jpg",585,365,true],"large":["https:\/\/arantv.az\/wp-content\/uploads\/2023\/10\/387783418_252701747724513_492919084982329911_n-840x524.jpg",640,399,true],"1536x1536":["https:\/\/arantv.az\/wp-content\/uploads\/2023\/10\/387783418_252701747724513_492919084982329911_n.jpg",850,530,false],"2048x2048":["https:\/\/arantv.az\/wp-content\/uploads\/2023\/10\/387783418_252701747724513_492919084982329911_n.jpg",850,530,false],"post-thumbnail":["https:\/\/arantv.az\/wp-content\/uploads\/2023\/10\/387783418_252701747724513_492919084982329911_n-240x172.jpg",240,172,true],"advps-thumb-one":["https:\/\/arantv.az\/wp-content\/uploads\/2023\/10\/387783418_252701747724513_492919084982329911_n.jpg",850,530,false]},"rttpg_author":{"display_name":"V\u00fcsal Rafiqo\u011flu","author_link":"https:\/\/arantv.az\/?author=2"},"rttpg_comment":0,"rttpg_category":"<a href=\"https:\/\/arantv.az\/?cat=2\" rel=\"category\">Region X\u0259b\u0259rl\u0259ri<\/a>","rttpg_excerpt":"C\u0259nubi Qafqaz regionu tarix\u0259n bir \u00e7ox d\u00f6vl\u0259tl\u0259rin \u015f\u0259xsi maraqlar\u0131n\u0131n k\u0259si\u015fdiyi bir regiondur. Az\u0259rbaycan\u0131n q\u0259rb qon\u015fusu Erm\u0259nistandan f\u0259rqli olaraq dig\u0259r qon\u015fular\u0131 o c\u00fcml\u0259d\u0259n \u015fimal-q\u0259rb qon\u015fusu G\u00fcrc\u00fcstanla tarix\u0259 s\u00f6yk\u0259n\u0259n dostluq, mehriban qon\u015fuluq m\u00fcnasib\u0259tl\u0259ri olmu\u015fdur. \u018fsrl\u0259r boyu bizim xalqlar\u0131m\u0131z mehriban qon\u015fuluq v\u0259 dostluq \u015f\u0259raitind\u0259 ya\u015fam\u0131\u015fd\u0131r, bu g\u00fcn d\u0259 bel\u0259dir. Bu, h\u0259m \u00f6lk\u0259l\u0259rimiz \u00fc\u00e7\u00fcn, h\u0259m b\u00fct\u00fcn b\u00f6lg\u0259 \u00fc\u00e7\u00fcn \u00e7ox&hellip;","_links":{"self":[{"href":"https:\/\/arantv.az\/index.php?rest_route=\/wp\/v2\/posts\/643402"}],"collection":[{"href":"https:\/\/arantv.az\/index.php?rest_route=\/wp\/v2\/posts"}],"about":[{"href":"https:\/\/arantv.az\/index.php?rest_route=\/wp\/v2\/types\/post"}],"author":[{"embeddable":true,"href":"https:\/\/arantv.az\/index.php?rest_route=\/wp\/v2\/users\/2"}],"replies":[{"embeddable":true,"href":"https:\/\/arantv.az\/index.php?rest_route=%2Fwp%2Fv2%2Fcomments&post=643402"}],"version-history":[{"count":0,"href":"https:\/\/arantv.az\/index.php?rest_route=\/wp\/v2\/posts\/643402\/revisions"}],"wp:featuredmedia":[{"embeddable":true,"href":"https:\/\/arantv.az\/index.php?rest_route=\/wp\/v2\/media\/643403"}],"wp:attachment":[{"href":"https:\/\/arantv.az\/index.php?rest_route=%2Fwp%2Fv2%2Fmedia&parent=643402"}],"wp:term":[{"taxonomy":"category","embeddable":true,"href":"https:\/\/arantv.az\/index.php?rest_route=%2Fwp%2Fv2%2Fcategories&post=643402"},{"taxonomy":"post_tag","embeddable":true,"href":"https:\/\/arantv.az\/index.php?rest_route=%2Fwp%2Fv2%2Ftags&post=643402"}],"curies":[{"name":"wp","href":"https:\/\/api.w.org\/{rel}","templated":true}]}}