{"id":643405,"date":"2023-10-10T12:20:50","date_gmt":"2023-10-10T08:20:50","guid":{"rendered":"https:\/\/arantv.az\/?p=643405"},"modified":"2023-10-10T12:20:50","modified_gmt":"2023-10-10T08:20:50","slug":"haci-zeynalabdin-tagiyevin-h%c9%99yatindan-b%c9%99hs-ed%c9%99n-film-g%c9%99l%c9%99n-il-t%c9%99hvil-veril%c9%99c%c9%99k","status":"publish","type":"post","link":"https:\/\/arantv.az\/?p=643405","title":{"rendered":"Hac\u0131 Zeynalabdin Ta\u011f\u0131yevin h\u0259yat\u0131ndan b\u0259hs ed\u0259n film g\u0259l\u0259n il t\u0259hvil veril\u0259c\u0259k"},"content":{"rendered":"<p>\u201cHac\u0131 Zeynalabdin Ta\u011f\u0131yevin h\u0259yat\u0131ndan b\u0259hs ed\u0259n \u201cHimay\u0259dar\u201d filmi g\u0259l\u0259n il t\u0259hvil veril\u0259c\u0259k\u201d.<\/p>\n<p>\u201cReport\u201d\u00a0x\u0259b\u0259r verir ki, bunu Bak\u0131 Media M\u0259rk\u0259zinin icra\u00e7\u0131 direktoru Orman \u018fliyev Az\u0259rbaycan III \u201cKorkut Ata\u201d Film Festival\u0131 il\u0259 \u0259laq\u0259dar ke\u00e7iril\u0259n Zirv\u0259 g\u00f6r\u00fc\u015f\u00fcnd\u0259 deyib.<\/p>\n<p>Onun s\u00f6zl\u0259rin\u0259 g\u00f6r\u0259, M\u0259d\u0259niyy\u0259t Nazirliyinin d\u0259st\u0259yi il\u0259 \u00e7\u0259kil\u0259n \u00e7oxseriyal\u0131 filmin 120 \u00e7\u0259kili\u015f g\u00fcn\u00fcn\u00fcn art\u0131q 85-i yekunla\u015f\u0131b:<\/p>\n<p>\u201cFilm \u00fcmumilikd\u0259 8 seriyadan ibar\u0259t olacaq. H\u0259r seriya bir saat davam ed\u0259c\u0259k\u201d.<\/p>\n<p>O.\u018fliyev h\u0259m\u00e7inin M\u0259d\u0259niyy\u0259t Nazirliyinin d\u0259st\u0259yi il\u0259 ekranla\u015fd\u0131r\u0131lan \u201cHadrut, s\u0259n azadsan\u201d filminin \u00e7\u0259kili\u015fl\u0259ri d\u0259 art\u0131q yekunla\u015f\u0131b v\u0259 g\u0259l\u0259n ay t\u0259hvil veril\u0259c\u0259k.<\/p>\n","protected":false},"excerpt":{"rendered":"<p>\u201cHac\u0131 Zeynalabdin Ta\u011f\u0131yevin h\u0259yat\u0131ndan b\u0259hs ed\u0259n \u201cHimay\u0259dar\u201d filmi g\u0259l\u0259n il t\u0259hvil veril\u0259c\u0259k\u201d. \u201cReport\u201d\u00a0x\u0259b\u0259r verir ki, bunu Bak\u0131 Media M\u0259rk\u0259zinin icra\u00e7\u0131 direktoru Orman \u018fliyev Az\u0259rbaycan III \u201cKorkut Ata\u201d Film Festival\u0131 il\u0259 \u0259laq\u0259dar ke\u00e7iril\u0259n Zirv\u0259 g\u00f6r\u00fc\u015f\u00fcnd\u0259 deyib. Onun s\u00f6zl\u0259rin\u0259 g\u00f6r\u0259, M\u0259d\u0259niyy\u0259t Nazirliyinin d\u0259st\u0259yi il\u0259 \u00e7\u0259kil\u0259n \u00e7oxseriyal\u0131 filmin 120 \u00e7\u0259kili\u015f g\u00fcn\u00fcn\u00fcn art\u0131q 85-i yekunla\u015f\u0131b: \u201cFilm \u00fcmumilikd\u0259 8 seriyadan ibar\u0259t olacaq. H\u0259r seriya bir saat davam ed\u0259c\u0259k\u201d. O.\u018fliyev h\u0259m\u00e7inin M\u0259d\u0259niyy\u0259t Nazirliyinin d\u0259st\u0259yi il\u0259 ekranla\u015fd\u0131r\u0131lan \u201cHadrut, s\u0259n azadsan\u201d filminin \u00e7\u0259kili\u015fl\u0259ri d\u0259 art\u0131q yekunla\u015f\u0131b v\u0259 g\u0259l\u0259n ay t\u0259hvil veril\u0259c\u0259k.<\/p>\n","protected":false},"author":2,"featured_media":643407,"comment_status":"closed","ping_status":"closed","sticky":false,"template":"","format":"standard","meta":{"om_disable_all_campaigns":false,"_monsterinsights_skip_tracking":false,"_monsterinsights_sitenote_active":false,"_monsterinsights_sitenote_note":"","_monsterinsights_sitenote_category":0},"categories":[1],"tags":[],"aioseo_notices":[],"gutentor_comment":0,"rttpg_featured_image_url":{"full":["https:\/\/arantv.az\/wp-content\/uploads\/2023\/10\/81aaee07-dece-3d46-b4bc-b86ea91ba82d_850-1.jpg",620,413,false],"landscape":["https:\/\/arantv.az\/wp-content\/uploads\/2023\/10\/81aaee07-dece-3d46-b4bc-b86ea91ba82d_850-1.jpg",620,413,false],"portraits":["https:\/\/arantv.az\/wp-content\/uploads\/2023\/10\/81aaee07-dece-3d46-b4bc-b86ea91ba82d_850-1.jpg",620,413,false],"thumbnail":["https:\/\/arantv.az\/wp-content\/uploads\/2023\/10\/81aaee07-dece-3d46-b4bc-b86ea91ba82d_850-1-500x280.jpg",500,280,true],"medium":["https:\/\/arantv.az\/wp-content\/uploads\/2023\/10\/81aaee07-dece-3d46-b4bc-b86ea91ba82d_850-1-548x365.jpg",548,365,true],"large":["https:\/\/arantv.az\/wp-content\/uploads\/2023\/10\/81aaee07-dece-3d46-b4bc-b86ea91ba82d_850-1.jpg",620,413,false],"1536x1536":["https:\/\/arantv.az\/wp-content\/uploads\/2023\/10\/81aaee07-dece-3d46-b4bc-b86ea91ba82d_850-1.jpg",620,413,false],"2048x2048":["https:\/\/arantv.az\/wp-content\/uploads\/2023\/10\/81aaee07-dece-3d46-b4bc-b86ea91ba82d_850-1.jpg",620,413,false],"post-thumbnail":["https:\/\/arantv.az\/wp-content\/uploads\/2023\/10\/81aaee07-dece-3d46-b4bc-b86ea91ba82d_850-1-240x172.jpg",240,172,true],"advps-thumb-one":["https:\/\/arantv.az\/wp-content\/uploads\/2023\/10\/81aaee07-dece-3d46-b4bc-b86ea91ba82d_850-1.jpg",620,413,false]},"rttpg_author":{"display_name":"V\u00fcsal Rafiqo\u011flu","author_link":"https:\/\/arantv.az\/?author=2"},"rttpg_comment":0,"rttpg_category":"<a href=\"https:\/\/arantv.az\/?cat=1\" rel=\"category\">C\u0259miyy\u0259t<\/a>","rttpg_excerpt":"\u201cHac\u0131 Zeynalabdin Ta\u011f\u0131yevin h\u0259yat\u0131ndan b\u0259hs ed\u0259n \u201cHimay\u0259dar\u201d filmi g\u0259l\u0259n il t\u0259hvil veril\u0259c\u0259k\u201d. \u201cReport\u201d\u00a0x\u0259b\u0259r verir ki, bunu Bak\u0131 Media M\u0259rk\u0259zinin icra\u00e7\u0131 direktoru Orman \u018fliyev Az\u0259rbaycan III \u201cKorkut Ata\u201d Film Festival\u0131 il\u0259 \u0259laq\u0259dar ke\u00e7iril\u0259n Zirv\u0259 g\u00f6r\u00fc\u015f\u00fcnd\u0259 deyib. Onun s\u00f6zl\u0259rin\u0259 g\u00f6r\u0259, M\u0259d\u0259niyy\u0259t Nazirliyinin d\u0259st\u0259yi il\u0259 \u00e7\u0259kil\u0259n \u00e7oxseriyal\u0131 filmin 120 \u00e7\u0259kili\u015f g\u00fcn\u00fcn\u00fcn art\u0131q 85-i yekunla\u015f\u0131b: \u201cFilm \u00fcmumilikd\u0259 8 seriyadan&hellip;","_links":{"self":[{"href":"https:\/\/arantv.az\/index.php?rest_route=\/wp\/v2\/posts\/643405"}],"collection":[{"href":"https:\/\/arantv.az\/index.php?rest_route=\/wp\/v2\/posts"}],"about":[{"href":"https:\/\/arantv.az\/index.php?rest_route=\/wp\/v2\/types\/post"}],"author":[{"embeddable":true,"href":"https:\/\/arantv.az\/index.php?rest_route=\/wp\/v2\/users\/2"}],"replies":[{"embeddable":true,"href":"https:\/\/arantv.az\/index.php?rest_route=%2Fwp%2Fv2%2Fcomments&post=643405"}],"version-history":[{"count":0,"href":"https:\/\/arantv.az\/index.php?rest_route=\/wp\/v2\/posts\/643405\/revisions"}],"wp:featuredmedia":[{"embeddable":true,"href":"https:\/\/arantv.az\/index.php?rest_route=\/wp\/v2\/media\/643407"}],"wp:attachment":[{"href":"https:\/\/arantv.az\/index.php?rest_route=%2Fwp%2Fv2%2Fmedia&parent=643405"}],"wp:term":[{"taxonomy":"category","embeddable":true,"href":"https:\/\/arantv.az\/index.php?rest_route=%2Fwp%2Fv2%2Fcategories&post=643405"},{"taxonomy":"post_tag","embeddable":true,"href":"https:\/\/arantv.az\/index.php?rest_route=%2Fwp%2Fv2%2Ftags&post=643405"}],"curies":[{"name":"wp","href":"https:\/\/api.w.org\/{rel}","templated":true}]}}