{"id":643409,"date":"2023-10-10T12:33:50","date_gmt":"2023-10-10T08:33:50","guid":{"rendered":"https:\/\/arantv.az\/?p=643409"},"modified":"2023-10-10T12:33:50","modified_gmt":"2023-10-10T08:33:50","slug":"hakan-fidan-susada-s%c9%99f%c9%99rd%c9%99dir","status":"publish","type":"post","link":"https:\/\/arantv.az\/?p=643409","title":{"rendered":"Hakan Fidan \u015eu\u015fada s\u0259f\u0259rd\u0259dir"},"content":{"rendered":"<p>T\u00fcrkiy\u0259nin xarici i\u015fl\u0259r naziri Hakan Fidan Az\u0259rbaycana s\u0259f\u0259r\u0259 g\u0259lib.<\/p>\n<p>\u201cReport\u201d\u00a0x\u0259b\u0259r verir ki, m\u0259qs\u0259d \u0130qtisadi \u018fm\u0259kda\u015fl\u0131q T\u0259\u015fkilat\u0131n\u0131n (\u0130\u018fT) \u015eu\u015fa \u015f\u0259h\u0259rind\u0259 t\u0259\u015fkil olunan 27-ci iclas\u0131nda i\u015ftirak etm\u0259kdir.<\/p>\n<p>H.Fidan haz\u0131rda \u015eu\u015fadad\u0131r.<\/p>\n<p>Qeyd ed\u0259k ki, iclasda 2023-c\u00fc ild\u0259 \u0130\u018fT kontekstind\u0259 \u0259m\u0259kda\u015fl\u0131q \u00e7\u0259r\u00e7iv\u0259sind\u0259 g\u00f6r\u00fcl\u0259n i\u015fl\u0259r v\u0259 onun n\u0259tic\u0259l\u0259ri qiym\u0259tl\u0259ndiril\u0259c\u0259k, t\u0259\u015fkilat\u0131n g\u00fcnd\u0259liyind\u0259 duran cari m\u0259s\u0259l\u0259l\u0259r m\u00fczakir\u0259 olunacaq.<\/p>\n<p>Xat\u0131rladaq ki, \u0130\u018fT Az\u0259rbaycan, \u018ffqan\u0131stan, \u0130ran, Qazax\u0131stan, Q\u0131r\u011f\u0131z\u0131stan, Pakistan, Tacikistan, T\u00fcrkm\u0259nistan, T\u00fcrkiy\u0259 v\u0259 \u00d6zb\u0259kistan\u0131n daxil oldu\u011fu regional d\u00f6vl\u0259tl\u0259raras\u0131 iqtisadi strukturdur. Az\u0259rbaycan 1992-ci ild\u0259n t\u0259\u015fkilat\u0131n \u00fczv\u00fcd\u00fcr.<\/p>\n","protected":false},"excerpt":{"rendered":"<p>T\u00fcrkiy\u0259nin xarici i\u015fl\u0259r naziri Hakan Fidan Az\u0259rbaycana s\u0259f\u0259r\u0259 g\u0259lib. \u201cReport\u201d\u00a0x\u0259b\u0259r verir ki, m\u0259qs\u0259d \u0130qtisadi \u018fm\u0259kda\u015fl\u0131q T\u0259\u015fkilat\u0131n\u0131n (\u0130\u018fT) \u015eu\u015fa \u015f\u0259h\u0259rind\u0259 t\u0259\u015fkil olunan 27-ci iclas\u0131nda i\u015ftirak etm\u0259kdir. H.Fidan haz\u0131rda \u015eu\u015fadad\u0131r. Qeyd ed\u0259k ki, iclasda 2023-c\u00fc ild\u0259 \u0130\u018fT kontekstind\u0259 \u0259m\u0259kda\u015fl\u0131q \u00e7\u0259r\u00e7iv\u0259sind\u0259 g\u00f6r\u00fcl\u0259n i\u015fl\u0259r v\u0259 onun n\u0259tic\u0259l\u0259ri qiym\u0259tl\u0259ndiril\u0259c\u0259k, t\u0259\u015fkilat\u0131n g\u00fcnd\u0259liyind\u0259 duran cari m\u0259s\u0259l\u0259l\u0259r m\u00fczakir\u0259 olunacaq. Xat\u0131rladaq ki, \u0130\u018fT Az\u0259rbaycan, \u018ffqan\u0131stan, \u0130ran, Qazax\u0131stan, Q\u0131r\u011f\u0131z\u0131stan, Pakistan, Tacikistan, T\u00fcrkm\u0259nistan, T\u00fcrkiy\u0259 v\u0259 \u00d6zb\u0259kistan\u0131n daxil oldu\u011fu regional d\u00f6vl\u0259tl\u0259raras\u0131 iqtisadi strukturdur. Az\u0259rbaycan 1992-ci ild\u0259n t\u0259\u015fkilat\u0131n \u00fczv\u00fcd\u00fcr.<\/p>\n","protected":false},"author":2,"featured_media":643412,"comment_status":"closed","ping_status":"closed","sticky":false,"template":"","format":"standard","meta":{"om_disable_all_campaigns":false,"_monsterinsights_skip_tracking":false,"_monsterinsights_sitenote_active":false,"_monsterinsights_sitenote_note":"","_monsterinsights_sitenote_category":0},"categories":[4],"tags":[],"aioseo_notices":[],"gutentor_comment":0,"rttpg_featured_image_url":{"full":["https:\/\/arantv.az\/wp-content\/uploads\/2023\/10\/be25d8ba-5787-3c7a-aadc-f450b3197bd9_850.jpg",620,413,false],"landscape":["https:\/\/arantv.az\/wp-content\/uploads\/2023\/10\/be25d8ba-5787-3c7a-aadc-f450b3197bd9_850.jpg",620,413,false],"portraits":["https:\/\/arantv.az\/wp-content\/uploads\/2023\/10\/be25d8ba-5787-3c7a-aadc-f450b3197bd9_850.jpg",620,413,false],"thumbnail":["https:\/\/arantv.az\/wp-content\/uploads\/2023\/10\/be25d8ba-5787-3c7a-aadc-f450b3197bd9_850-500x280.jpg",500,280,true],"medium":["https:\/\/arantv.az\/wp-content\/uploads\/2023\/10\/be25d8ba-5787-3c7a-aadc-f450b3197bd9_850-548x365.jpg",548,365,true],"large":["https:\/\/arantv.az\/wp-content\/uploads\/2023\/10\/be25d8ba-5787-3c7a-aadc-f450b3197bd9_850.jpg",620,413,false],"1536x1536":["https:\/\/arantv.az\/wp-content\/uploads\/2023\/10\/be25d8ba-5787-3c7a-aadc-f450b3197bd9_850.jpg",620,413,false],"2048x2048":["https:\/\/arantv.az\/wp-content\/uploads\/2023\/10\/be25d8ba-5787-3c7a-aadc-f450b3197bd9_850.jpg",620,413,false],"post-thumbnail":["https:\/\/arantv.az\/wp-content\/uploads\/2023\/10\/be25d8ba-5787-3c7a-aadc-f450b3197bd9_850-240x172.jpg",240,172,true],"advps-thumb-one":["https:\/\/arantv.az\/wp-content\/uploads\/2023\/10\/be25d8ba-5787-3c7a-aadc-f450b3197bd9_850.jpg",620,413,false]},"rttpg_author":{"display_name":"V\u00fcsal Rafiqo\u011flu","author_link":"https:\/\/arantv.az\/?author=2"},"rttpg_comment":0,"rttpg_category":"<a href=\"https:\/\/arantv.az\/?cat=4\" rel=\"category\">Siyas\u0259t<\/a>","rttpg_excerpt":"T\u00fcrkiy\u0259nin xarici i\u015fl\u0259r naziri Hakan Fidan Az\u0259rbaycana s\u0259f\u0259r\u0259 g\u0259lib. \u201cReport\u201d\u00a0x\u0259b\u0259r verir ki, m\u0259qs\u0259d \u0130qtisadi \u018fm\u0259kda\u015fl\u0131q T\u0259\u015fkilat\u0131n\u0131n (\u0130\u018fT) \u015eu\u015fa \u015f\u0259h\u0259rind\u0259 t\u0259\u015fkil olunan 27-ci iclas\u0131nda i\u015ftirak etm\u0259kdir. H.Fidan haz\u0131rda \u015eu\u015fadad\u0131r. Qeyd ed\u0259k ki, iclasda 2023-c\u00fc ild\u0259 \u0130\u018fT kontekstind\u0259 \u0259m\u0259kda\u015fl\u0131q \u00e7\u0259r\u00e7iv\u0259sind\u0259 g\u00f6r\u00fcl\u0259n i\u015fl\u0259r v\u0259 onun n\u0259tic\u0259l\u0259ri qiym\u0259tl\u0259ndiril\u0259c\u0259k, t\u0259\u015fkilat\u0131n g\u00fcnd\u0259liyind\u0259 duran cari m\u0259s\u0259l\u0259l\u0259r m\u00fczakir\u0259 olunacaq. Xat\u0131rladaq ki, \u0130\u018fT Az\u0259rbaycan,&hellip;","_links":{"self":[{"href":"https:\/\/arantv.az\/index.php?rest_route=\/wp\/v2\/posts\/643409"}],"collection":[{"href":"https:\/\/arantv.az\/index.php?rest_route=\/wp\/v2\/posts"}],"about":[{"href":"https:\/\/arantv.az\/index.php?rest_route=\/wp\/v2\/types\/post"}],"author":[{"embeddable":true,"href":"https:\/\/arantv.az\/index.php?rest_route=\/wp\/v2\/users\/2"}],"replies":[{"embeddable":true,"href":"https:\/\/arantv.az\/index.php?rest_route=%2Fwp%2Fv2%2Fcomments&post=643409"}],"version-history":[{"count":0,"href":"https:\/\/arantv.az\/index.php?rest_route=\/wp\/v2\/posts\/643409\/revisions"}],"wp:featuredmedia":[{"embeddable":true,"href":"https:\/\/arantv.az\/index.php?rest_route=\/wp\/v2\/media\/643412"}],"wp:attachment":[{"href":"https:\/\/arantv.az\/index.php?rest_route=%2Fwp%2Fv2%2Fmedia&parent=643409"}],"wp:term":[{"taxonomy":"category","embeddable":true,"href":"https:\/\/arantv.az\/index.php?rest_route=%2Fwp%2Fv2%2Fcategories&post=643409"},{"taxonomy":"post_tag","embeddable":true,"href":"https:\/\/arantv.az\/index.php?rest_route=%2Fwp%2Fv2%2Ftags&post=643409"}],"curies":[{"name":"wp","href":"https:\/\/api.w.org\/{rel}","templated":true}]}}