{"id":643417,"date":"2023-10-10T13:01:14","date_gmt":"2023-10-10T09:01:14","guid":{"rendered":"https:\/\/arantv.az\/?p=643417"},"modified":"2023-10-10T13:01:14","modified_gmt":"2023-10-10T09:01:14","slug":"nazir-musaviri-polietilen-torbalar-od%c9%99nisli-olandan-sonra-onlardan-istifad%c9%99-48-faiz-azaldi-foto","status":"publish","type":"post","link":"https:\/\/arantv.az\/?p=643417","title":{"rendered":"Nazir m\u00fc\u015faviri: \u201cPolietilen torbalar \u00f6d\u0259ni\u015fli olandan sonra onlardan istifad\u0259 48 faiz azald\u0131\u201d &#8211; FOTO"},"content":{"rendered":"<p>\u201cAz\u0259rbaycanda al\u0131\u015f-veri\u015f zaman\u0131 polietilen torbalar\u0131n\u0131n \u00f6d\u0259ni\u015fli olmas\u0131na dair q\u0259rar\u0131n t\u0259tbiqind\u0259n sonrak\u0131 iki\u00a0ay yar\u0131m m\u00fcdd\u0259tind\u0259 h\u0259min torbalardan istifad\u0259 48 faiz\u00a0azald\u0131\u201d.<\/p>\n<p>\u201cReport\u201d\u00a0x\u0259b\u0259r verir ki, bunu Milli M\u0259clisin t\u0259bii ehtiyatlar, energetika v\u0259 ekologiya komit\u0259sinin bu g\u00fcn ke\u00e7iril\u0259n iclas\u0131nda ekologiya v\u0259 t\u0259bii s\u0259rv\u0259tl\u0259r nazirinin m\u00fc\u015faviri Rasim S\u0259ttarzad\u0259 bildirib.<\/p>\n<p>\u201cBu il al\u0131c\u0131lar\u0131n m\u0259hsullar\u0131n\u0131 qabla\u015fd\u0131rmas\u0131 \u00fc\u00e7\u00fcn polietilen torbalardan istifad\u0259nin nizamlanmas\u0131 v\u0259 onlar\u0131n \u00f6d\u0259ni\u015fl\u0259 t\u0259qdim edilm\u0259si bar\u0259d\u0259 q\u0259rar \u00e7\u0131xd\u0131. Bu q\u0259rar iki il \u00f6nc\u0259 q\u00fcvv\u0259y\u0259 minm\u0259li idi. Amma qanun icra olunmurdu. Biz \u0130qtisadiyyat Nazirliyi yan\u0131nda Antiinhisar v\u0259 \u0130stehlak Bazar\u0131na N\u0259zar\u0259t D\u00f6vl\u0259t Xidm\u0259ti il\u0259 birg\u0259 d\u0259f\u0259l\u0259rl\u0259 b\u00fct\u00fcn supermarketl\u0259rin r\u0259hb\u0259rl\u0259ri v\u0259 yaxud onlar\u0131n \u0130ctimai \u015euralar\u0131n\u0131n \u00fczv v\u0259 yaxud r\u0259hb\u0259rl\u0259ri il\u0259 g\u00f6r\u00fc\u015fl\u0259r ke\u00e7irdik. Apard\u0131\u011f\u0131m\u0131z t\u0259bli\u011fat-t\u0259\u015fviqat i\u015fl\u0259ri bu qanunun icras\u0131nda biz\u0259 daha \u00e7ox yard\u0131m\u00e7\u0131 oldu. Bu, plastik tullant\u0131lar\u0131n \u0259traf m\u00fchit\u0259 t\u0259sirinin azald\u0131lmas\u0131 \u00fc\u00e7\u00fcn at\u0131lan bir add\u0131m idi\u201d, &#8211; dey\u0259 o\u00a0\u0259lav\u0259 edib.<\/p>\n","protected":false},"excerpt":{"rendered":"<p>\u201cAz\u0259rbaycanda al\u0131\u015f-veri\u015f zaman\u0131 polietilen torbalar\u0131n\u0131n \u00f6d\u0259ni\u015fli olmas\u0131na dair q\u0259rar\u0131n t\u0259tbiqind\u0259n sonrak\u0131 iki\u00a0ay yar\u0131m m\u00fcdd\u0259tind\u0259 h\u0259min torbalardan istifad\u0259 48 faiz\u00a0azald\u0131\u201d. \u201cReport\u201d\u00a0x\u0259b\u0259r verir ki, bunu Milli M\u0259clisin t\u0259bii ehtiyatlar, energetika v\u0259 ekologiya komit\u0259sinin bu g\u00fcn ke\u00e7iril\u0259n iclas\u0131nda ekologiya v\u0259 t\u0259bii s\u0259rv\u0259tl\u0259r nazirinin m\u00fc\u015faviri Rasim S\u0259ttarzad\u0259 bildirib. \u201cBu il al\u0131c\u0131lar\u0131n m\u0259hsullar\u0131n\u0131 qabla\u015fd\u0131rmas\u0131 \u00fc\u00e7\u00fcn polietilen torbalardan istifad\u0259nin nizamlanmas\u0131 v\u0259 onlar\u0131n \u00f6d\u0259ni\u015fl\u0259 t\u0259qdim edilm\u0259si bar\u0259d\u0259 q\u0259rar \u00e7\u0131xd\u0131. Bu q\u0259rar iki il \u00f6nc\u0259 q\u00fcvv\u0259y\u0259 minm\u0259li idi. Amma qanun icra olunmurdu. Biz \u0130qtisadiyyat Nazirliyi yan\u0131nda Antiinhisar v\u0259 \u0130stehlak Bazar\u0131na N\u0259zar\u0259t D\u00f6vl\u0259t Xidm\u0259ti il\u0259 birg\u0259 d\u0259f\u0259l\u0259rl\u0259 b\u00fct\u00fcn supermarketl\u0259rin&hellip;<\/p>\n","protected":false},"author":2,"featured_media":643420,"comment_status":"closed","ping_status":"closed","sticky":false,"template":"","format":"standard","meta":{"om_disable_all_campaigns":false,"_monsterinsights_skip_tracking":false,"_monsterinsights_sitenote_active":false,"_monsterinsights_sitenote_note":"","_monsterinsights_sitenote_category":0},"categories":[19],"tags":[],"aioseo_notices":[],"gutentor_comment":0,"rttpg_featured_image_url":{"full":["https:\/\/arantv.az\/wp-content\/uploads\/2023\/10\/pol-1.jpg",620,413,false],"landscape":["https:\/\/arantv.az\/wp-content\/uploads\/2023\/10\/pol-1.jpg",620,413,false],"portraits":["https:\/\/arantv.az\/wp-content\/uploads\/2023\/10\/pol-1.jpg",620,413,false],"thumbnail":["https:\/\/arantv.az\/wp-content\/uploads\/2023\/10\/pol-1-500x280.jpg",500,280,true],"medium":["https:\/\/arantv.az\/wp-content\/uploads\/2023\/10\/pol-1-548x365.jpg",548,365,true],"large":["https:\/\/arantv.az\/wp-content\/uploads\/2023\/10\/pol-1.jpg",620,413,false],"1536x1536":["https:\/\/arantv.az\/wp-content\/uploads\/2023\/10\/pol-1.jpg",620,413,false],"2048x2048":["https:\/\/arantv.az\/wp-content\/uploads\/2023\/10\/pol-1.jpg",620,413,false],"post-thumbnail":["https:\/\/arantv.az\/wp-content\/uploads\/2023\/10\/pol-1-240x172.jpg",240,172,true],"advps-thumb-one":["https:\/\/arantv.az\/wp-content\/uploads\/2023\/10\/pol-1.jpg",620,413,false]},"rttpg_author":{"display_name":"V\u00fcsal Rafiqo\u011flu","author_link":"https:\/\/arantv.az\/?author=2"},"rttpg_comment":0,"rttpg_category":"<a href=\"https:\/\/arantv.az\/?cat=19\" rel=\"category\">G\u00fcnd\u0259m<\/a>","rttpg_excerpt":"\u201cAz\u0259rbaycanda al\u0131\u015f-veri\u015f zaman\u0131 polietilen torbalar\u0131n\u0131n \u00f6d\u0259ni\u015fli olmas\u0131na dair q\u0259rar\u0131n t\u0259tbiqind\u0259n sonrak\u0131 iki\u00a0ay yar\u0131m m\u00fcdd\u0259tind\u0259 h\u0259min torbalardan istifad\u0259 48 faiz\u00a0azald\u0131\u201d. \u201cReport\u201d\u00a0x\u0259b\u0259r verir ki, bunu Milli M\u0259clisin t\u0259bii ehtiyatlar, energetika v\u0259 ekologiya komit\u0259sinin bu g\u00fcn ke\u00e7iril\u0259n iclas\u0131nda ekologiya v\u0259 t\u0259bii s\u0259rv\u0259tl\u0259r nazirinin m\u00fc\u015faviri Rasim S\u0259ttarzad\u0259 bildirib. \u201cBu il al\u0131c\u0131lar\u0131n m\u0259hsullar\u0131n\u0131 qabla\u015fd\u0131rmas\u0131 \u00fc\u00e7\u00fcn polietilen torbalardan istifad\u0259nin nizamlanmas\u0131 v\u0259&hellip;","_links":{"self":[{"href":"https:\/\/arantv.az\/index.php?rest_route=\/wp\/v2\/posts\/643417"}],"collection":[{"href":"https:\/\/arantv.az\/index.php?rest_route=\/wp\/v2\/posts"}],"about":[{"href":"https:\/\/arantv.az\/index.php?rest_route=\/wp\/v2\/types\/post"}],"author":[{"embeddable":true,"href":"https:\/\/arantv.az\/index.php?rest_route=\/wp\/v2\/users\/2"}],"replies":[{"embeddable":true,"href":"https:\/\/arantv.az\/index.php?rest_route=%2Fwp%2Fv2%2Fcomments&post=643417"}],"version-history":[{"count":0,"href":"https:\/\/arantv.az\/index.php?rest_route=\/wp\/v2\/posts\/643417\/revisions"}],"wp:featuredmedia":[{"embeddable":true,"href":"https:\/\/arantv.az\/index.php?rest_route=\/wp\/v2\/media\/643420"}],"wp:attachment":[{"href":"https:\/\/arantv.az\/index.php?rest_route=%2Fwp%2Fv2%2Fmedia&parent=643417"}],"wp:term":[{"taxonomy":"category","embeddable":true,"href":"https:\/\/arantv.az\/index.php?rest_route=%2Fwp%2Fv2%2Fcategories&post=643417"},{"taxonomy":"post_tag","embeddable":true,"href":"https:\/\/arantv.az\/index.php?rest_route=%2Fwp%2Fv2%2Ftags&post=643417"}],"curies":[{"name":"wp","href":"https:\/\/api.w.org\/{rel}","templated":true}]}}