{"id":643498,"date":"2023-10-10T14:49:58","date_gmt":"2023-10-10T10:49:58","guid":{"rendered":"https:\/\/arantv.az\/?p=643498"},"modified":"2023-10-10T14:49:58","modified_gmt":"2023-10-10T10:49:58","slug":"araz-uz%c9%99rind%c9%99n-atilan-korpu-v%c9%99-iranda-suyu-lill%c9%99ndir%c9%99n-katalizatorlar-kim-geri-c%c9%99kildi","status":"publish","type":"post","link":"https:\/\/arantv.az\/?p=643498","title":{"rendered":"Araz \u00fcz\u0259rind\u0259n at\u0131lan k\u00f6rp\u00fc v\u0259 \u0130randa &#8220;suyu lill\u0259ndir\u0259n&#8221; katalizatorlar &#8211; kim geri \u00e7\u0259kildi?.."},"content":{"rendered":"<p><strong>Art\u0131q he\u00e7 bir \u015f\u00fcbh\u0259 yeri qalmad\u0131 ki, \u0130randa kifay\u0259t q\u0259d\u0259r ciddi v\u0259 y\u00fcks\u0259k s\u0259lahiyy\u0259tl\u0259r\u0259 malik olan q\u00fcvv\u0259l\u0259r Tehranla Bak\u0131 aras\u0131nda g\u0259rginliyin davam\u0131nda maraql\u0131d\u0131r. O da m\u00fcmk\u00fcnd\u00fcr ki, h\u0259tta bu q\u00fcvv\u0259l\u0259rin qar\u015f\u0131s\u0131nda \u0130ran prezidenti ba\u015fda olmaqla dig\u0259r m\u0259ns\u0259b sahibl\u0259ri d\u0259 acizdirl\u0259r&#8230; Yoxsa iki qon\u015fu \u00f6lk\u0259 aras\u0131nda son \u00fc\u00e7 il \u0259rzind\u0259 artmaqda olan g\u0259rginliyin s\u0259ngim\u0259si, araya s\u00f6z\u00fcn b\u00fct\u00fcn m\u0259nalar\u0131nda k\u00f6rp\u00fcl\u0259rin at\u0131lmas\u0131 istiqam\u0259tind\u0259 i\u015fl\u0259r\u0259 start verilm\u0259sind\u0259n d\u0259rhal sonra yenid\u0259n qa\u015f\u0131nmayan yerd\u0259n qan \u00e7\u0131xar\u0131lmas\u0131na ba\u015fqa ad verm\u0259k m\u00fcmk\u00fcn deyil.<\/strong><\/p>\n<p>Diqq\u0259t edin, \u0130ran\u0131n m\u0259d\u0259ni irs, turizm v\u0259 \u0259l i\u015fl\u0259ri naziri \u0130zz\u0259tullah Z\u0259rqami Az\u0259rbaycan Respublikas\u0131n\u0131 \u0130rana getm\u0259k ist\u0259y\u0259n 1 milyon 700 min turistin qar\u015f\u0131s\u0131n\u0131 almaqda (!) ittiham edib.<\/p>\n<p><img loading=\"lazy\" src=\"https:\/\/cdn.musavat.com\/news\/thumbnails\/7d82daa1ca46a504f33ef4ec597f54e8.jpg\" alt=\"ZERQAM\u0130.jpg (58 KB)\" width=\"700\" height=\"399\" \/><\/p>\n<p>Nazir \u018frd\u0259bild\u0259 ke\u00e7iril\u0259n \u0130qtisadi \u018fm\u0259kda\u015fl\u0131q T\u0259\u015fkilat\u0131na \u00fczv \u00f6lk\u0259l\u0259rin turizm nazirl\u0259rinin toplant\u0131s\u0131nda bildirib ki, koronavirus pandemiyas\u0131ndan sonra Az\u0259rbaycan\u0131n Bil\u0259suvar s\u0259rh\u0259d-ke\u00e7id m\u0259nt\u0259q\u0259si ba\u011flan\u0131b. O, m\u0259nt\u0259q\u0259nin yenid\u0259n a\u00e7\u0131lmas\u0131 il\u0259 ba\u011fl\u0131 add\u0131m atmad\u0131\u011f\u0131ndan narahatl\u0131\u011f\u0131n\u0131 ifad\u0259 edib. Yay\u0131lan x\u0259b\u0259rd\u0259 daha sonra deyilir ki, iranl\u0131 nazir \u00f6lk\u0259sinin m\u00fcnasib\u0259tl\u0259rin inki\u015faf\u0131nda maraql\u0131 oldu\u011funu v\u0259 s\u0259rh\u0259dl\u0259rin ba\u011fl\u0131 qalmas\u0131n\u0131n h\u0259r iki xalq\u0131 narahat etdiyini iddia edib. \u0130ki \u00f6lk\u0259 aras\u0131nda s\u0259rh\u0259dl\u0259rin ba\u011fl\u0131 qalmas\u0131ndan guya narahat olan \u0259sass\u0131z yer\u0259, birt\u0259r\u0259fli qaydada ittiham\u0131 dil\u0259 g\u0259tirm\u0259z. \u018fvv\u0259lc\u0259 ara\u015fd\u0131rar ki, Az\u0259rbaycan hans\u0131 \u00f6lk\u0259 il\u0259 quru s\u0259rh\u0259dl\u0259ri a\u00e7\u0131b, \u0130ran\u0131n Bil\u0259suvar istiqam\u0259tin\u0259 qar\u015f\u0131 \u00f6gey m\u00fcnasib\u0259t olub? Sad\u0259c\u0259 \u201cqa\u015f\u0131nmayan yerd\u0259n qan \u00e7\u0131xartmaq\u201dd\u0131r, v\u0259ssalam.<\/p>\n<p><img loading=\"lazy\" src=\"https:\/\/cdn.musavat.com\/news\/thumbnails\/ff5e92afc5d1f3c0173d20f56afaf468.jpg\" alt=\"HEYDER\u0130.jpg (28 KB)\" width=\"689\" height=\"394\" \/><\/p>\n<p>\u0130ran parlamentinin T\u0259hl\u00fck\u0259sizlik v\u0259 Xarici Siyas\u0259t Komissiyas\u0131n\u0131n s\u0259dr m\u00fcavini \u015e\u0259hriyar Heyd\u0259ri d\u0259 \u201cxaric s\u0259s\u201dl\u0259 \u201cErm\u0259nistanla s\u0259rh\u0259di qorumaq \u0130ran\u0131n q\u0131rm\u0131z\u0131 x\u0259ttidir. Az\u0259rbaycan probleml\u0259rini diplomatiya yolu il\u0259 h\u0259ll etsin\u201d &#8211; deyib. H\u0259tta \u00f6lk\u0259sinin r\u0259hb\u0259rliyinin b\u0259yanatlar\u0131n\u0131 da \u201cunudaraq\u201d, \u201chaz\u0131rda Qaraba\u011f Az\u0259rbaycan v\u0259 Erm\u0259nistan aras\u0131nda m\u00fcbahis\u0259li \u0259razidir\u201d &#8211; c\u0259f\u0259ngiyyat\u0131n\u0131 dil\u0259 g\u0259tirib. Nikol Pa\u015finyan bel\u0259, Qaraba\u011f\u0131n Az\u0259rbaycan \u0259razisi oldu\u011funa \u015f\u00fcbh\u0259 etmir, Heyd\u0259ri h\u0259l\u0259 indi \u201ct\u0259z\u0259 xan\u0259 a\u00e7\u0131b\u201d. Dedikl\u0259rin\u0259 diqq\u0259t edin: \u201cBiz ke\u00e7mi\u015fd\u0259 \u00e7ox yax\u015f\u0131 m\u00fcnasib\u0259tl\u0259rimiz olan qon\u015fu Erm\u0259nistanla \u00fcmumi s\u0259rh\u0259dl\u0259rimizd\u0259 h\u0259r hans\u0131 d\u0259yi\u015fikliyi q\u0259bul etmirik. Haz\u0131rda Erm\u0259nistanla 47 kilometr \u00fcmumi s\u0259rh\u0259dimiz var v\u0259 bu m\u0259s\u0259l\u0259 \u0130ran \u00fc\u00e7\u00fcn \u00e7ox vacibdir, \u00e7\u00fcnki bizim Erm\u0259nistan vasit\u0259sil\u0259 Avropaya \u00e7\u0131x\u0131\u015f\u0131m\u0131z var\u201d. Q\u0259rib\u0259dir, Erm\u0259nistanla 47 km-lik (?) s\u0259rh\u0259di q\u0131rm\u0131z\u0131 boyayan iranl\u0131 r\u0259smil\u0259r n\u0259 s\u0259b\u0259b\u0259 Az\u0259rbaycanla uzunlu\u011fu 700 km-\u0259 \u00e7atan s\u0259rh\u0259d\u0259 \u201cuy\u011fun\u201d r\u0259ng tapa bilm\u0259yibl\u0259r bu vaxtacan? Ax\u0131 bu s\u0259rh\u0259din 132 kilometrlik hiss\u0259si 30 ild\u0259n art\u0131q \u201cq\u0131rm\u0131z\u0131 x\u0259tli\u201d Erm\u0259nistan\u0131n i\u015f\u011fal\u0131 alt\u0131nda qald\u0131, \u0130ran r\u0259smil\u0259rinin n\u0259d\u0259n s\u0259sini e\u015fitm\u0259dik?<\/p>\n<p><strong>Bel\u0259c\u0259, m\u00fcs\u0259lmanl\u0131\u011fa, qon\u015fulu\u011fa, dostlu\u011fa, tarixi \u0259laq\u0259l\u0259r\u0259, eyni zamanda beyn\u0259lxalq h\u00fcquqa uy\u011fun g\u0259lm\u0259y\u0259n \u201cxaric s\u0259s\u201dl\u0259r e\u015fidilm\u0259kd\u0259 davam edir v\u0259 \u0130ran\u0131n s\u00f6z sahibl\u0259ri h\u0259l\u0259 ki, m\u00fcnasib\u0259tl\u0259r\u0259 x\u0259l\u0259l g\u0259tir\u0259 bil\u0259c\u0259k h\u0259min q\u0259r\u0259zli m\u00f6vqel\u0259ri durdura bilmir.<\/strong><\/p>\n<p>Az\u0259rbaycan\u0131n 44 g\u00fcnl\u00fck m\u00fcharib\u0259 n\u0259tic\u0259sind\u0259 Erm\u0259nistan\u0131n i\u015f\u011fal\u0131na son qoymas\u0131n\u0131 sinir\u0259 bilm\u0259y\u0259n \u00f6lk\u0259l\u0259rd\u0259n biri \u00e7ox t\u0259\u0259ss\u00fcf ki, m\u00fcs\u0259lman qon\u015fumuz oldu. Bunun ard\u0131nca n\u0259l\u0259r ba\u015f verdi, h\u0259r k\u0259s\u0259 m\u0259lumdur. Arazboyu h\u0259rbi t\u0259liml\u0259r, t\u0259hdidl\u0259r, h\u0259d\u0259l\u0259r, n\u0259hay\u0259t, bu ilin 27 yanvar\u0131nda Az\u0259rbaycan\u0131n Tehrandak\u0131 s\u0259firliyind\u0259 t\u00f6r\u0259dil\u0259n terror akt\u0131!<\/p>\n<p><img loading=\"lazy\" src=\"https:\/\/cdn.musavat.com\/news\/thumbnails\/77c78d44f8adef0fc862e249cc1d1762.jpg\" alt=\"QELEM YEN\u0130.png (804 KB)\" width=\"700\" height=\"477\" \/><\/p>\n<p>Bu d\u0259h\u015f\u0259tli q\u0259tliamdan sonra Az\u0259rbaycan d\u00f6vl\u0259ti konkret t\u0259l\u0259bl\u0259rl\u0259 \u00e7\u0131x\u0131\u015f ed\u0259r\u0259k, \u0130randak\u0131 s\u0259firliyinin f\u0259aliyy\u0259tini dayand\u0131rd\u0131 v\u0259 T\u0259brizd\u0259ki Ba\u015f Konsullu\u011fumuzun f\u0259aliyy\u0259tind\u0259 m\u00fc\u0259yy\u0259n korrekt\u0259l\u0259r etm\u0259li oldu. Bir m\u00fcdd\u0259t \u00f6nc\u0259 \u0130ran m\u0259nb\u0259l\u0259ri terroru h\u0259yata ke\u00e7ir\u0259n \u015f\u0259xsin edam c\u0259zas\u0131na m\u0259hkum edildiyi bar\u0259d\u0259 x\u0259b\u0259r yayd\u0131. H\u0259l\u0259lik tam t\u0259sdiql\u0259nm\u0259yib, amma istisna deyil ki, h\u0259m d\u0259 konkret sifari\u015f\u00e7il\u0259rin izinin itirilm\u0259si m\u0259qs\u0259dil\u0259 terror\u00e7u edam olunsun.<\/p>\n<p>Xat\u0131rlay\u0131rs\u0131n\u0131zsa, ilk g\u00fcnl\u0259r \u0130ran r\u0259smil\u0259ri az qal\u0131rd\u0131lar terror\u00e7unu himay\u0259 etsinl\u0259r, onun \u201cg\u00fcnahs\u0131zl\u0131\u011f\u0131n\u0131\u201d iddia etsinl\u0259r. Amma r\u0259smi Bak\u0131n\u0131n q\u0259ti t\u0259l\u0259bl\u0259ri, israrl\u0131 m\u00f6vqeyi n\u0259tic\u0259sind\u0259 geri \u00e7\u0259kilm\u0259li oldular. B\u00fct\u00fcn bu davran\u0131\u015flar h\u0259m d\u0259 \u0130ran\u0131n n\u0259hay\u0259t, \u201cda\u015f\u0131 \u0259t\u0259yind\u0259n t\u00f6kd\u00fcy\u00fc\u201d, Az\u0259rbaycanla m\u00fcnasib\u0259tl\u0259rd\u0259 yol verdiyi s\u0259hvl\u0259ri aradan qald\u0131rmaq niyy\u0259tind\u0259 oldu\u011fu g\u00f6r\u00fcnt\u00fcs\u00fcn\u00fc yarad\u0131r, radikallar\u0131n katalizatorluq c\u0259hdl\u0259rin\u0259 r\u0259\u011fm\u0259n&#8230;<\/p>\n<p><img loading=\"lazy\" src=\"https:\/\/cdn.musavat.com\/news\/thumbnails\/bd1c37d43f81d5404ab4c4e685315b4b.jpg\" alt=\"EDAM.jpg (26 KB)\" width=\"450\" height=\"282\" \/><\/p>\n<p>N\u0259hay\u0259t, \u0130ran\u0131n yol v\u0259 \u015f\u0259h\u0259rsalma naziri Mehrdad B\u0259zrpa\u015f Az\u0259rbaycana s\u0259f\u0259r etdi v\u0259 ard\u0131nca a\u00e7\u0131qlama ver\u0259r\u0259k bildirdi ki, Az\u0259rbaycan\u0131n \u0130randak\u0131 s\u0259firliyi f\u0259aliyy\u0259tini b\u0259rpa ed\u0259c\u0259k. Bununla ba\u011fl\u0131 x\u0259b\u0259rd\u0259 oxuyuruq: \u201cAz\u0259rbaycan s\u0259firliyinin tez bir zamanda f\u0259aliyy\u0259tinin b\u0259rpas\u0131 \u00fc\u00e7\u00fcn \u0130ran t\u0259r\u0259fi xahi\u015f edib v\u0259 Az\u0259rbaycan da bu istiqam\u0259td\u0259 q\u0131sa m\u00fcdd\u0259td\u0259 add\u0131mlar\u0131n at\u0131laca\u011f\u0131na s\u00f6z verib\u201d. X\u0259b\u0259rd\u0259n d\u0259 ayd\u0131n olur ki, Az\u0259rbaycan\u0131n Tehrandak\u0131 s\u0259firliyinin yenid\u0259n f\u0259aliyy\u0259t\u0259 ba\u015flamas\u0131n\u0131 \u0130RAN T\u018fR\u018fF\u0130 XAH\u0130\u015e ED\u0130B v\u0259 Az\u0259rbaycan da \u0259laq\u0259l\u0259rin b\u0259rpas\u0131 namin\u0259 t\u0259klif\u0259 m\u00fcsb\u0259t m\u00fcnasib\u0259t s\u0259rgil\u0259yib. Bundan bir m\u00fcdd\u0259t \u00f6nc\u0259 Az\u0259rbaycan xarici i\u015fl\u0259r naziri Ceyhun Bayramov m\u0259tbuata a\u00e7\u0131qlamas\u0131nda bildirmi\u015fdi ki, Az\u0259rbaycan\u0131n \u0130randak\u0131 diplomatik missiyas\u0131n\u0131n b\u0259rpa olunmas\u0131 istiqam\u0259tind\u0259 \u0130ran t\u0259r\u0259find\u0259n m\u00fcraci\u0259t daxil olub. H\u0259m \u0130ran, h\u0259m d\u0259 Az\u0259rbaycan r\u0259smil\u0259ri s\u0259firlikl\u0259 ba\u011fl\u0131 t\u0259\u015f\u0259bb\u00fcs\u00fcn \u0130randan g\u0259ldiyini a\u00e7\u0131qlay\u0131blarsa, sor\u011fu-suala yer qalm\u0131r. B\u0259s el\u0259 is\u0259 \u0130ran t\u0259r\u0259fd\u0259 n\u0259 hay-k\u00fcyd\u00fcr? Ba\u015flay\u0131blar ki, Az\u0259rbaycan \u0130ran\u0131n qar\u015f\u0131s\u0131ndan qa\u00e7d\u0131, geri \u00e7\u0259kildi, daha n\u0259l\u0259r-n\u0259l\u0259r&#8230;<\/p>\n<p><strong>Az\u0259rbaycan hara qa\u00e7d\u0131? N\u0259 vaxt qa\u00e7d\u0131? B\u0259lk\u0259 desinl\u0259r, biz d\u0259 bil\u0259k&#8230;<\/strong><\/p>\n<p>Bir az ciddi olmaq laz\u0131md\u0131r, a\u011falar! \u0130ran Az\u0259rbaycan s\u0259rh\u0259dl\u0259rind\u0259 h\u0259rbi t\u0259liml\u0259r ke\u00e7ir\u0259nd\u0259 Az\u0259rbaycan x\u00fcsusi t\u0259yinatl\u0131 q\u00fcvv\u0259l\u0259ri d\u0259 \u0130ran s\u0259rh\u0259dl\u0259ri boyunca irimiqyasl\u0131 t\u0259liml\u0259rl\u0259 cavab verdil\u0259r. B\u00fct\u00fcn h\u0259rb\u0259-zorbalar\u0131n qar\u015f\u0131l\u0131\u011f\u0131 olub, cavablar\u0131n\u0131 al\u0131blar art\u0131qlamas\u0131 il\u0259. Vaxt var idi \u0130ran Qaraba\u011fa benzin da\u015f\u0131y\u0131rd\u0131 TIR-lar\u0131 il\u0259, erm\u0259ni terror\u00e7ular\u0131n\u0131n yan\u0131na t\u0259lim\u00e7il\u0259r g\u00f6nd\u0259rirdi v\u0259 sair v\u0259 ilax\u0131r. Az\u0259rbaycan d\u00f6vl\u0259ti ham\u0131s\u0131na son qoydu, bitdi! H\u0259tta Qafan istiqam\u0259tind\u0259 qoydu\u011fumuz g\u00f6mr\u00fck postundan ke\u00e7ib Erm\u0259nistan\u0131n dig\u0259r b\u00f6lg\u0259l\u0259rin\u0259 ged\u0259n \u0130ran s\u00fcr\u00fcc\u00fcl\u0259ri vergi \u00f6d\u0259m\u0259k ist\u0259mirdil\u0259r, sonda biz dey\u0259n oldu!<\/p>\n<p>Bundan \u0259lav\u0259, s\u0259firliyimizd\u0259ki qanl\u0131 hadis\u0259d\u0259n sonra Az\u0259rbaycan Prezidenti \u0130lham \u018fliyev silahl\u0131 h\u00fccumu terror akt\u0131 kimi qiym\u0259tl\u0259ndirdi. H\u0259m\u00e7inin \u0130ran\u0131n Az\u0259rbaycandak\u0131 s\u0259firi Seyid Abbas Mus\u0259vi Az\u0259rbaycan Xarici \u0130\u015fl\u0259r Nazirliyin\u0259 \u00e7a\u011f\u0131r\u0131ld\u0131. Az\u0259rbaycan Tehrandak\u0131 s\u0259firliyinin diplomatik f\u0259aliyy\u0259tini tamamil\u0259 dayand\u0131rd\u0131, \u00f6lk\u0259d\u0259ki b\u00fct\u00fcn diplomatlar\u0131n\u0131 \u00e7\u0131xard\u0131. Bundan sonra aprelin 6-da Az\u0259rbaycan \u0130ran s\u0259firliyinin 4 diplomat\u0131n\u0131 \u00f6lk\u0259d\u0259n \u00e7\u0131xard\u0131. \u0130ran is\u0259 may\u0131n 5-d\u0259 Az\u0259rbaycan\u0131n T\u0259brizd\u0259ki Ba\u015f Konsullu\u011funun 4 \u0259m\u0259kda\u015f\u0131n\u0131 \u00f6lk\u0259d\u0259n \u00e7\u0131xard\u0131\u011f\u0131n\u0131 bildirdi. Beyn\u0259lxalq ictimaiyy\u0259t Az\u0259rbaycan\u0131n Tehrandak\u0131 s\u0259firliyin\u0259 silahl\u0131 h\u00fccumu q\u0131nad\u0131 v\u0259 \u0130rana Cenevr\u0259 Konvensiyas\u0131na uy\u011fun olaraq \u00f6lk\u0259d\u0259ki xarici diplomatlar\u0131n qorunmas\u0131na dair \u00f6hd\u0259liyini xat\u0131rlatd\u0131. Eyni zamanda iki \u00f6lk\u0259nin xarici i\u015fl\u0259r naziri probleml\u0259rin h\u0259lli istiqam\u0259tind\u0259 bir ne\u00e7\u0259 telefon dan\u0131\u015f\u0131\u011f\u0131 apard\u0131. N\u0259hay\u0259t, \u0130ran xarici i\u015fl\u0259r naziri Az\u0259rbaycan Prezidenti t\u0259r\u0259find\u0259n q\u0259bul edildi. T\u0259bii ki, \u0130ran t\u0259r\u0259fd\u0259n edil\u0259n xahi\u015fl\u0259rin n\u0259tic\u0259sind\u0259&#8230;<\/p>\n<p><strong>Bel\u0259 des\u0259k, \u0130ran h\u0259r m\u0259nada Az\u0259rbaycan\u0131 \u201cdi\u015fin\u0259 vurdu\u201d. B\u00fct\u00fcn bunlardan sonra Az\u0259rbaycanla \u0130ran\u0131n s\u0259rh\u0259dd\u0259ki A\u011fb\u0259nd b\u00f6lg\u0259sind\u0259 &#8211; Az\u0259rbaycan\u0131n Z\u0259ngilan rayonu &#8211; iki \u00f6lk\u0259 aras\u0131nda s\u0259rh\u0259d-ke\u00e7id m\u0259nt\u0259q\u0259sinin tikintisin\u0259 ba\u015flan\u0131lmas\u0131na start verildi, h\u0259r iki \u00f6lk\u0259nin r\u0259smil\u0259rinin i\u015ftirak\u0131 il\u0259 t\u0259m\u0259lqoyma m\u0259rasimi ke\u00e7irildi. \u018fslind\u0259 bu layih\u0259 bar\u0259d\u0259 raz\u0131la\u015fma var idi. H\u0259tta pandemiya d\u00f6n\u0259mind\u0259 virtual olaraq anla\u015fma imzalanm\u0131\u015fd\u0131, lakin qon\u015fudak\u0131 katalizatorlar prosesin davam\u0131na imkan verm\u0259mi\u015fdi.<\/strong><\/p>\n<p>\u0130ran t\u0259r\u0259fi Araz \u00e7ay\u0131 \u00fcz\u0259rind\u0259n at\u0131lan k\u00f6rp\u00fcy\u0259 v\u0259 Az\u0259rbaycan\u0131n \u0259sas hiss\u0259si il\u0259 \u00f6lk\u0259mizin Nax\u00e7\u0131van b\u00f6lg\u0259sini birl\u0259\u015fdir\u0259c\u0259k (A\u011fb\u0259nd-Culfa) d\u0259mir yolu v\u0259 avtomobil yoluna \u0130ran t\u0259r\u0259fi \u201cAraz d\u0259hlizi\u201d deyir. \u018fslind\u0259 bu mar\u015frut Z\u0259ng\u0259zur d\u0259hlizinin alternatividir. \u0130ran\u0131n Z\u0259ng\u0259zur d\u0259hlizi \u0259traf\u0131nda hay-k\u00fcy\u00fcn\u00fcn arxas\u0131nda h\u0259m d\u0259 \u00f6z maraqlar\u0131 dayan\u0131rd\u0131, he\u00e7 \u015f\u00fcbh\u0259siz. Baxmayaraq ki, Az\u0259rbaycan ilk g\u00fcnd\u0259n alternativl\u0259rin \u00e7ox olmas\u0131nda maraql\u0131 oldu\u011funu b\u0259yan edib. Eyni zamanda Araz \u00e7ay\u0131 \u00fcz\u0259rind\u0259n ke\u00e7\u0259n mar\u015frut Z\u0259ng\u0259zur d\u0259hlizinin arxiv\u0259 getm\u0259si dem\u0259k deyil, \u0130ran r\u0259smil\u0259ri bunu da unutmamal\u0131d\u0131r!<\/p>\n<p>\u0130qtisadiyyat nazirinin m\u00fcavini \u015eahin Mustafayevin i\u015ftirak\u0131 il\u0259 Araz \u00e7ay\u0131 \u00fcz\u0259rind\u0259 k\u00f6rp\u00fcn\u00fcn t\u0259m\u0259linin qoyulmas\u0131 s\u00f6zs\u00fcz ki, iki \u00f6lk\u0259nin m\u00fcnasib\u0259tl\u0259rinin inki\u015faf\u0131 bax\u0131m\u0131ndan tarixi hadis\u0259dir. \u0130ran Araz \u00e7ay\u0131 \u00fcz\u0259rind\u0259n tanklar\u0131 ke\u00e7irm\u0259k \u00fc\u00e7\u00fcn k\u00f6rp\u00fcl\u0259r at\u0131rd\u0131 \u00f6t\u0259n ill\u0259rd\u0259. Az\u0259rbaycan s\u00fclh k\u00f6rp\u00fcs\u00fc t\u0259klifini verdi. Sava\u015f t\u0259r\u0259fdar\u0131 olsa, \u0130ran\u0131n \u201cqan\u0131na susayan\u201d paytaxtlara meydan tan\u0131yard\u0131 \u00f6lk\u0259miz. Bunun \u00f6z\u00fc d\u00f6vl\u0259tin \u00f6z\u00fcn\u0259 inam\u0131n\u0131n, c\u0259sar\u0259tinin, m\u00fcst\u0259qil siyas\u0259tinin n\u00fcmun\u0259sidir!!!<\/p>\n<p><img loading=\"lazy\" src=\"https:\/\/cdn.musavat.com\/news\/thumbnails\/3628e7ab252d138bbbdba0a181596c6d.jpg\" alt=\"SAH\u0130N SON.jpg (135 KB)\" width=\"700\" height=\"436\" \/><\/p>\n<p>\u0130ran v\u0259 Az\u0259rbaycan Birg\u0259 \u0130qtisadi Komissiyas\u0131n\u0131n s\u0259drl\u0259ri iki \u00f6lk\u0259 aras\u0131nda s\u0259rh\u0259d b\u00f6lg\u0259sind\u0259 iki su b\u0259ndinin &#8211; Araz \u00e7ay\u0131 \u00fcz\u0259rind\u0259 \u201cXudaf\u0259rin\u201d v\u0259 \u201cQ\u0131z Qalas\u0131\u201d su qov\u015faqlar\u0131n\u0131n, h\u0259m\u00e7ini su elektrik stansiyalar\u0131n\u0131n tikintisind\u0259n d\u0259 b\u0259hs edibl\u0259r. Bildirilib ki, b\u0259ndl\u0259rd\u0259n birinin tikintisi ba\u015fa \u00e7at\u0131b, ikinci b\u0259ndd\u0259 97 faiz fiziki ir\u0259lil\u0259yi\u015f var v\u0259 son m\u0259rh\u0259l\u0259d\u0259dir. H\u0259m\u00e7inin \u0130ran v\u0259 Az\u0259rbaycan aras\u0131nda tranzit v\u0259ziyy\u0259ti, x\u00fcsusil\u0259 d\u0259 y\u00fckl\u0259rin da\u015f\u0131nmas\u0131n\u0131n pik g\u00fcnl\u0259rind\u0259 iki \u00f6lk\u0259nin s\u0259rh\u0259dl\u0259rini ke\u00e7m\u0259k ist\u0259y\u0259n y\u00fck ma\u015f\u0131nlar\u0131n\u0131n probleml\u0259rinin h\u0259lli il\u0259 ba\u011fl\u0131 raz\u0131la\u015fmalar \u0259ld\u0259 olunub. \u0130ran r\u0259smisi Mehrdad B\u0259zrpa\u015f onu da qeyd edib ki, siyasi m\u00fcnasib\u0259tl\u0259rin \u0259vv\u0259lki s\u0259viyy\u0259y\u0259 qay\u0131tmas\u0131 \u00fc\u00e7\u00fcn ba\u015f vermi\u015f b\u0259zi probleml\u0259r d\u0259 ara\u015fd\u0131r\u0131l\u0131r: \u201c\u0130ki \u00f6lk\u0259nin ticar\u0259t balans\u0131 son ill\u0259rd\u0259 azal\u0131b v\u0259 bu, yenid\u0259n art\u0131r\u0131lmal\u0131d\u0131r\u201d. Nazir \u0130ran, Rusiya v\u0259 Az\u0259rbaycan aras\u0131nda elektrik enerjisinin sat\u0131\u015f\u0131na dair \u00fc\u00e7t\u0259r\u0259fli sazi\u015f\u0259 toxunaraq deyib ki, \u00fc\u00e7 \u00f6lk\u0259 aras\u0131nda elektrik enerjisinin alq\u0131-satq\u0131s\u0131 prosesi ba\u015fa \u00e7atmaqdad\u0131r. G\u00f6r\u00fcnd\u00fcy\u00fc kimi, \u0130ran r\u0259smisi Az\u0259rbaycanla \u0259m\u0259kda\u015fl\u0131\u011f\u0131n davam\u0131nda maraql\u0131 olduqlar\u0131n\u0131 n\u00fcmayi\u015f etdirib&#8230;<\/p>\n<p>Eyni zamanda oktyabr\u0131n 6-da Az\u0259rbaycan Prezidenti \u0130lham \u018fliyev v\u0259 Mehrdad B\u0259zrpa\u015f aras\u0131nda g\u00f6r\u00fc\u015fd\u0259 d\u0259 ikit\u0259r\u0259fli m\u00fcnasib\u0259tl\u0259rin, x\u00fcsusil\u0259 iqtisadi v\u0259 ticari sah\u0259l\u0259rd\u0259 inki\u015faf\u0131 v\u0259 d\u0259rinl\u0259\u015fdirilm\u0259si, \u00fc\u00e7t\u0259r\u0259fli (Az\u0259rbaycan, \u0130ran, Erm\u0259nistan) v\u0259 alt\u0131t\u0259r\u0259fli (Az\u0259rbaycan, Rusiya, Erm\u0259nistan + T\u00fcrkiy\u0259, G\u00fcrc\u00fcstan, \u0130ran) formatlarda regional \u0259m\u0259kda\u015fl\u0131q m\u0259s\u0259l\u0259l\u0259ri \u0259sas m\u00fczakir\u0259 m\u00f6vzusu olub. \u0130RNA agentliyi d\u0259 bildirmi\u015fdi ki, g\u00f6r\u00fc\u015fd\u0259 h\u0259r iki t\u0259r\u0259f Qafqaz regionunda ba\u015f ver\u0259n son hadis\u0259l\u0259ri m\u00fczakir\u0259 edib v\u0259 regiondank\u0259nar \u00f6lk\u0259l\u0259rin region m\u0259s\u0259l\u0259l\u0259rin\u0259 m\u00fcdaxil\u0259sini r\u0259dd edibl\u0259r. Az\u0259rbaycan Prezidentinin Administrasiyas\u0131n\u0131n m\u0259lumat\u0131nda is\u0259 deyilir ki, Prezident \u018fliyev Z\u0259ngilan rayonunun A\u011fb\u0259nd q\u0259s\u0259b\u0259si yax\u0131nl\u0131\u011f\u0131nda avtomobil k\u00f6rp\u00fcs\u00fc v\u0259 s\u0259rh\u0259d-g\u00f6mr\u00fck infrastrukturunun in\u015fas\u0131n\u0131n, \u0259razid\u0259 sahilb\u0259rkitm\u0259 t\u0259dbirl\u0259ri layih\u0259l\u0259rinin t\u0259m\u0259lqoyma m\u0259rasiminin \u00f6n\u0259mini qeyd edib, bunun dostluq \u0259laq\u0259l\u0259rinin daha da m\u00f6hk\u0259ml\u0259ndirilm\u0259si i\u015fin\u0259 t\u00f6hf\u0259 ver\u0259c\u0259yini bildirib. Prezident \u0130lham \u018fliyev vur\u011fulay\u0131b ki, \u00f6lk\u0259l\u0259ri birl\u0259\u015fdir\u0259n v\u0259 region \u00fc\u00e7\u00fcn b\u00f6y\u00fck \u0259h\u0259miyy\u0259t\u0259 malik olan avtomobil v\u0259 d\u0259mir yollar\u0131n\u0131n \u00e7\u0259kili\u015fi b\u00fct\u00fcn b\u00f6lg\u0259 \u00fc\u00e7\u00fcn sabitliy\u0259 v\u0259 \u0259m\u0259kda\u015fl\u0131\u011fa xidm\u0259t ed\u0259c\u0259k. D\u00f6vl\u0259t ba\u015f\u00e7\u0131s\u0131, h\u0259m\u00e7inin \u015eimal-C\u0259nub n\u0259qliyyat d\u0259hlizinin inki\u015faf\u0131 v\u0259 \u00f6t\u00fcr\u00fcc\u00fcl\u00fck qabiliyy\u0259tinin daha da geni\u015fl\u0259ndirilm\u0259si istiqam\u0259tind\u0259 apar\u0131lan i\u015fl\u0259rin \u00f6n\u0259mini qeyd edib. G\u00f6r\u00fc\u015f zaman\u0131 \u0130ran v\u0259 Az\u0259rbaycan aras\u0131nda neft v\u0259 qaz sah\u0259sind\u0259 \u0259m\u0259kda\u015fl\u0131\u011f\u0131n art\u0131r\u0131lmas\u0131 da m\u00fczakir\u0259 edilib.<\/p>\n<p><img loading=\"lazy\" src=\"https:\/\/cdn.musavat.com\/news\/thumbnails\/bae11ea9fb08bc586bd5be0086c8127a.jpg\" alt=\"DARMADA .png (1.07 MB)\" width=\"700\" height=\"445\" \/><\/p>\n<p>Az\u0259rbaycan Qaraba\u011fda bir g\u00fcnl\u00fck antiterror t\u0259dbiri ke\u00e7irib, d\u00fc\u015fm\u0259ni darmada\u011f\u0131n etdikd\u0259n d\u0259rhal sonra &#8211; 20 sentyabrda \u0130ran Xarici \u0130\u015fl\u0259r Nazirliyinin (X\u0130N) r\u0259smisi Nasir K\u0259nani \u201c\u0130ran \u0130slam Respublikas\u0131 Qaraba\u011f\u0131 Az\u0259rbaycan Respublikas\u0131n\u0131n bir hiss\u0259si hesab edir\u201c &#8211; b\u0259yanat\u0131n\u0131 verdi. Eyni zamanda o, n\u00f6vb\u0259ti d\u0259f\u0259 m\u00fcbahis\u0259l\u0259rin dinc \u015f\u0259kild\u0259 h\u0259llin\u0259 yard\u0131m m\u0259s\u0259l\u0259sind\u0259 region \u00f6lk\u0259l\u0259rinin rolunu vur\u011fulay\u0131b v\u0259 \u0130ran\u0131n bununla ba\u011fl\u0131 \u201c3+3\u201d format\u0131nda g\u00f6r\u00fc\u015f ke\u00e7irm\u0259y\u0259 haz\u0131r oldu\u011funu bildirdi. Az\u0259rbaycan ne\u00e7\u0259 m\u00fcdd\u0259tdir bunu demirdimi? Bel\u0259 oldu\u011fu t\u0259qdird\u0259 kim geri \u00e7\u0259kildi, \u201cq\u0131rm\u0131z\u0131 x\u0259tke\u015fli\u201d, yoxsa&#8230;<\/p>\n<p>Oktyabr\u0131n 3-d\u0259 Az\u0259rbaycan Prezidentinin x\u00fcsusi tap\u015f\u0131r\u0131qlar \u00fczr\u0259 n\u00fcmay\u0259nd\u0259si X\u0259l\u0259f X\u0259l\u0259fovun Tehrana s\u0259f\u0259ri d\u0259 c\u0259nub qon\u015fumuzun davaml\u0131 \u015f\u0259kild\u0259 diplomatik jestl\u0259r etm\u0259sin\u0259 qar\u015f\u0131l\u0131q say\u0131lmal\u0131d\u0131r. Az\u0259rbaycan d\u00f6vl\u0259tinin siyas\u0259ti d\u0259yi\u015fm\u0259zdir, qon\u015fularla normal \u0259m\u0259kda\u015fl\u0131qda daim maraql\u0131 olub, h\u0259m\u00e7inin \u0259n kritik m\u0259qamlarda bel\u0259, \u00f6z \u0259razisind\u0259n \u0130rana qar\u015f\u0131 istifad\u0259y\u0259 imkan verm\u0259yib.<\/p>\n<p><img loading=\"lazy\" src=\"https:\/\/cdn.musavat.com\/news\/thumbnails\/3029214035b33bb1fa52e15ddab7b3e7.jpg\" alt=\"XELEF.jpg (349 KB)\" width=\"700\" height=\"467\" \/><\/p>\n<p>He\u00e7 \u015f\u00fcbh\u0259siz, \u0130ran Az\u0259rbaycanla ba\u011fl\u0131 s\u0259hv m\u00f6vqed\u0259 oldu\u011funu anlad\u0131 v\u0259 m\u00f6vqeyini d\u0259yi\u015fdi. \u018fn do\u011frusu da budur. Regionda qal\u0131c\u0131 s\u00fclh\u00fcn m\u00f6vcudlu\u011fu m\u0259hz ortadak\u0131 probleml\u0259rin aradan qald\u0131r\u0131lmas\u0131ndan ke\u00e7ir. O da istisna deyil ki, r\u0259smi Tehran Erm\u0259nistandan \u00f6t\u00fcr\u00fcl\u0259n yanl\u0131\u015f m\u0259lumatlar \u0259sas\u0131nda Az\u0259rbaycan\u0131n g\u00fcc yolu il\u0259 Z\u0259ng\u0259zur d\u0259hlizi a\u00e7aca\u011f\u0131 bar\u0259d\u0259 \u00f6z\u00fcnd\u0259 \u0259minlik formala\u015fd\u0131rm\u0131\u015fd\u0131 v\u0259 Az\u0259rbaycana qar\u015f\u0131 qeyri-adekvat, yanl\u0131\u015f m\u00f6vqe tutmu\u015fdu. T\u00fcrkiy\u0259 X\u0130N r\u0259hb\u0259ri Hakan Fidan\u0131n Tehrana s\u0259f\u0259rind\u0259n sonra \u0130randak\u0131 katalizatorlar\u0131n yen\u0259 \u201cq\u0131rm\u0131z\u0131 x\u0259tke\u015f\u201dli b\u0259yanatlar s\u0259sl\u0259ndirm\u0259l\u0259ri d\u0259 bu ehtimal\u0131n do\u011frulu\u011fundan x\u0259b\u0259r verir. N\u0259hay\u0259t, \u0130ran ba\u015fa d\u00fc\u015fd\u00fc ki, Az\u0259rbaycan \u00f6z suverenliyini v\u0259 \u0259razi b\u00fct\u00f6vl\u00fcy\u00fcn\u00fc b\u0259rpa edir, he\u00e7 kimin torpa\u011f\u0131nda g\u00f6z\u00fc yoxdur v\u0259 regional kommunikasiya m\u0259s\u0259l\u0259l\u0259rini \u0259m\u0259kda\u015fl\u0131q \u015f\u0259raitind\u0259 h\u0259ll etm\u0259k yoluna \u00fcst\u00fcnl\u00fck verir. X\u0259l\u0259f X\u0259l\u0259fovun \u0130rana s\u0259f\u0259ri xo\u015fm\u0259raml\u0131, ikit\u0259r\u0259fli \u0259laq\u0259l\u0259rin b\u0259rpas\u0131 istiqam\u0259tind\u0259 Tehran\u0131n davaml\u0131 \u00e7a\u011f\u0131r\u0131\u015flar\u0131na cavab jesti kimi d\u0259y\u0259rl\u0259ndirilm\u0259li oldu\u011fu halda, k\u00f6vr\u0259k m\u00fcnasib\u0259tl\u0259r\u0259 z\u0259rb\u0259 vura bil\u0259c\u0259k yana\u015fmalar s\u0259rgil\u0259nir.<\/p>\n<p><strong>G\u0259lin g\u00f6r\u0259k, son g\u00fcnl\u0259r \u0130randan Az\u0259rbaycana s\u0259f\u0259rl\u0259r \u00e7ox olub, yoxsa Az\u0259rbaycandan \u0130rana?<\/strong><\/p>\n<p>\u0130ran\u0131n d\u0259niz donanmas\u0131n\u0131n komandanl\u0131\u011f\u0131 bel\u0259 b\u00f6y\u00fck hey\u0259tl\u0259 X\u0259z\u0259rd\u0259 ke\u00e7iril\u0259n Az\u0259rbaycan-Qazax\u0131stan birg\u0259 t\u0259liml\u0259rini izl\u0259yib, sonda \u0130ran generallar\u0131 Az\u0259rbaycanla birg\u0259 t\u0259liml\u0259r ke\u00e7irm\u0259k ist\u0259dikl\u0259rini b\u0259yan edibl\u0259r. H\u0259r halda etik qaydalar var, Az\u0259rbaycanda kims\u0259 \u0130ran\u0131 \u201cqaba\u011f\u0131m\u0131zdan qa\u00e7d\u0131\u201d dey\u0259, a\u015fa\u011f\u0131lama\u011fa \u00e7al\u0131\u015fm\u0131r, h\u0259m d\u0259 ona g\u00f6r\u0259 ki, \u0130ran 40 milyondan art\u0131q soyda\u015f\u0131m\u0131z\u0131n ya\u015fad\u0131\u011f\u0131 qon\u015fumuzdur! S\u0259hv etm\u0259k ay\u0131b deyil, s\u0259hvi d\u00fcz\u0259ltm\u0259m\u0259k q\u0259bah\u0259t oldu\u011fu q\u0259d\u0259r d\u0259 ortaya yeni-yeni probleml\u0259r qoymaqd\u0131r. Qon\u015fu \u0130ran ziyan\u0131n v\u0259 s\u0259hvin yar\u0131s\u0131ndan d\u00f6nd\u00fc, \u00fcmid ed\u0259k ki, n\u00f6vb\u0259ti d\u0259f\u0259 \u0130rana z\u0259rb\u0259 vurmaq \u00fc\u00e7\u00fcn f\u00fcrs\u0259tl\u0259r axaran Q\u0259rbin t\u0259siri alt\u0131nda olan c\u0131rtdan Erm\u0259nistandan ald\u0131\u011f\u0131 yanl\u0131\u015f informasiyalar\u0131n orbitin\u0259 d\u00fc\u015fm\u0259y\u0259c\u0259k \u0259srl\u0259rl\u0259 d\u00f6vl\u0259t\u00e7ilik \u0259n\u0259n\u0259si olan qon\u015fumuz&#8230;\u00a0<strong>Araz \u00e7ay\u0131 \u00fcz\u0259rind\u0259n k\u00f6rp\u00fcl\u0259r at\u0131ld\u0131\u011f\u0131 d\u00f6n\u0259md\u0259 d\u0259 \u0130randa Araz\u0131n suyunu lill\u0259ndir\u0259nl\u0259r kirimir&#8230; Bizd\u0259n x\u0259b\u0259rdar etm\u0259k!<\/strong><\/p>\n","protected":false},"excerpt":{"rendered":"<p>Art\u0131q he\u00e7 bir \u015f\u00fcbh\u0259 yeri qalmad\u0131 ki, \u0130randa kifay\u0259t q\u0259d\u0259r ciddi v\u0259 y\u00fcks\u0259k s\u0259lahiyy\u0259tl\u0259r\u0259 malik olan q\u00fcvv\u0259l\u0259r Tehranla Bak\u0131 aras\u0131nda g\u0259rginliyin davam\u0131nda maraql\u0131d\u0131r. O da m\u00fcmk\u00fcnd\u00fcr ki, h\u0259tta bu q\u00fcvv\u0259l\u0259rin qar\u015f\u0131s\u0131nda \u0130ran prezidenti ba\u015fda olmaqla dig\u0259r m\u0259ns\u0259b sahibl\u0259ri d\u0259 acizdirl\u0259r&#8230; Yoxsa iki qon\u015fu \u00f6lk\u0259 aras\u0131nda son \u00fc\u00e7 il \u0259rzind\u0259 artmaqda olan g\u0259rginliyin s\u0259ngim\u0259si, araya s\u00f6z\u00fcn b\u00fct\u00fcn m\u0259nalar\u0131nda k\u00f6rp\u00fcl\u0259rin at\u0131lmas\u0131 istiqam\u0259tind\u0259 i\u015fl\u0259r\u0259 start verilm\u0259sind\u0259n d\u0259rhal sonra yenid\u0259n qa\u015f\u0131nmayan yerd\u0259n qan \u00e7\u0131xar\u0131lmas\u0131na ba\u015fqa ad verm\u0259k m\u00fcmk\u00fcn deyil. Diqq\u0259t edin, \u0130ran\u0131n m\u0259d\u0259ni irs, turizm v\u0259 \u0259l i\u015fl\u0259ri naziri \u0130zz\u0259tullah Z\u0259rqami Az\u0259rbaycan Respublikas\u0131n\u0131 \u0130rana&hellip;<\/p>\n","protected":false},"author":2,"featured_media":643502,"comment_status":"closed","ping_status":"closed","sticky":false,"template":"","format":"standard","meta":{"om_disable_all_campaigns":false,"_monsterinsights_skip_tracking":false,"_monsterinsights_sitenote_active":false,"_monsterinsights_sitenote_note":"","_monsterinsights_sitenote_category":0},"categories":[1],"tags":[],"aioseo_notices":[],"gutentor_comment":0,"rttpg_featured_image_url":{"full":["https:\/\/arantv.az\/wp-content\/uploads\/2023\/10\/22fb9af2caaf94afdeaaa73d1ff4d6e9.jpg",870,500,false],"landscape":["https:\/\/arantv.az\/wp-content\/uploads\/2023\/10\/22fb9af2caaf94afdeaaa73d1ff4d6e9.jpg",870,500,false],"portraits":["https:\/\/arantv.az\/wp-content\/uploads\/2023\/10\/22fb9af2caaf94afdeaaa73d1ff4d6e9.jpg",870,500,false],"thumbnail":["https:\/\/arantv.az\/wp-content\/uploads\/2023\/10\/22fb9af2caaf94afdeaaa73d1ff4d6e9-500x280.jpg",500,280,true],"medium":["https:\/\/arantv.az\/wp-content\/uploads\/2023\/10\/22fb9af2caaf94afdeaaa73d1ff4d6e9-635x365.jpg",635,365,true],"large":["https:\/\/arantv.az\/wp-content\/uploads\/2023\/10\/22fb9af2caaf94afdeaaa73d1ff4d6e9-840x483.jpg",640,368,true],"1536x1536":["https:\/\/arantv.az\/wp-content\/uploads\/2023\/10\/22fb9af2caaf94afdeaaa73d1ff4d6e9.jpg",870,500,false],"2048x2048":["https:\/\/arantv.az\/wp-content\/uploads\/2023\/10\/22fb9af2caaf94afdeaaa73d1ff4d6e9.jpg",870,500,false],"post-thumbnail":["https:\/\/arantv.az\/wp-content\/uploads\/2023\/10\/22fb9af2caaf94afdeaaa73d1ff4d6e9-240x172.jpg",240,172,true],"advps-thumb-one":["https:\/\/arantv.az\/wp-content\/uploads\/2023\/10\/22fb9af2caaf94afdeaaa73d1ff4d6e9.jpg",870,500,false]},"rttpg_author":{"display_name":"V\u00fcsal Rafiqo\u011flu","author_link":"https:\/\/arantv.az\/?author=2"},"rttpg_comment":0,"rttpg_category":"<a href=\"https:\/\/arantv.az\/?cat=1\" rel=\"category\">C\u0259miyy\u0259t<\/a>","rttpg_excerpt":"Art\u0131q he\u00e7 bir \u015f\u00fcbh\u0259 yeri qalmad\u0131 ki, \u0130randa kifay\u0259t q\u0259d\u0259r ciddi v\u0259 y\u00fcks\u0259k s\u0259lahiyy\u0259tl\u0259r\u0259 malik olan q\u00fcvv\u0259l\u0259r Tehranla Bak\u0131 aras\u0131nda g\u0259rginliyin davam\u0131nda maraql\u0131d\u0131r. O da m\u00fcmk\u00fcnd\u00fcr ki, h\u0259tta bu q\u00fcvv\u0259l\u0259rin qar\u015f\u0131s\u0131nda \u0130ran prezidenti ba\u015fda olmaqla dig\u0259r m\u0259ns\u0259b sahibl\u0259ri d\u0259 acizdirl\u0259r&#8230; Yoxsa iki qon\u015fu \u00f6lk\u0259 aras\u0131nda son \u00fc\u00e7 il \u0259rzind\u0259 artmaqda olan g\u0259rginliyin s\u0259ngim\u0259si, araya s\u00f6z\u00fcn&hellip;","_links":{"self":[{"href":"https:\/\/arantv.az\/index.php?rest_route=\/wp\/v2\/posts\/643498"}],"collection":[{"href":"https:\/\/arantv.az\/index.php?rest_route=\/wp\/v2\/posts"}],"about":[{"href":"https:\/\/arantv.az\/index.php?rest_route=\/wp\/v2\/types\/post"}],"author":[{"embeddable":true,"href":"https:\/\/arantv.az\/index.php?rest_route=\/wp\/v2\/users\/2"}],"replies":[{"embeddable":true,"href":"https:\/\/arantv.az\/index.php?rest_route=%2Fwp%2Fv2%2Fcomments&post=643498"}],"version-history":[{"count":0,"href":"https:\/\/arantv.az\/index.php?rest_route=\/wp\/v2\/posts\/643498\/revisions"}],"wp:featuredmedia":[{"embeddable":true,"href":"https:\/\/arantv.az\/index.php?rest_route=\/wp\/v2\/media\/643502"}],"wp:attachment":[{"href":"https:\/\/arantv.az\/index.php?rest_route=%2Fwp%2Fv2%2Fmedia&parent=643498"}],"wp:term":[{"taxonomy":"category","embeddable":true,"href":"https:\/\/arantv.az\/index.php?rest_route=%2Fwp%2Fv2%2Fcategories&post=643498"},{"taxonomy":"post_tag","embeddable":true,"href":"https:\/\/arantv.az\/index.php?rest_route=%2Fwp%2Fv2%2Ftags&post=643498"}],"curies":[{"name":"wp","href":"https:\/\/api.w.org\/{rel}","templated":true}]}}