{"id":643504,"date":"2023-10-10T14:52:37","date_gmt":"2023-10-10T10:52:37","guid":{"rendered":"https:\/\/arantv.az\/?p=643504"},"modified":"2023-10-10T14:52:37","modified_gmt":"2023-10-10T10:52:37","slug":"ulu-ond%c9%99r-heyd%c9%99r-%c9%99liyevin-milli-dovl%c9%99t-quruculugu","status":"publish","type":"post","link":"https:\/\/arantv.az\/?p=643504","title":{"rendered":"Ulu \u00d6nd\u0259r Heyd\u0259r \u018fliyevin milli d\u00f6vl\u0259t quruculu\u011fu"},"content":{"rendered":"<p>XX \u0259srin sonlar\u0131nda Sovet \u0130ttifaq\u0131n\u0131n s\u00fcquta u\u011framas\u0131 v\u0259 m\u00fcasir d\u00fcnya d\u00fcz\u0259ninin formala\u015fma\u011fa, beyn\u0259lxalq arenada yeni m\u00fcnasib\u0259tl\u0259rin t\u0259\u015f\u0259kk\u00fcl tapma\u011fa ba\u015flad\u0131\u011f\u0131 bir d\u00f6vrd\u0259 Az\u0259rbaycan \u00f6z tarixinin m\u00fch\u00fcm v\u0259 taley\u00fckl\u00fc m\u0259rh\u0259l\u0259sin\u0259 q\u0259d\u0259m qoydu. Ciddi \u00a0\u00a0t\u0259lat\u00fcml\u0259r burul\u011fan\u0131nda t\u0259kba\u015f\u0131na m\u00fcbariz\u0259 aparmaq m\u0259cburiyy\u0259tind\u0259 qalm\u0131\u015f xalq\u0131m\u0131z a\u011f\u0131r s\u0131naqlar\u0131 arxada qoyaraq ayd\u0131n g\u0259l\u0259c\u0259y\u0259 do\u011fru inamla add\u0131mlama\u011f\u0131 bacard\u0131. He\u00e7 \u015f\u00fcbh\u0259siz, Az\u0259rbaycan\u0131n bug\u00fcnk\u00fc inki\u015faf m\u0259rh\u0259l\u0259sin\u0259 \u00e7\u0131xmas\u0131n\u0131 \u015f\u0259rtl\u0259ndir\u0259n \u0259sas amil tarixin h\u0259lledici m\u0259qam\u0131nda \u00f6lk\u0259d\u0259 v\u0259 d\u00fcnyada ba\u015f ver\u0259n m\u00fcr\u0259kk\u0259b prosesl\u0259rin mahiyy\u0259tini d\u0259qiq qiym\u0259tl\u0259ndirm\u0259yi v\u0259 bu prosesl\u0259ri milli m\u0259nafel\u0259rin t\u0259l\u0259b etdiyi ayd\u0131n bir istiqam\u0259t\u0259 y\u00f6n\u0259ltm\u0259yi bacaran siyasi liderin m\u00f6vcudlu\u011fu olub. 1990-c\u0131 ill\u0259rin son d\u0259r\u0259c\u0259 a\u011f\u0131r, bir \u00e7ox hallarda h\u0259tta \u00fcmidsiz hesab edil\u0259n reall\u0131qlar\u0131 il\u0259 m\u00fcasir Az\u0259rbaycan d\u00f6vl\u0259tinin d\u00fcnyadak\u0131 haz\u0131rk\u0131 yerinin m\u00fcqayis\u0259si \u00fcmummilli lider Heyd\u0259r \u018fliyevin Az\u0259rbaycan d\u00f6vl\u0259ti qar\u015f\u0131s\u0131nda xidm\u0259tl\u0259rinin miqyas\u0131n\u0131 v\u0259 xalq\u0131m\u0131z\u0131n t\u0259ht\u0259l\u015f\u00fcurunda \u00f6z\u00fcn\u0259 d\u0259rin iz buraxm\u0131\u015f dahi obraz\u0131n\u0131 daha ayd\u0131n g\u00f6rm\u0259y\u0259 imkan yarad\u0131r.<\/p>\n<p>\u00d6t\u0259n \u0259srin sonlar\u0131nda qlobal liderlik u\u011frunda ged\u0259n m\u00fcbariz\u0259nin m\u00fcmk\u00fcn n\u0259tic\u0259l\u0259rini proqnozla\u015fd\u0131raraq \u00f6z d\u00f6vl\u0259tinin beyn\u0259lxalq m\u00fcnasib\u0259tl\u0259r z\u0259ncirinin t\u0259hl\u00fck\u0259siz, eyni zamanda, t\u0259sirli h\u0259lq\u0259l\u0259rind\u0259n birin\u0259 \u00e7evrilm\u0259sini t\u0259min etm\u0259k Ulu \u00d6nd\u0259r Heyd\u0259r \u018fliyevin Az\u0259rbaycan\u0131n milli d\u00f6vl\u0259t\u00e7ilik tarixind\u0259 m\u00fcst\u0259sna xidm\u0259tidir.<\/p>\n<p>\u00dcmummilli Liderin siyasi portretinin \u0259n \u0259sas cizgil\u0259rind\u0259n biri onun zaman\u0131 v\u0259 prosesl\u0259ri d\u00fczg\u00fcn qiym\u0259tl\u0259ndirm\u0259y\u0259 imkan ver\u0259n d\u0259rin z\u0259kaya sahib olmas\u0131d\u0131r. O, d\u00fcnyada v\u0259 regionda c\u0259r\u0259yan ed\u0259n prosesl\u0259rin t\u0259hl\u00fck\u0259li m\u0259craya y\u00f6n\u0259ldiyi vaxtda sanki zaman\u0131 dayand\u0131rmaqla h\u0259r \u015feyi ilkin n\u00f6qt\u0259d\u0259n ba\u015flama\u011f\u0131 bacard\u0131, Az\u0259rbaycan \u00fc\u00e7\u00fcn \u0259n \u00e7\u0259tin anda \u0259n d\u00fczg\u00fcn q\u0259rarlar q\u0259bul etdi. Heyd\u0259r \u018fliyevin siyasi m\u00fcdrikliyi ona beyn\u0259lxalq m\u00fcnasib\u0259tl\u0259r sisteminin institusional \u0259saslar\u0131n\u0131n sars\u0131ld\u0131\u011f\u0131n\u0131 g\u00f6rm\u0259y\u0259, beyn\u0259lxalq arbitr kimi d\u00fcnya nizam\u0131n\u0131 qorumaq missiyas\u0131n\u0131 \u00fcz\u0259rin\u0259 g\u00f6t\u00fcrm\u00fc\u015f m\u00fcxt\u0259lif t\u0259\u015fkilatlar\u0131n \u00f6z funksionall\u0131\u011f\u0131n\u0131 itirdiyini d\u0259qiq m\u00fc\u0259yy\u0259n etm\u0259y\u0259 v\u0259 d\u00fcnyan\u0131n g\u00fcnd\u0259mini dikt\u0259 ed\u0259n g\u00fcc m\u0259rk\u0259zl\u0259ri il\u0259 b\u0259rab\u0259rh\u00fcquqlu t\u0259r\u0259fda\u015fl\u0131q m\u00fcnasib\u0259tl\u0259ri qurma\u011fa imkan verdi.<\/p>\n<p>Az\u0259rbaycan\u0131 tarixin b\u0259lk\u0259 d\u0259 \u0259n h\u0259lledici m\u0259rh\u0259l\u0259sind\u0259 a\u011f\u0131r b\u00f6hrandan qurtaran \u00dcmummilli Liderin b\u00fcn\u00f6vr\u0259d\u0259n qurma\u011fa ba\u015flad\u0131\u011f\u0131 m\u00fcst\u0259qil Az\u0259rbaycan postsovet m\u0259kan\u0131nda m\u00fcnaqi\u015f\u0259 v\u0259 m\u00fcharib\u0259l\u0259rin adi h\u0259yat normas\u0131na \u00e7evrildiyi, qeyri-m\u00fc\u0259yy\u0259nliyin ictimai t\u0259f\u0259kk\u00fcrd\u0259 reall\u0131q kimi q\u0259bul olundu\u011fu, ke\u00e7mi\u015fl\u0259 b\u00fct\u00fcn ba\u011flar\u0131n qopdu\u011fu, g\u0259l\u0259c\u0259y\u0259 aparan k\u00f6rp\u00fcl\u0259rin h\u0259l\u0259 qurulmad\u0131\u011f\u0131 bir d\u00f6vrd\u0259 d\u00fcnyan\u0131n siyasi s\u0259hn\u0259sin\u0259 inamla \u00e7\u0131xd\u0131.<\/p>\n<p>M\u00fcst\u0259qilliyin ilk ill\u0259rind\u0259 par\u00e7alanmaq v\u0259 d\u00fcnya x\u0259rit\u0259sind\u0259n silinm\u0259k t\u0259hl\u00fck\u0259si il\u0259 \u00fcz-\u00fcz\u0259 qalm\u0131\u015f Az\u0259rbaycan\u0131 bu f\u0259lak\u0259td\u0259n yaln\u0131z Heyd\u0259r \u018fliyevin qurtara bil\u0259c\u0259yini t\u0259kc\u0259 onun t\u0259r\u0259fdarlar\u0131 deyil, r\u0259qibl\u0259ri d\u0259 yax\u015f\u0131 anlay\u0131rd\u0131. \u00d6lk\u0259d\u0259 v\u0259t\u0259nda\u015f m\u00fcharib\u0259si h\u0259ddin\u0259 \u00e7atm\u0131\u015f silahl\u0131 qar\u015f\u0131durma c\u0259hdl\u0259rin\u0259 m\u0259hz g\u00fccl\u00fc siyasi xadim, praqmatik lider, m\u00fcdrik d\u00f6vl\u0259t adam\u0131 kimi Heyd\u0259r \u018fliyevin titanik s\u0259yl\u0259ri n\u0259tic\u0259sind\u0259 q\u0131sa m\u00fcdd\u0259td\u0259 son qoyuldu, siyasi m\u00fcbariz\u0259 k\u00fc\u00e7\u0259 v\u0259 meydanlardan parlament\u0259, se\u00e7ki platformas\u0131na transformasiya olundu, \u00f6lk\u0259d\u0259 ictimai-siyasi sabitlik b\u0259rq\u0259rar edildi.<\/p>\n<p>M\u0259hz Ulu \u00d6nd\u0259rin m\u00fcdrik siyas\u0259ti say\u0259sind\u0259 Az\u0259rbaycan regionun \u0259n etibarl\u0131 v\u0259 g\u00fccl\u00fc d\u00f6vl\u0259tl\u0259rind\u0259n biri kimi \u00f6z\u00fcn\u00fc d\u00fcnyaya t\u0259qdim etm\u0259y\u0259 m\u00fcv\u0259ff\u0259q oldu. Birq\u00fctbl\u00fc d\u00fcnyaya s\u00fcr\u0259tli ke\u00e7idin ciddi b\u00f6hran, bir \u00e7ox hallarda f\u0259lak\u0259tl\u0259r yaratd\u0131\u011f\u0131 \u00e7\u0259tin v\u0259 qeyri-m\u00fc\u0259yy\u0259n tarixi m\u0259rh\u0259l\u0259d\u0259 Az\u0259rbaycan \u00f6z\u00fcn\u00fcn \u015e\u0259rq v\u0259 Q\u0259rb aras\u0131nda k\u00f6rp\u00fc funksiyas\u0131n\u0131 b\u0259rpa ed\u0259 bildi. 1990-c\u0131 ill\u0259rd\u0259 bir \u00e7oxlar\u0131 d\u00fcnyan\u0131n iki f\u0259rqli sivilizasiyas\u0131n\u0131 qovu\u015fduran b\u00fct\u00fcn k\u00f6rp\u00fcl\u0259rin yand\u0131r\u0131laca\u011f\u0131n\u0131, planetin co\u011frafiyas\u0131ndan silin\u0259c\u0259yini g\u00fcman edirdil\u0259r. Lakin 1994-c\u00fc ild\u0259 \u201c\u018fsrin m\u00fcqavil\u0259si\u201dnin imzalanmas\u0131 v\u0259 sonrak\u0131 d\u00f6vrd\u0259 Bak\u0131-Tbilisi-Ceyhan neft k\u0259m\u0259ri kimi qlobal \u0259h\u0259miyy\u0259t k\u0259sb ed\u0259n enerji layih\u0259l\u0259rinin h\u0259yata v\u0259siq\u0259 qazanmas\u0131 il\u0259 bu g\u00fcmanlar yox oldu. Bu, \u0259lb\u0259tt\u0259, Heyd\u0259r \u018fliyev siyasi d\u00fchas\u0131n\u0131n n\u0259inki Az\u0259rbaycan v\u0259 C\u0259nubi Qafqaz\u0131n, eyni zamanda, bu g\u00fcn \u2013 XXI \u0259srd\u0259 30 il \u00f6nc\u0259kind\u0259n daha b\u00f6y\u00fck aktuall\u0131q k\u0259sb ed\u0259n Avropan\u0131n t\u0259hl\u00fck\u0259sizliyin\u0259 tarixi t\u00f6hf\u0259si kimi qiym\u0259tl\u0259ndirilir.<\/p>\n<p>\u00dcmummilli lider Heyd\u0259r \u018fliyevin \u0259sas\u0131n\u0131 qoydu\u011fu milli d\u00f6vl\u0259t\u00e7ilik ideyas\u0131 \u00f6z\u00fcnd\u0259 real m\u00fcst\u0259qillik, suverenlik, milli-m\u0259n\u0259vi d\u0259y\u0259rl\u0259r\u0259 ba\u011fl\u0131l\u0131q v\u0259 m\u00fcasir inki\u015faf kimi vacib prinsipl\u0259ri \u00fczvi \u015f\u0259kild\u0259 birl\u0259\u015fdirdi. Ulu \u00d6nd\u0259rin qurdu\u011fu v\u0259 az\u0259rbaycan\u00e7\u0131l\u0131q ideologiyas\u0131na \u0259saslanan milli d\u00f6vl\u0259timiz c\u0259miyy\u0259tin h\u0259r bir \u00fczv\u00fc, d\u00fcnya az\u0259rbaycanl\u0131lar\u0131 \u00fc\u00e7\u00fcn ideoloji b\u00fcn\u00f6vr\u0259, onlar\u0131 vahid ideya \u0259traf\u0131nda birl\u0259\u015fdir\u0259n, m\u0259nafel\u0259rini qoruyan, m\u00fcdafi\u0259 v\u0259 \u00fcmumi m\u0259qs\u0259d u\u011frunda s\u0259f\u0259rb\u0259r ed\u0259n q\u00fcrur m\u0259nb\u0259yimizdir. Buna g\u00f6r\u0259 d\u0259 \u0259minlikl\u0259 dem\u0259k olar ki, h\u0259r bir d\u00f6vl\u0259tin q\u00fcdr\u0259ti onun iqtisadi potensial\u0131 v\u0259 h\u0259rbi g\u00fcc\u00fc il\u0259 yana\u015f\u0131, h\u0259m d\u0259 xalq\u0131n birliyi, h\u0259mr\u0259yliyi il\u0259 \u00f6l\u00e7\u00fcl\u00fcr.<\/p>\n<p>Ulu \u00d6nd\u0259r Heyd\u0259r \u018fliyev demi\u015fdi: \u201cBiz bu \u00e7\u0259tin g\u00fcnl\u0259ri ke\u00e7ib ged\u0259c\u0259yik, m\u00fcst\u0259qil Az\u0259rbaycan Respublikas\u0131 d\u00fcnya birliyind\u0259 \u00f6z layiqli yerini tutacaq, h\u0259r bir Az\u0259rbaycan v\u0259t\u0259nda\u015f\u0131 \u00f6z\u00fcn\u00fcn bu m\u00fcst\u0259qil d\u00f6vl\u0259t\u0259 m\u0259nsub oldu\u011funu b\u00f6y\u00fck q\u00fcrur hissi il\u0259 b\u0259yan ed\u0259c\u0259kdir\u201d. Bu g\u00fcn Az\u0259rbaycan\u0131n \u0259razi b\u00fct\u00f6vl\u00fcy\u00fc, \u015eu\u015fada q\u00fcrurla dal\u011falanan milli bayra\u011f\u0131m\u0131z, milli d\u00f6vl\u0259timiz, m\u00fcst\u0259qilliyimiz, suverenliyimiz, d\u00fcnya xalqlar\u0131 aras\u0131nda \u00f6z layiqli yerimizi tutmaq namin\u0259 apard\u0131\u011f\u0131m\u0131z 30 illik m\u00fccadil\u0259nin q\u00fcrur do\u011furan b\u0259hr\u0259si v\u0259 m\u0259ntiqi n\u0259tic\u0259sidir. Az\u0259rbaycan Prezidenti \u0130lham \u018fliyevin \u0259traf\u0131nda s\u0131x birl\u0259\u015f\u0259r\u0259k m\u00fcst\u0259qil d\u00f6vl\u0259timizi qorumaq, ya\u015fatmaq v\u0259 daha da inki\u015faf etdirm\u0259k bizim \u0259n \u0259sas v\u0259zif\u0259mizdir&#8221;.<\/p>\n<p><strong>\u0130srafil K\u0259rimov,<\/strong><br \/>\n<em>Az\u0259rbaycan Jurnalistl\u0259r Birliyinin \u00fczv\u00fc<\/em><\/p>\n","protected":false},"excerpt":{"rendered":"<p>XX \u0259srin sonlar\u0131nda Sovet \u0130ttifaq\u0131n\u0131n s\u00fcquta u\u011framas\u0131 v\u0259 m\u00fcasir d\u00fcnya d\u00fcz\u0259ninin formala\u015fma\u011fa, beyn\u0259lxalq arenada yeni m\u00fcnasib\u0259tl\u0259rin t\u0259\u015f\u0259kk\u00fcl tapma\u011fa ba\u015flad\u0131\u011f\u0131 bir d\u00f6vrd\u0259 Az\u0259rbaycan \u00f6z tarixinin m\u00fch\u00fcm v\u0259 taley\u00fckl\u00fc m\u0259rh\u0259l\u0259sin\u0259 q\u0259d\u0259m qoydu. Ciddi \u00a0\u00a0t\u0259lat\u00fcml\u0259r burul\u011fan\u0131nda t\u0259kba\u015f\u0131na m\u00fcbariz\u0259 aparmaq m\u0259cburiyy\u0259tind\u0259 qalm\u0131\u015f xalq\u0131m\u0131z a\u011f\u0131r s\u0131naqlar\u0131 arxada qoyaraq ayd\u0131n g\u0259l\u0259c\u0259y\u0259 do\u011fru inamla add\u0131mlama\u011f\u0131 bacard\u0131. He\u00e7 \u015f\u00fcbh\u0259siz, Az\u0259rbaycan\u0131n bug\u00fcnk\u00fc inki\u015faf m\u0259rh\u0259l\u0259sin\u0259 \u00e7\u0131xmas\u0131n\u0131 \u015f\u0259rtl\u0259ndir\u0259n \u0259sas amil tarixin h\u0259lledici m\u0259qam\u0131nda \u00f6lk\u0259d\u0259 v\u0259 d\u00fcnyada ba\u015f ver\u0259n m\u00fcr\u0259kk\u0259b prosesl\u0259rin mahiyy\u0259tini d\u0259qiq qiym\u0259tl\u0259ndirm\u0259yi v\u0259 bu prosesl\u0259ri milli m\u0259nafel\u0259rin t\u0259l\u0259b etdiyi ayd\u0131n bir istiqam\u0259t\u0259 y\u00f6n\u0259ltm\u0259yi bacaran siyasi liderin m\u00f6vcudlu\u011fu olub. 1990-c\u0131 ill\u0259rin&hellip;<\/p>\n","protected":false},"author":2,"featured_media":643509,"comment_status":"closed","ping_status":"closed","sticky":false,"template":"","format":"standard","meta":{"om_disable_all_campaigns":false,"_monsterinsights_skip_tracking":false,"_monsterinsights_sitenote_active":false,"_monsterinsights_sitenote_note":"","_monsterinsights_sitenote_category":0},"categories":[19],"tags":[],"aioseo_notices":[],"gutentor_comment":0,"rttpg_featured_image_url":{"full":["https:\/\/arantv.az\/wp-content\/uploads\/2023\/10\/894b77f8168318239847071454010829415-1.jpg",975,540,false],"landscape":["https:\/\/arantv.az\/wp-content\/uploads\/2023\/10\/894b77f8168318239847071454010829415-1.jpg",975,540,false],"portraits":["https:\/\/arantv.az\/wp-content\/uploads\/2023\/10\/894b77f8168318239847071454010829415-1.jpg",975,540,false],"thumbnail":["https:\/\/arantv.az\/wp-content\/uploads\/2023\/10\/894b77f8168318239847071454010829415-1-500x280.jpg",500,280,true],"medium":["https:\/\/arantv.az\/wp-content\/uploads\/2023\/10\/894b77f8168318239847071454010829415-1-660x365.jpg",660,365,true],"large":["https:\/\/arantv.az\/wp-content\/uploads\/2023\/10\/894b77f8168318239847071454010829415-1-840x465.jpg",640,354,true],"1536x1536":["https:\/\/arantv.az\/wp-content\/uploads\/2023\/10\/894b77f8168318239847071454010829415-1.jpg",975,540,false],"2048x2048":["https:\/\/arantv.az\/wp-content\/uploads\/2023\/10\/894b77f8168318239847071454010829415-1.jpg",975,540,false],"post-thumbnail":["https:\/\/arantv.az\/wp-content\/uploads\/2023\/10\/894b77f8168318239847071454010829415-1-240x172.jpg",240,172,true],"advps-thumb-one":["https:\/\/arantv.az\/wp-content\/uploads\/2023\/10\/894b77f8168318239847071454010829415-1.jpg",975,540,false]},"rttpg_author":{"display_name":"V\u00fcsal Rafiqo\u011flu","author_link":"https:\/\/arantv.az\/?author=2"},"rttpg_comment":0,"rttpg_category":"<a href=\"https:\/\/arantv.az\/?cat=19\" rel=\"category\">G\u00fcnd\u0259m<\/a>","rttpg_excerpt":"XX \u0259srin sonlar\u0131nda Sovet \u0130ttifaq\u0131n\u0131n s\u00fcquta u\u011framas\u0131 v\u0259 m\u00fcasir d\u00fcnya d\u00fcz\u0259ninin formala\u015fma\u011fa, beyn\u0259lxalq arenada yeni m\u00fcnasib\u0259tl\u0259rin t\u0259\u015f\u0259kk\u00fcl tapma\u011fa ba\u015flad\u0131\u011f\u0131 bir d\u00f6vrd\u0259 Az\u0259rbaycan \u00f6z tarixinin m\u00fch\u00fcm v\u0259 taley\u00fckl\u00fc m\u0259rh\u0259l\u0259sin\u0259 q\u0259d\u0259m qoydu. Ciddi \u00a0\u00a0t\u0259lat\u00fcml\u0259r burul\u011fan\u0131nda t\u0259kba\u015f\u0131na m\u00fcbariz\u0259 aparmaq m\u0259cburiyy\u0259tind\u0259 qalm\u0131\u015f xalq\u0131m\u0131z a\u011f\u0131r s\u0131naqlar\u0131 arxada qoyaraq ayd\u0131n g\u0259l\u0259c\u0259y\u0259 do\u011fru inamla add\u0131mlama\u011f\u0131 bacard\u0131. He\u00e7 \u015f\u00fcbh\u0259siz, Az\u0259rbaycan\u0131n bug\u00fcnk\u00fc inki\u015faf m\u0259rh\u0259l\u0259sin\u0259&hellip;","_links":{"self":[{"href":"https:\/\/arantv.az\/index.php?rest_route=\/wp\/v2\/posts\/643504"}],"collection":[{"href":"https:\/\/arantv.az\/index.php?rest_route=\/wp\/v2\/posts"}],"about":[{"href":"https:\/\/arantv.az\/index.php?rest_route=\/wp\/v2\/types\/post"}],"author":[{"embeddable":true,"href":"https:\/\/arantv.az\/index.php?rest_route=\/wp\/v2\/users\/2"}],"replies":[{"embeddable":true,"href":"https:\/\/arantv.az\/index.php?rest_route=%2Fwp%2Fv2%2Fcomments&post=643504"}],"version-history":[{"count":0,"href":"https:\/\/arantv.az\/index.php?rest_route=\/wp\/v2\/posts\/643504\/revisions"}],"wp:featuredmedia":[{"embeddable":true,"href":"https:\/\/arantv.az\/index.php?rest_route=\/wp\/v2\/media\/643509"}],"wp:attachment":[{"href":"https:\/\/arantv.az\/index.php?rest_route=%2Fwp%2Fv2%2Fmedia&parent=643504"}],"wp:term":[{"taxonomy":"category","embeddable":true,"href":"https:\/\/arantv.az\/index.php?rest_route=%2Fwp%2Fv2%2Fcategories&post=643504"},{"taxonomy":"post_tag","embeddable":true,"href":"https:\/\/arantv.az\/index.php?rest_route=%2Fwp%2Fv2%2Ftags&post=643504"}],"curies":[{"name":"wp","href":"https:\/\/api.w.org\/{rel}","templated":true}]}}