{"id":643526,"date":"2023-10-10T15:25:55","date_gmt":"2023-10-10T11:25:55","guid":{"rendered":"https:\/\/arantv.az\/?p=643526"},"modified":"2023-10-10T15:25:55","modified_gmt":"2023-10-10T11:25:55","slug":"%c9%99li-%c9%99s%c9%99dov-indoneziyanin-inzibati-v%c9%99-burokratik-islahatlar-naziri-il%c9%99-gorusub","status":"publish","type":"post","link":"https:\/\/arantv.az\/?p=643526","title":{"rendered":"\u018fli \u018fs\u0259dov \u0130ndoneziyan\u0131n inzibati v\u0259 b\u00fcrokratik islahatlar naziri il\u0259 g\u00f6r\u00fc\u015f\u00fcb"},"content":{"rendered":"<p>Az\u0259rbaycan\u0131n Ba\u015f naziri \u018fli \u018fs\u0259dov \u0130ndoneziyan\u0131n inzibati v\u0259 b\u00fcrokratik islahatlar naziri Abdullah Azvar Anas il\u0259 g\u00f6r\u00fc\u015f\u00fcb.<\/p>\n<p><strong>ARANTV.AZ\u00a0 <\/strong>x\u0259b\u0259r verir ki, g\u00f6r\u00fc\u015fd\u0259 Az\u0259rbaycanla \u0130ndoneziya aras\u0131nda qar\u015f\u0131l\u0131ql\u0131 h\u00f6rm\u0259t v\u0259 dostlu\u011fa \u0259saslanan m\u00fcnasib\u0259tl\u0259rin m\u00f6vcud oldu\u011fu vur\u011fulanaraq, \u00f6t\u0259n ilin iki \u00f6lk\u0259 aras\u0131nda diplomatik \u0259laq\u0259l\u0259rin yarad\u0131lmas\u0131n\u0131n 30-cu ild\u00f6n\u00fcm\u00fc il\u0259 \u0259lam\u0259tdar oldu\u011fu qeyd edilib.<\/p>\n<p>Siyasi sah\u0259d\u0259 u\u011furlu \u0259m\u0259kda\u015fl\u0131q bar\u0259d\u0259 s\u00f6hb\u0259t a\u00e7an \u018f.\u018fs\u0259dov, beyn\u0259lxalq t\u0259\u015fkilatlar, o c\u00fcml\u0259d\u0259n BMT, Qo\u015fulmama H\u0259r\u0259kat\u0131 v\u0259 \u0130slam \u018fm\u0259kda\u015fl\u0131q T\u0259\u015fkilat\u0131 \u00e7\u0259r\u00e7iv\u0259sind\u0259 qar\u015f\u0131l\u0131ql\u0131 d\u0259st\u0259yi bu \u0259m\u0259kda\u015fl\u0131\u011f\u0131n m\u00fch\u00fcm faktorlar\u0131ndan biri kimi d\u0259y\u0259rl\u0259ndirib.<\/p>\n<p>Ba\u015f nazir \u00f6lk\u0259l\u0259r aras\u0131nda ticar\u0259t d\u00f6vriyy\u0259sinin 2022-ci ild\u0259 be\u015f d\u0259f\u0259 artd\u0131\u011f\u0131n\u0131 n\u0259z\u0259r\u0259 \u00e7atd\u0131raraq, bu istiqam\u0259td\u0259 s\u0259yl\u0259rin davam etdirilm\u0259sinin vacibliyini vur\u011fulay\u0131b.<\/p>\n<p>T\u0259r\u0259fl\u0259r \u00f6lk\u0259l\u0259r aras\u0131nda v\u0259t\u0259nda\u015flara d\u00f6vl\u0259t xidm\u0259ti sah\u0259sind\u0259 u\u011furlu \u0259m\u0259kda\u015fl\u0131\u011f\u0131n m\u00f6vcudlu\u011funu t\u0259sdiq ed\u0259r\u0259k 2017-ci ild\u0259 Az\u0259rbaycan Prezidenti yan\u0131nda V\u0259t\u0259nda\u015flara Xidm\u0259t v\u0259 Sosial \u0130nnovasiyalar \u00fczr\u0259 D\u00f6vl\u0259t Agentliyi il\u0259 \u0130ndoneziyan\u0131n \u0130nzibati v\u0259 B\u00fcrokratik \u0130slahatlar Nazirliyi aras\u0131nda imzalanan \u0259m\u0259kda\u015fl\u0131q haqq\u0131nda Anla\u015fma Memorandumunun icras\u0131 il\u0259 \u0259laq\u0259dar fikir m\u00fcbadil\u0259si apar\u0131blar.<\/p>\n<p>Qeyd edilib ki, Memorandumun icras\u0131 \u00e7\u0259r\u00e7iv\u0259sind\u0259 \u0130ndoneziyada \u201cASAN xidm\u0259t\u201d modeli \u0259sas\u0131nda D\u00f6vl\u0259t Xidm\u0259tl\u0259ri m\u0259rk\u0259zl\u0259ri f\u0259aliyy\u0259t g\u00f6st\u0259rm\u0259kd\u0259dir. Bundan \u0259lav\u0259, \u0130ndoneziya t\u0259r\u0259finin m\u00fcvafiq sah\u0259 \u00fczr\u0259 f\u0259aliyy\u0259t g\u00f6st\u0259r\u0259n d\u00f6vl\u0259t qulluq\u00e7ular\u0131na \u201cASAN xidm\u0259t\u201d ekspertl\u0259ri t\u0259r\u0259find\u0259n \u00f6lk\u0259mizd\u0259 m\u00fcxt\u0259lif istiqam\u0259tl\u0259r \u00fczr\u0259 m\u00fct\u0259madi olaraq t\u0259liml\u0259r ke\u00e7irilir.<\/p>\n<p>G\u00f6r\u00fc\u015fd\u0259 h\u0259m\u00e7inin iki \u00f6lk\u0259 aras\u0131nda s\u0259rmay\u0259l\u0259rin qoyulu\u015fu, enerji, humanitar v\u0259 bir \u00e7ox dig\u0259r sah\u0259l\u0259rd\u0259 \u0259m\u0259kda\u015fl\u0131\u011f\u0131n geni\u015fl\u0259ndirilm\u0259si perspektivl\u0259ri m\u00fczakir\u0259 olunub.<\/p>\n","protected":false},"excerpt":{"rendered":"<p>Az\u0259rbaycan\u0131n Ba\u015f naziri \u018fli \u018fs\u0259dov \u0130ndoneziyan\u0131n inzibati v\u0259 b\u00fcrokratik islahatlar naziri Abdullah Azvar Anas il\u0259 g\u00f6r\u00fc\u015f\u00fcb. ARANTV.AZ\u00a0 x\u0259b\u0259r verir ki, g\u00f6r\u00fc\u015fd\u0259 Az\u0259rbaycanla \u0130ndoneziya aras\u0131nda qar\u015f\u0131l\u0131ql\u0131 h\u00f6rm\u0259t v\u0259 dostlu\u011fa \u0259saslanan m\u00fcnasib\u0259tl\u0259rin m\u00f6vcud oldu\u011fu vur\u011fulanaraq, \u00f6t\u0259n ilin iki \u00f6lk\u0259 aras\u0131nda diplomatik \u0259laq\u0259l\u0259rin yarad\u0131lmas\u0131n\u0131n 30-cu ild\u00f6n\u00fcm\u00fc il\u0259 \u0259lam\u0259tdar oldu\u011fu qeyd edilib. Siyasi sah\u0259d\u0259 u\u011furlu \u0259m\u0259kda\u015fl\u0131q bar\u0259d\u0259 s\u00f6hb\u0259t a\u00e7an \u018f.\u018fs\u0259dov, beyn\u0259lxalq t\u0259\u015fkilatlar, o c\u00fcml\u0259d\u0259n BMT, Qo\u015fulmama H\u0259r\u0259kat\u0131 v\u0259 \u0130slam \u018fm\u0259kda\u015fl\u0131q T\u0259\u015fkilat\u0131 \u00e7\u0259r\u00e7iv\u0259sind\u0259 qar\u015f\u0131l\u0131ql\u0131 d\u0259st\u0259yi bu \u0259m\u0259kda\u015fl\u0131\u011f\u0131n m\u00fch\u00fcm faktorlar\u0131ndan biri kimi d\u0259y\u0259rl\u0259ndirib. Ba\u015f nazir \u00f6lk\u0259l\u0259r aras\u0131nda ticar\u0259t d\u00f6vriyy\u0259sinin 2022-ci ild\u0259 be\u015f d\u0259f\u0259 artd\u0131\u011f\u0131n\u0131 n\u0259z\u0259r\u0259 \u00e7atd\u0131raraq,&hellip;<\/p>\n","protected":false},"author":2,"featured_media":643532,"comment_status":"closed","ping_status":"closed","sticky":false,"template":"","format":"standard","meta":{"om_disable_all_campaigns":false,"_monsterinsights_skip_tracking":false,"_monsterinsights_sitenote_active":false,"_monsterinsights_sitenote_note":"","_monsterinsights_sitenote_category":0},"categories":[4],"tags":[],"aioseo_notices":[],"gutentor_comment":0,"rttpg_featured_image_url":{"full":["https:\/\/arantv.az\/wp-content\/uploads\/2023\/10\/899017a9-11a8-357f-8e4c-cc61620f1137_850.jpg",620,413,false],"landscape":["https:\/\/arantv.az\/wp-content\/uploads\/2023\/10\/899017a9-11a8-357f-8e4c-cc61620f1137_850.jpg",620,413,false],"portraits":["https:\/\/arantv.az\/wp-content\/uploads\/2023\/10\/899017a9-11a8-357f-8e4c-cc61620f1137_850.jpg",620,413,false],"thumbnail":["https:\/\/arantv.az\/wp-content\/uploads\/2023\/10\/899017a9-11a8-357f-8e4c-cc61620f1137_850-500x280.jpg",500,280,true],"medium":["https:\/\/arantv.az\/wp-content\/uploads\/2023\/10\/899017a9-11a8-357f-8e4c-cc61620f1137_850-548x365.jpg",548,365,true],"large":["https:\/\/arantv.az\/wp-content\/uploads\/2023\/10\/899017a9-11a8-357f-8e4c-cc61620f1137_850.jpg",620,413,false],"1536x1536":["https:\/\/arantv.az\/wp-content\/uploads\/2023\/10\/899017a9-11a8-357f-8e4c-cc61620f1137_850.jpg",620,413,false],"2048x2048":["https:\/\/arantv.az\/wp-content\/uploads\/2023\/10\/899017a9-11a8-357f-8e4c-cc61620f1137_850.jpg",620,413,false],"post-thumbnail":["https:\/\/arantv.az\/wp-content\/uploads\/2023\/10\/899017a9-11a8-357f-8e4c-cc61620f1137_850-240x172.jpg",240,172,true],"advps-thumb-one":["https:\/\/arantv.az\/wp-content\/uploads\/2023\/10\/899017a9-11a8-357f-8e4c-cc61620f1137_850.jpg",620,413,false]},"rttpg_author":{"display_name":"V\u00fcsal Rafiqo\u011flu","author_link":"https:\/\/arantv.az\/?author=2"},"rttpg_comment":0,"rttpg_category":"<a href=\"https:\/\/arantv.az\/?cat=4\" rel=\"category\">Siyas\u0259t<\/a>","rttpg_excerpt":"Az\u0259rbaycan\u0131n Ba\u015f naziri \u018fli \u018fs\u0259dov \u0130ndoneziyan\u0131n inzibati v\u0259 b\u00fcrokratik islahatlar naziri Abdullah Azvar Anas il\u0259 g\u00f6r\u00fc\u015f\u00fcb. ARANTV.AZ\u00a0 x\u0259b\u0259r verir ki, g\u00f6r\u00fc\u015fd\u0259 Az\u0259rbaycanla \u0130ndoneziya aras\u0131nda qar\u015f\u0131l\u0131ql\u0131 h\u00f6rm\u0259t v\u0259 dostlu\u011fa \u0259saslanan m\u00fcnasib\u0259tl\u0259rin m\u00f6vcud oldu\u011fu vur\u011fulanaraq, \u00f6t\u0259n ilin iki \u00f6lk\u0259 aras\u0131nda diplomatik \u0259laq\u0259l\u0259rin yarad\u0131lmas\u0131n\u0131n 30-cu ild\u00f6n\u00fcm\u00fc il\u0259 \u0259lam\u0259tdar oldu\u011fu qeyd edilib. Siyasi sah\u0259d\u0259 u\u011furlu \u0259m\u0259kda\u015fl\u0131q bar\u0259d\u0259 s\u00f6hb\u0259t a\u00e7an&hellip;","_links":{"self":[{"href":"https:\/\/arantv.az\/index.php?rest_route=\/wp\/v2\/posts\/643526"}],"collection":[{"href":"https:\/\/arantv.az\/index.php?rest_route=\/wp\/v2\/posts"}],"about":[{"href":"https:\/\/arantv.az\/index.php?rest_route=\/wp\/v2\/types\/post"}],"author":[{"embeddable":true,"href":"https:\/\/arantv.az\/index.php?rest_route=\/wp\/v2\/users\/2"}],"replies":[{"embeddable":true,"href":"https:\/\/arantv.az\/index.php?rest_route=%2Fwp%2Fv2%2Fcomments&post=643526"}],"version-history":[{"count":0,"href":"https:\/\/arantv.az\/index.php?rest_route=\/wp\/v2\/posts\/643526\/revisions"}],"wp:featuredmedia":[{"embeddable":true,"href":"https:\/\/arantv.az\/index.php?rest_route=\/wp\/v2\/media\/643532"}],"wp:attachment":[{"href":"https:\/\/arantv.az\/index.php?rest_route=%2Fwp%2Fv2%2Fmedia&parent=643526"}],"wp:term":[{"taxonomy":"category","embeddable":true,"href":"https:\/\/arantv.az\/index.php?rest_route=%2Fwp%2Fv2%2Fcategories&post=643526"},{"taxonomy":"post_tag","embeddable":true,"href":"https:\/\/arantv.az\/index.php?rest_route=%2Fwp%2Fv2%2Ftags&post=643526"}],"curies":[{"name":"wp","href":"https:\/\/api.w.org\/{rel}","templated":true}]}}