{"id":643528,"date":"2023-10-10T15:24:11","date_gmt":"2023-10-10T11:24:11","guid":{"rendered":"https:\/\/arantv.az\/?p=643528"},"modified":"2023-10-10T15:24:11","modified_gmt":"2023-10-10T11:24:11","slug":"qosa-d%c9%99fn-alti-min-illik-abid%c9%99l%c9%99r-naftalan-v%c9%99-goranboyda-uz%c9%99-cixan-tarix-foto","status":"publish","type":"post","link":"https:\/\/arantv.az\/?p=643528","title":{"rendered":"Qo\u015fa d\u0259fn, alt\u0131 min illik abid\u0259l\u0259r: Naftalan v\u0259 Goranboyda \u00fcz\u0259 \u00e7\u0131xan tarix &#8211; FOTO"},"content":{"rendered":"<p>AMEA-n\u0131n prezidenti, akademik \u0130sa H\u0259bibb\u0259yli Naftalan \u015f\u0259h\u0259rind\u0259 v\u0259 Goranboy rayonunda Arxeologiya, Etnoqrafiya v\u0259 Antropologiya \u0130nstitutunun arxeoloji ekspedisiyalar\u0131n\u0131n f\u0259aliyy\u0259ti il\u0259 birba\u015fa qaz\u0131nt\u0131 yerl\u0259rind\u0259 tan\u0131\u015f olub.<\/p>\n<p>\u201cReport\u201d x\u0259b\u0259r verir ki, \u0259vv\u0259lc\u0259 Naftalan \u015f\u0259h\u0259rinin Qa\u015falt\u0131 Qaraqoyunlu k\u0259ndi \u0259razisind\u0259 yerl\u0259\u015f\u0259n q\u0259dim Qalaboynu ya\u015fay\u0131\u015f yerin\u0259 bax\u0131\u015f ke\u00e7irilib.<\/p>\n<p>AMEA-n\u0131n prezidenti, akademik \u0130sa H\u0259bibb\u0259yli Naftalan \u015f\u0259h\u0259ri \u0259razisind\u0259 m\u00fcst\u0259qillik ill\u0259rind\u0259 ilk d\u0259f\u0259 f\u0259aliyy\u0259t g\u00f6st\u0259r\u0259n arxeoloji ekspedisiyan\u0131n b\u00f6y\u00fck \u0259h\u0259miyy\u0259t k\u0259sb etdiyini bildirib. M\u00fcz\u0259ff\u0259r Ali Ba\u015f Komandan\u00a0<strong>\u0130lham \u018fliyevin<\/strong>\u00a0bilavasit\u0259 r\u0259hb\u0259rliyi il\u0259 i\u015f\u011faldan azad edilmi\u015f torpaqlar\u0131m\u0131zda da m\u00f6vcud qala v\u0259 tarixi abid\u0259l\u0259rin t\u0259dqiqi, arxeoloji qaz\u0131nt\u0131 i\u015fl\u0259rinin apar\u0131lmas\u0131 \u00fc\u00e7\u00fcn yeni imkanlar a\u00e7\u0131ld\u0131\u011f\u0131n\u0131 vur\u011fulayan akademik \u0130sa H\u0259bibb\u0259yli Qaraba\u011fda apar\u0131lacaq elmi-t\u0259dqiqat i\u015fl\u0259rinin perspektivl\u0259ri v\u0259 bu t\u0259dqiqatlar\u0131n m\u00fch\u00fcm \u0259h\u0259miyy\u0259t\u0259 malik oldu\u011funu, b\u00f6lg\u0259d\u0259 alternativ turizm imkanlar\u0131n\u0131n yarad\u0131lmas\u0131na \u00f6z t\u00f6hf\u0259sini ver\u0259c\u0259yin\u0259 yard\u0131m ed\u0259c\u0259yini diqq\u0259t\u0259 \u00e7atd\u0131r\u0131b.<\/p>\n<p>AMEA Arxeologiya, Etnoqrafiya v\u0259 Antropologiya \u0130nstitutunun ba\u015f direktoru v\u0259zif\u0259sini icra ed\u0259n tarix \u00fczr\u0259 f\u0259ls\u0259f\u0259 doktoru F\u0259rhad Quliyev v\u0259 ekspedisiyan\u0131n r\u0259hb\u0259ri, institutun \u015f\u00f6b\u0259 m\u00fcdiri, tarix \u00fczr\u0259 f\u0259ls\u0259f\u0259 doktoru M\u00fcz\u0259ff\u0259r H\u00fcseynov ekspedisiyan\u0131n f\u0259aliyy\u0259ti d\u00f6vr\u00fcnd\u0259 a\u015fkara \u00e7\u0131xar\u0131lm\u0131\u015f ya\u015fay\u0131\u015f yeri v\u0259 burada tap\u0131lm\u0131\u015f maddi m\u0259d\u0259niyy\u0259t n\u00fcmun\u0259l\u0259ri bar\u0259d\u0259 \u0259trafl\u0131 m\u0259lumat veribl\u0259r. Qeyd olunub ki, ya\u015fay\u0131\u015f yerinin yerl\u0259\u015fdiyi t\u0259p\u0259nin \u00fcmumi sah\u0259si be\u015f hektara yax\u0131n, h\u00fcnd\u00fcrl\u00fcy\u00fc is\u0259 10 metrd\u0259n art\u0131qd\u0131r. Yerli \u0259hali t\u0259r\u0259find\u0259n \u0259razinin \u0259srl\u0259r boyu Qalaboynu adland\u0131r\u0131lmas\u0131, abid\u0259nin qurulu\u015fu v\u0259 a\u015fkar olunan maddi-m\u0259d\u0259niyy\u0259t n\u00fcmun\u0259l\u0259rin\u0259 \u0259sas\u0259n, buran\u0131n qala tipli ya\u015fay\u0131\u015f yeri olmas\u0131 ehtimal\u0131n\u0131 ir\u0259li s\u00fcrm\u0259k olar.<\/p>\n<p>Abid\u0259nin \u00fcst t\u0259b\u0259q\u0259si Orta \u0259srl\u0259r d\u00f6vr\u00fcn\u0259, alt t\u0259b\u0259q\u0259 is\u0259 Tunc d\u00f6vr\u00fcn\u0259 aiddir.<\/p>\n<p>Orta \u0259srl\u0259r d\u00f6vr\u00fcn\u0259 aid m\u0259d\u0259ni t\u0259b\u0259q\u0259d\u0259n qaya da\u015f\u0131ndan v\u0259 q\u0131rm\u0131z\u0131 bi\u015fmi\u015f k\u0259rpicd\u0259n tikili qal\u0131qlar\u0131na, dulus k\u00fcr\u0259sin\u0259, ocaq yerl\u0259rin\u0259, t\u0259ndirl\u0259r\u0259, t\u0259s\u0259rr\u00fcfat quyular\u0131na, \u00fcz\u0259ri \u015firli v\u0259 sad\u0259 \u00fcsulla haz\u0131rlanm\u0131\u015f z\u0259ngin \u015f\u0259xsi istifad\u0259 \u00fc\u00e7\u00fcn m\u0259mulatlara rast g\u0259linib. Tunc d\u00f6vr\u00fcn\u0259 aid t\u0259b\u0259q\u0259d\u0259n \u00e7iy k\u0259rpicd\u0259n in\u015fa olunmu\u015f tikili qal\u0131qlar\u0131 a\u015fkar edilib. Abid\u0259nin yerl\u0259\u015fdiyi \u0259razi t\u0259bii-co\u011frafi bax\u0131mdan \u00e7ox \u0259lveri\u015flidir, h\u0259m\u00e7inin, \u0259t\u0259yind\u0259n vaxtil\u0259 bol sulu \u00e7ay ke\u00e7ib. \u00c7ay yata\u011f\u0131n\u0131n \u0259traf\u0131 Eneolit d\u00f6vr\u00fcnd\u0259n ba\u015flayaraq, orta \u0259srl\u0259r\u0259 q\u0259d\u0259r olan alt\u0131 min illik tarixi \u00f6z\u00fcnd\u0259 \u0259ks etdir\u0259n ya\u015fay\u0131\u015f yerl\u0259ri v\u0259 q\u0259bir abid\u0259l\u0259ri il\u0259 z\u0259ngindir.<\/p>\n<p>Qa\u015falt\u0131 Qaraqoyunlu k\u0259ndi \u0259razisind\u0259 Eneolit, Tunc v\u0259 Orta \u0259srl\u0259r d\u00f6vr\u00fcn\u0259 aid unikal \u00e7oxt\u0259b\u0259q\u0259li ya\u015fay\u0131\u015f yerind\u0259 apar\u0131lan arxeoloji qaz\u0131nt\u0131 i\u015fl\u0259ri il\u0259 tan\u0131\u015fl\u0131q zaman\u0131 qaz\u0131nt\u0131lar n\u0259tic\u0259sind\u0259 a\u015fkar edilmi\u015f eksponatlar da n\u00fcmayi\u015f etdirilib.<\/p>\n<p>Naftalan \u015e\u0259h\u0259r \u0130cra Hakimiyy\u0259tinin ba\u015f\u00e7\u0131s\u0131 V\u00fcqar Novruzov v\u0259 \u201cNaftalan &#8211; sa\u011flaml\u0131q v\u0259 turizmin sinerji m\u0259nb\u0259yi. Beyn\u0259lxalq Turizm M\u0259rk\u0259zinin inki\u015faf strategiyas\u0131\u201d m\u00f6vzusunda ke\u00e7iril\u0259n beyn\u0259lxalq elmi-praktik konfrans\u0131n i\u015ftirak\u00e7\u0131lar\u0131 da tarixi ya\u015fay\u0131\u015f yeri il\u0259 tan\u0131\u015f olublar.<\/p>\n<p>Akademik \u0130sa H\u0259bibb\u0259yli Goranboy rayonunun Muncuqlut\u0259p\u0259 \u0259razisind\u0259 f\u0259aliyy\u0259t g\u00f6st\u0259r\u0259n AMEA-n\u0131n Arxeologiya, Etnoqrafiya v\u0259 Antropologiya \u0130nstitutu t\u0259r\u0259find\u0259n yarad\u0131lm\u0131\u015f ekspedisiyan\u0131n i\u015fi il\u0259 tan\u0131\u015f olub.<\/p>\n<p>\u0130nstitutun ba\u015f direktoru v.i.e. F\u0259rhad Quliyev ekspedisiyan\u0131n f\u0259aliyy\u0259ti bar\u0259d\u0259 \u0259trafl\u0131 m\u0259lumat verib. Ekspedisiyan\u0131n r\u0259hb\u0259ri, institutun \u015f\u00f6b\u0259 m\u00fcdiri, tarix \u00fczr\u0259 f\u0259ls\u0259f\u0259 doktoru M\u00fcz\u0259ff\u0259r H\u00fcseynov v\u0259 qrup \u00fczvl\u0259ri \u0259razid\u0259 apar\u0131lan arxeoloji qaz\u0131nt\u0131 i\u015fl\u0259ri v\u0259 qaz\u0131nt\u0131 zaman\u0131 a\u015fkara \u00e7\u0131xar\u0131lm\u0131\u015f eksponatlar haqq\u0131nda m\u00fclahiz\u0259l\u0259rini bildiribl\u0259r. Qeyd edilib ki, Goranboy rayonunun Tatarl\u0131 k\u0259ndi \u0259razisind\u0259 yerl\u0259\u015f\u0259n nekropolda arxeoloji qaz\u0131nt\u0131 i\u015fl\u0259ri apar\u0131b. Son Tunc &#8211; Erk\u0259n d\u0259mir d\u00f6vr\u00fcn\u0259 aid olan nekropolun \u0259razisi bir hektardan art\u0131qd\u0131r. Abid\u0259 arxeoloq M\u00fcz\u0259ff\u0259r H\u00fcseynov t\u0259r\u0259find\u0259n qeyd\u0259 al\u0131n\u0131b v\u0259 burada ilkin t\u0259dqiqatlardan bu g\u00fcn\u0259 q\u0259d\u0259r fasil\u0259l\u0259rl\u0259 19 q\u0259bir \u00f6yr\u0259nilib. \u018fsas\u0259n, d\u00fczbucaql\u0131 v\u0259 oval formalarda qaz\u0131lm\u0131\u015f q\u0259birl\u0259rd\u0259 skeletl\u0259r sa\u011f v\u0259 sol yan\u0131 \u00fcst\u0259, b\u00fck\u00fcl\u00fc v\u0259 yar\u0131mb\u00fck\u00fcl\u00fc v\u0259ziyy\u0259td\u0259 a\u015fkar edilib.<\/p>\n<p>Nekropolda Xocal\u0131-G\u0259d\u0259b\u0259y m\u0259d\u0259niyy\u0259tin\u0259 aid alt\u0131 q\u0259bir qaz\u0131laraq t\u0259dqiq olunub. Diqq\u0259ti \u00e7\u0259k\u0259n m\u0259qamlardan biri b\u0259zi q\u0259birl\u0259rd\u0259 qo\u015fa d\u0259fnin h\u0259yata ke\u00e7irilm\u0259sidir. T\u0259dqiq edil\u0259n 19 q\u0259bird\u0259n ikisind\u0259 qo\u015fa d\u0259fn h\u0259yata ke\u00e7irilib. Q\u0259birl\u0259rd\u0259n birind\u0259 qad\u0131n v\u0259 ki\u015fi skeleti, dig\u0259rind\u0259 is\u0259 t\u0259xmin\u0259n 40-45 ya\u015flar\u0131nda qad\u0131n v\u0259 14-15 ya\u015flar\u0131nda u\u015faq (qad\u0131n) skeleti a\u015fkar edilib. Ehtimal ki, birinci q\u0259bir ki\u015fi v\u0259 onun xan\u0131m\u0131na, ikinci qo\u015fa d\u0259fn is\u0259 qad\u0131n v\u0259 onun yeniyetm\u0259 q\u0131z\u0131na aid olub. Q\u0259birl\u0259rd\u0259n z\u0259ngin maddi-m\u0259d\u0259niyy\u0259t n\u00fcmun\u0259l\u0259ri &#8211; saxs\u0131 qablar, tunc v\u0259 d\u0259mird\u0259n haz\u0131rlanm\u0131\u015f x\u0259nc\u0259rl\u0259r, b\u0131\u00e7aqlar, m\u00fcxt\u0259lif minerallardan haz\u0131rlanm\u0131\u015f b\u0259z\u0259k \u0259\u015fyalar\u0131 a\u015fkar edilib. Nekropolda skeletl\u0259rin yax\u015f\u0131 v\u0259ziyy\u0259td\u0259 qalmas\u0131 onlar \u00fcz\u0259rind\u0259 antropoloji analizl\u0259rin apar\u0131lmas\u0131n\u0131 asanla\u015fd\u0131r\u0131r. Arxeoloji materiallar\u0131n m\u00fcqayis\u0259li t\u0259hlilin\u0259 \u0259sas\u0259n, q\u0259birl\u0259r e.\u0259. IX-VIII \u0259srl\u0259r\u0259 aid edilir.<\/p>\n<p>T\u0259dbird\u0259 Goranboy Rayon \u0130cra Hakimiyy\u0259ti ba\u015f\u00e7\u0131s\u0131n\u0131n birinci m\u00fcavini Seymur Nazarov v\u0259 rayon idar\u0259 v\u0259 m\u00fc\u0259ssis\u0259l\u0259rinin n\u00fcmay\u0259nd\u0259l\u0259ri d\u0259 i\u015ftirak edibl\u0259r.<\/p>\n<p>AMEA-n\u0131n prezidenti, akademik \u0130sa H\u0259bibb\u0259yli Naftalan \u015f\u0259h\u0259rind\u0259 v\u0259 Goranboy rayonunda apar\u0131lan arxeoloji qaz\u0131nt\u0131 i\u015fl\u0259rinin yeni f\u0259aliyy\u0259t istiqam\u0259tl\u0259ri bar\u0259d\u0259 institut r\u0259hb\u0259rliyin\u0259 m\u00fcvafiq t\u00f6vsiy\u0259 v\u0259 tap\u015f\u0131r\u0131qlar\u0131n\u0131 verib. AMEA r\u0259hb\u0259ri yerl\u0259rd\u0259 f\u0259aliyy\u0259t g\u00f6st\u0259r\u0259n ekspedisiya qruplar\u0131n\u0131n t\u0259rkibind\u0259 arxeoloqlarla yana\u015f\u0131, antropoloq v\u0259 etnoqraflar\u0131n da c\u0259lb edilm\u0259sinin vacibliyini diqq\u0259t\u0259 \u00e7atd\u0131r\u0131b. Builki arxeoloji qaz\u0131nt\u0131lar m\u00f6vs\u00fcm\u00fcn\u00fcn u\u011furlu n\u0259tic\u0259l\u0259rl\u0259 ba\u015fa \u00e7ataca\u011f\u0131na \u0259minliyini ifad\u0259 ed\u0259n akademik \u0130sa H\u0259bibb\u0259yli bu sah\u0259d\u0259 apar\u0131lm\u0131\u015f elmi t\u0259dqiqatlar\u0131n n\u0259tic\u0259l\u0259rinin \u00f6yr\u0259nilm\u0259si v\u0259 ilin sonunda arxeoloji qaz\u0131nt\u0131 m\u00f6vs\u00fcm\u00fcn\u00fcn yekun hesabat iclas\u0131n\u0131n ke\u00e7irilm\u0259si istiqam\u0259tind\u0259, h\u0259m\u00e7inin, yeni tap\u0131lm\u0131\u015f maddi m\u0259d\u0259niyy\u0259t n\u00fcmun\u0259l\u0259rinin s\u0259rgisinin t\u0259\u015fkil edil\u0259c\u0259yi il\u0259 ba\u011fl\u0131 AMEA-n\u0131n Arxeologiya, Etnoqrafiya v\u0259 Antropologiya \u0130nstitutunun r\u0259hb\u0259rliyin\u0259 m\u00fcvafiq tap\u015f\u0131r\u0131qlar\u0131n\u0131 bildirib.<\/p>\n<p>&nbsp;<\/p>\n<div class=\"gallery\">\n<div class=\"gallery-i\"><img src=\"https:\/\/cdn.oxu.az\/uploads\/W1siZiIsIjIwMjMvMTAvMTAvMTMvMTkvNDkvNjg3Y2NiZTctZjRkNy00ZGM4LWE0MTctODMxMTU0Y2UxMTUxLzU4YmU3MzJjLTIwM2EtMzJhZC1iNWVjLWUzMTFlYzJlMjZlMi5qcGciXSxbInAiLCJlbmNvZGUiLCJqcGciLCItcXVhbGl0eSA4MCJdLFsicCIsInRodW1iIiwiNTkweDU5MFx1MDAzZSJdXQ?sha=1be41a24c267c964\" alt=\"\" \/><\/p>\n<div class=\"gallery-i-caption\"><\/div>\n<\/div>\n<div class=\"gallery-i\"><img src=\"https:\/\/cdn.oxu.az\/uploads\/W1siZiIsIjIwMjMvMTAvMTAvMTMvMTkvNDkvMjUzZWQ2NDMtYWU0YS00Yzc2LTllOTItOTZiOWE5ZjI4Yjg4LzMzN2VhMzRhLWMwMTEtMzhlMC1hYjBjLWJhNTEyMWRiYmViMi5qcGciXSxbInAiLCJlbmNvZGUiLCJqcGciLCItcXVhbGl0eSA4MCJdLFsicCIsInRodW1iIiwiNTkweDU5MFx1MDAzZSJdXQ?sha=e4b4e27e4f745746\" alt=\"\" \/><\/div>\n<\/div>\n","protected":false},"excerpt":{"rendered":"<p>AMEA-n\u0131n prezidenti, akademik \u0130sa H\u0259bibb\u0259yli Naftalan \u015f\u0259h\u0259rind\u0259 v\u0259 Goranboy rayonunda Arxeologiya, Etnoqrafiya v\u0259 Antropologiya \u0130nstitutunun arxeoloji ekspedisiyalar\u0131n\u0131n f\u0259aliyy\u0259ti il\u0259 birba\u015fa qaz\u0131nt\u0131 yerl\u0259rind\u0259 tan\u0131\u015f olub. \u201cReport\u201d x\u0259b\u0259r verir ki, \u0259vv\u0259lc\u0259 Naftalan \u015f\u0259h\u0259rinin Qa\u015falt\u0131 Qaraqoyunlu k\u0259ndi \u0259razisind\u0259 yerl\u0259\u015f\u0259n q\u0259dim Qalaboynu ya\u015fay\u0131\u015f yerin\u0259 bax\u0131\u015f ke\u00e7irilib. AMEA-n\u0131n prezidenti, akademik \u0130sa H\u0259bibb\u0259yli Naftalan \u015f\u0259h\u0259ri \u0259razisind\u0259 m\u00fcst\u0259qillik ill\u0259rind\u0259 ilk d\u0259f\u0259 f\u0259aliyy\u0259t g\u00f6st\u0259r\u0259n arxeoloji ekspedisiyan\u0131n b\u00f6y\u00fck \u0259h\u0259miyy\u0259t k\u0259sb etdiyini bildirib. M\u00fcz\u0259ff\u0259r Ali Ba\u015f Komandan\u00a0\u0130lham \u018fliyevin\u00a0bilavasit\u0259 r\u0259hb\u0259rliyi il\u0259 i\u015f\u011faldan azad edilmi\u015f torpaqlar\u0131m\u0131zda da m\u00f6vcud qala v\u0259 tarixi abid\u0259l\u0259rin t\u0259dqiqi, arxeoloji qaz\u0131nt\u0131 i\u015fl\u0259rinin apar\u0131lmas\u0131 \u00fc\u00e7\u00fcn yeni imkanlar a\u00e7\u0131ld\u0131\u011f\u0131n\u0131 vur\u011fulayan&hellip;<\/p>\n","protected":false},"author":2,"featured_media":643529,"comment_status":"closed","ping_status":"closed","sticky":false,"template":"","format":"standard","meta":{"om_disable_all_campaigns":false,"_monsterinsights_skip_tracking":false,"_monsterinsights_sitenote_active":false,"_monsterinsights_sitenote_note":"","_monsterinsights_sitenote_category":0},"categories":[4],"tags":[],"aioseo_notices":[],"gutentor_comment":0,"rttpg_featured_image_url":{"full":["https:\/\/arantv.az\/wp-content\/uploads\/2023\/10\/cccbc0a3-4630-3af8-bc7f-1af3a9b108b6_850.jpg",620,413,false],"landscape":["https:\/\/arantv.az\/wp-content\/uploads\/2023\/10\/cccbc0a3-4630-3af8-bc7f-1af3a9b108b6_850.jpg",620,413,false],"portraits":["https:\/\/arantv.az\/wp-content\/uploads\/2023\/10\/cccbc0a3-4630-3af8-bc7f-1af3a9b108b6_850.jpg",620,413,false],"thumbnail":["https:\/\/arantv.az\/wp-content\/uploads\/2023\/10\/cccbc0a3-4630-3af8-bc7f-1af3a9b108b6_850-500x280.jpg",500,280,true],"medium":["https:\/\/arantv.az\/wp-content\/uploads\/2023\/10\/cccbc0a3-4630-3af8-bc7f-1af3a9b108b6_850-548x365.jpg",548,365,true],"large":["https:\/\/arantv.az\/wp-content\/uploads\/2023\/10\/cccbc0a3-4630-3af8-bc7f-1af3a9b108b6_850.jpg",620,413,false],"1536x1536":["https:\/\/arantv.az\/wp-content\/uploads\/2023\/10\/cccbc0a3-4630-3af8-bc7f-1af3a9b108b6_850.jpg",620,413,false],"2048x2048":["https:\/\/arantv.az\/wp-content\/uploads\/2023\/10\/cccbc0a3-4630-3af8-bc7f-1af3a9b108b6_850.jpg",620,413,false],"post-thumbnail":["https:\/\/arantv.az\/wp-content\/uploads\/2023\/10\/cccbc0a3-4630-3af8-bc7f-1af3a9b108b6_850-240x172.jpg",240,172,true],"advps-thumb-one":["https:\/\/arantv.az\/wp-content\/uploads\/2023\/10\/cccbc0a3-4630-3af8-bc7f-1af3a9b108b6_850.jpg",620,413,false]},"rttpg_author":{"display_name":"V\u00fcsal Rafiqo\u011flu","author_link":"https:\/\/arantv.az\/?author=2"},"rttpg_comment":0,"rttpg_category":"<a href=\"https:\/\/arantv.az\/?cat=4\" rel=\"category\">Siyas\u0259t<\/a>","rttpg_excerpt":"AMEA-n\u0131n prezidenti, akademik \u0130sa H\u0259bibb\u0259yli Naftalan \u015f\u0259h\u0259rind\u0259 v\u0259 Goranboy rayonunda Arxeologiya, Etnoqrafiya v\u0259 Antropologiya \u0130nstitutunun arxeoloji ekspedisiyalar\u0131n\u0131n f\u0259aliyy\u0259ti il\u0259 birba\u015fa qaz\u0131nt\u0131 yerl\u0259rind\u0259 tan\u0131\u015f olub. \u201cReport\u201d x\u0259b\u0259r verir ki, \u0259vv\u0259lc\u0259 Naftalan \u015f\u0259h\u0259rinin Qa\u015falt\u0131 Qaraqoyunlu k\u0259ndi \u0259razisind\u0259 yerl\u0259\u015f\u0259n q\u0259dim Qalaboynu ya\u015fay\u0131\u015f yerin\u0259 bax\u0131\u015f ke\u00e7irilib. AMEA-n\u0131n prezidenti, akademik \u0130sa H\u0259bibb\u0259yli Naftalan \u015f\u0259h\u0259ri \u0259razisind\u0259 m\u00fcst\u0259qillik ill\u0259rind\u0259 ilk d\u0259f\u0259 f\u0259aliyy\u0259t&hellip;","_links":{"self":[{"href":"https:\/\/arantv.az\/index.php?rest_route=\/wp\/v2\/posts\/643528"}],"collection":[{"href":"https:\/\/arantv.az\/index.php?rest_route=\/wp\/v2\/posts"}],"about":[{"href":"https:\/\/arantv.az\/index.php?rest_route=\/wp\/v2\/types\/post"}],"author":[{"embeddable":true,"href":"https:\/\/arantv.az\/index.php?rest_route=\/wp\/v2\/users\/2"}],"replies":[{"embeddable":true,"href":"https:\/\/arantv.az\/index.php?rest_route=%2Fwp%2Fv2%2Fcomments&post=643528"}],"version-history":[{"count":0,"href":"https:\/\/arantv.az\/index.php?rest_route=\/wp\/v2\/posts\/643528\/revisions"}],"wp:featuredmedia":[{"embeddable":true,"href":"https:\/\/arantv.az\/index.php?rest_route=\/wp\/v2\/media\/643529"}],"wp:attachment":[{"href":"https:\/\/arantv.az\/index.php?rest_route=%2Fwp%2Fv2%2Fmedia&parent=643528"}],"wp:term":[{"taxonomy":"category","embeddable":true,"href":"https:\/\/arantv.az\/index.php?rest_route=%2Fwp%2Fv2%2Fcategories&post=643528"},{"taxonomy":"post_tag","embeddable":true,"href":"https:\/\/arantv.az\/index.php?rest_route=%2Fwp%2Fv2%2Ftags&post=643528"}],"curies":[{"name":"wp","href":"https:\/\/api.w.org\/{rel}","templated":true}]}}