{"id":643538,"date":"2023-10-10T15:32:10","date_gmt":"2023-10-10T11:32:10","guid":{"rendered":"https:\/\/arantv.az\/?p=643538"},"modified":"2023-10-10T15:32:10","modified_gmt":"2023-10-10T11:32:10","slug":"noyabrin-1-d%c9%99n-m%c9%99nzill%c9%99r%c9%99-istilik-veril%c9%99c%c9%99k-r%c9%99smi","status":"publish","type":"post","link":"https:\/\/arantv.az\/?p=643538","title":{"rendered":"Noyabr\u0131n 1-d\u0259n m\u0259nzill\u0259r\u0259 istilik veril\u0259c\u0259k? &#8211; R\u018fSM\u0130"},"content":{"rendered":"<p><strong>Bir ne\u00e7\u0259 g\u00fcnd\u00fcr Az\u0259rbaycanda hava \u015f\u0259raiti k\u0259skin d\u0259yi\u015fib. Milli Hidrometeorologiya Xidm\u0259tind\u0259n veril\u0259n m\u0259lumata g\u00f6r\u0259, Az\u0259rbaycan\u0131n rayonlar\u0131nda b\u0259zi yerl\u0259rd\u0259 arabir ya\u011f\u0131\u015f ya\u011faca\u011f, ayr\u0131-ayr\u0131 yerl\u0259rd\u0259 leysan xarakterli intensiv olaca\u011f\u0131, \u015fim\u015f\u0259k \u00e7axaca\u011f\u0131, da\u011fl\u0131q \u0259razil\u0259rd\u0259 qar ya\u011faca\u011f\u0131 ehtimal\u0131 var.<\/strong><\/p>\n<p>Havalar\u0131n soyumas\u0131 il\u0259 \u0259laq\u0259dar istilik sisteml\u0259rinin vaxt\u0131ndan \u0259vv\u0259l q\u0131\u015f rejimin\u0259 ke\u00e7irilm\u0259si il\u0259 \u0259laq\u0259dar<strong>\u00a0<a href=\"https:\/\/publika.az\/\" target=\"_blank\" rel=\"noopener\">Publika.az<\/a>&#8211;<\/strong>a \u201cAz\u0259ristilikt\u0259chizat\u201d ASC-y\u0259 sor\u011fu \u00fcnvanlay\u0131b. Bildirildi ki, qurumun f\u0259aliyy\u0259tinin t\u0259nziml\u0259nm\u0259si il\u0259 ba\u011fl\u0131 bir s\u0131ra normativ h\u00fcquqi aktlar q\u0259bul edilib:<\/p>\n<p>&#8220;Bel\u0259 ki, Az\u0259rbaycan Respublikas\u0131n\u0131n Nazirl\u0259r Kabinetinin 303 N-li 5 sentyabr 2023-c\u00fc il tarixli \u0130stilik Enerjisind\u0259n \u0130stifad\u0259 Qaydalar\u0131 t\u0259sdiq edilib ki, bu da m\u00fcst\u0259qil Az\u0259rbaycanda bu f\u0259aliyy\u0259ti t\u0259nziml\u0259y\u0259n ilk r\u0259smi s\u0259n\u0259ddir.<\/p>\n<p>\u0130stilik Enerjisind\u0259n \u0130stifad\u0259 Qaydalar\u0131 istilik enerjisind\u0259n istifad\u0259 sah\u0259sind\u0259 enerji t\u0259chizat\u0131 m\u00fc\u0259ssis\u0259si il\u0259 istehlak\u00e7\u0131 aras\u0131nda yarana bil\u0259c\u0259k b\u00fct\u00fcn n\u00fcanslar\u0131t\u0259nziml\u0259m\u0259k \u00fc\u00e7\u00fcn n\u0259z\u0259rd\u0259 tutulur. M\u0259hz h\u0259min qaydalara \u0259sas\u0259n, \u00f6lk\u0259 \u0259razisind\u0259 rayonlar \u00fczr\u0259 istilik m\u00f6vs\u00fcm\u00fcn\u00fcn ba\u015flamas\u0131 v\u0259 bitm\u0259si m\u00fcdd\u0259ti m\u00fc\u0259yy\u0259n edilir. Bel\u0259 ki, t\u0259sdiq edilmi\u015f qaydalara \u0259sas\u0259n, \u00f6lk\u0259nin da\u011f rayonlar\u0131nda &#8211; Da\u015fk\u0259s\u0259n, G\u0259d\u0259b\u0259y, Xa\u00e7maz, K\u0259lb\u0259c\u0259r, Q\u0259b\u0259l\u0259, Quba, Qusar, La\u00e7\u0131n, Lerik, \u015eamax\u0131, Siy\u0259z\u0259n, \u015eabran, \u015eu\u015fa, Yard\u0131ml\u0131da istilik m\u00f6vs\u00fcm\u00fc noyabr\u0131n 1-d\u0259 ba\u015flay\u0131r v\u0259 may\u0131n 1-d\u0259 ba\u015fa \u00e7at\u0131r.<\/p>\n<p>Bildirm\u0259k ist\u0259rdik ki, \u201cAz\u0259ristilikt\u0259chizat\u201d ASC-nin f\u0259aliyy\u0259tinin s\u0259m\u0259r\u0259liliyinin art\u0131r\u0131lmas\u0131, g\u0259lir v\u0259 x\u0259rcl\u0259rinin optimalla\u015fd\u0131r\u0131lmas\u0131, istilik v\u0259 isti su t\u0259chizat\u0131 xidm\u0259tl\u0259rinin say\u011facla\u015fd\u0131r\u0131lmas\u0131, istilik t\u0259chizat\u0131 sisteml\u0259rinin b\u0259rpas\u0131 v\u0259 dayan\u0131ql\u0131 istilikl\u0259 istilikl\u0259 t\u0259min edilm\u0259si il\u0259 ba\u011fl\u0131 Az\u0259rbaycan Respublikas\u0131 Nazirl\u0259r Kabinetinin s\u0259r\u0259ncam\u0131 il\u0259 t\u0259sdiq edilmi\u015f T\u0259dbirl\u0259r Plan\u0131na \u0259sas\u0259n, Energetika Nazirliyi, Ekologiya v\u0259 T\u0259bii S\u0259rv\u0259tl\u0259r Nazirliyi, D\u00f6vl\u0259t \u015e\u0259h\u0259rsalma v\u0259 Arxitektura Komit\u0259si, \u0130qtisadiyyat Nazirliyi v\u0259 \u201cAz\u0259ristilikt\u0259chizat\u201d ASC-\u0259 Az\u0259rbaycan Respublikas\u0131n\u0131n iqlim x\u00fcsusiyy\u0259tl\u0259ri n\u0259z\u0259r\u0259 al\u0131nmaqla istilik m\u00f6vs\u00fcm\u00fcn\u00fcn ba\u015flamas\u0131 v\u0259 bitm\u0259si il\u0259 ba\u011fl\u0131 t\u0259klifl\u0259rin haz\u0131rlanmas\u0131na dair tap\u015f\u0131r\u0131qlar verib v\u0259 haz\u0131rda qeyd olunan qurumlar t\u0259r\u0259find\u0259n i\u015fl\u0259r apar\u0131l\u0131r\u201d.<\/p>\n","protected":false},"excerpt":{"rendered":"<p>Bir ne\u00e7\u0259 g\u00fcnd\u00fcr Az\u0259rbaycanda hava \u015f\u0259raiti k\u0259skin d\u0259yi\u015fib. Milli Hidrometeorologiya Xidm\u0259tind\u0259n veril\u0259n m\u0259lumata g\u00f6r\u0259, Az\u0259rbaycan\u0131n rayonlar\u0131nda b\u0259zi yerl\u0259rd\u0259 arabir ya\u011f\u0131\u015f ya\u011faca\u011f, ayr\u0131-ayr\u0131 yerl\u0259rd\u0259 leysan xarakterli intensiv olaca\u011f\u0131, \u015fim\u015f\u0259k \u00e7axaca\u011f\u0131, da\u011fl\u0131q \u0259razil\u0259rd\u0259 qar ya\u011faca\u011f\u0131 ehtimal\u0131 var. Havalar\u0131n soyumas\u0131 il\u0259 \u0259laq\u0259dar istilik sisteml\u0259rinin vaxt\u0131ndan \u0259vv\u0259l q\u0131\u015f rejimin\u0259 ke\u00e7irilm\u0259si il\u0259 \u0259laq\u0259dar\u00a0Publika.az&#8211;a \u201cAz\u0259ristilikt\u0259chizat\u201d ASC-y\u0259 sor\u011fu \u00fcnvanlay\u0131b. Bildirildi ki, qurumun f\u0259aliyy\u0259tinin t\u0259nziml\u0259nm\u0259si il\u0259 ba\u011fl\u0131 bir s\u0131ra normativ h\u00fcquqi aktlar q\u0259bul edilib: &#8220;Bel\u0259 ki, Az\u0259rbaycan Respublikas\u0131n\u0131n Nazirl\u0259r Kabinetinin 303 N-li 5 sentyabr 2023-c\u00fc il tarixli \u0130stilik Enerjisind\u0259n \u0130stifad\u0259 Qaydalar\u0131 t\u0259sdiq edilib ki, bu da m\u00fcst\u0259qil Az\u0259rbaycanda&hellip;<\/p>\n","protected":false},"author":2,"featured_media":643539,"comment_status":"closed","ping_status":"closed","sticky":false,"template":"","format":"standard","meta":{"om_disable_all_campaigns":false,"_monsterinsights_skip_tracking":false,"_monsterinsights_sitenote_active":false,"_monsterinsights_sitenote_note":"","_monsterinsights_sitenote_category":0},"categories":[1],"tags":[],"aioseo_notices":[],"gutentor_comment":0,"rttpg_featured_image_url":{"full":["https:\/\/arantv.az\/wp-content\/uploads\/2023\/10\/1482458_1.jpg",734,488,false],"landscape":["https:\/\/arantv.az\/wp-content\/uploads\/2023\/10\/1482458_1.jpg",734,488,false],"portraits":["https:\/\/arantv.az\/wp-content\/uploads\/2023\/10\/1482458_1.jpg",734,488,false],"thumbnail":["https:\/\/arantv.az\/wp-content\/uploads\/2023\/10\/1482458_1-500x280.jpg",500,280,true],"medium":["https:\/\/arantv.az\/wp-content\/uploads\/2023\/10\/1482458_1-549x365.jpg",549,365,true],"large":["https:\/\/arantv.az\/wp-content\/uploads\/2023\/10\/1482458_1.jpg",640,426,false],"1536x1536":["https:\/\/arantv.az\/wp-content\/uploads\/2023\/10\/1482458_1.jpg",734,488,false],"2048x2048":["https:\/\/arantv.az\/wp-content\/uploads\/2023\/10\/1482458_1.jpg",734,488,false],"post-thumbnail":["https:\/\/arantv.az\/wp-content\/uploads\/2023\/10\/1482458_1-240x172.jpg",240,172,true],"advps-thumb-one":["https:\/\/arantv.az\/wp-content\/uploads\/2023\/10\/1482458_1.jpg",734,488,false]},"rttpg_author":{"display_name":"V\u00fcsal Rafiqo\u011flu","author_link":"https:\/\/arantv.az\/?author=2"},"rttpg_comment":0,"rttpg_category":"<a href=\"https:\/\/arantv.az\/?cat=1\" rel=\"category\">C\u0259miyy\u0259t<\/a>","rttpg_excerpt":"Bir ne\u00e7\u0259 g\u00fcnd\u00fcr Az\u0259rbaycanda hava \u015f\u0259raiti k\u0259skin d\u0259yi\u015fib. Milli Hidrometeorologiya Xidm\u0259tind\u0259n veril\u0259n m\u0259lumata g\u00f6r\u0259, Az\u0259rbaycan\u0131n rayonlar\u0131nda b\u0259zi yerl\u0259rd\u0259 arabir ya\u011f\u0131\u015f ya\u011faca\u011f, ayr\u0131-ayr\u0131 yerl\u0259rd\u0259 leysan xarakterli intensiv olaca\u011f\u0131, \u015fim\u015f\u0259k \u00e7axaca\u011f\u0131, da\u011fl\u0131q \u0259razil\u0259rd\u0259 qar ya\u011faca\u011f\u0131 ehtimal\u0131 var. Havalar\u0131n soyumas\u0131 il\u0259 \u0259laq\u0259dar istilik sisteml\u0259rinin vaxt\u0131ndan \u0259vv\u0259l q\u0131\u015f rejimin\u0259 ke\u00e7irilm\u0259si il\u0259 \u0259laq\u0259dar\u00a0Publika.az&#8211;a \u201cAz\u0259ristilikt\u0259chizat\u201d ASC-y\u0259 sor\u011fu \u00fcnvanlay\u0131b. Bildirildi ki, qurumun&hellip;","_links":{"self":[{"href":"https:\/\/arantv.az\/index.php?rest_route=\/wp\/v2\/posts\/643538"}],"collection":[{"href":"https:\/\/arantv.az\/index.php?rest_route=\/wp\/v2\/posts"}],"about":[{"href":"https:\/\/arantv.az\/index.php?rest_route=\/wp\/v2\/types\/post"}],"author":[{"embeddable":true,"href":"https:\/\/arantv.az\/index.php?rest_route=\/wp\/v2\/users\/2"}],"replies":[{"embeddable":true,"href":"https:\/\/arantv.az\/index.php?rest_route=%2Fwp%2Fv2%2Fcomments&post=643538"}],"version-history":[{"count":0,"href":"https:\/\/arantv.az\/index.php?rest_route=\/wp\/v2\/posts\/643538\/revisions"}],"wp:featuredmedia":[{"embeddable":true,"href":"https:\/\/arantv.az\/index.php?rest_route=\/wp\/v2\/media\/643539"}],"wp:attachment":[{"href":"https:\/\/arantv.az\/index.php?rest_route=%2Fwp%2Fv2%2Fmedia&parent=643538"}],"wp:term":[{"taxonomy":"category","embeddable":true,"href":"https:\/\/arantv.az\/index.php?rest_route=%2Fwp%2Fv2%2Fcategories&post=643538"},{"taxonomy":"post_tag","embeddable":true,"href":"https:\/\/arantv.az\/index.php?rest_route=%2Fwp%2Fv2%2Ftags&post=643538"}],"curies":[{"name":"wp","href":"https:\/\/api.w.org\/{rel}","templated":true}]}}