{"id":643541,"date":"2023-10-10T15:39:43","date_gmt":"2023-10-10T11:39:43","guid":{"rendered":"https:\/\/arantv.az\/?p=643541"},"modified":"2023-10-10T15:39:43","modified_gmt":"2023-10-10T11:39:43","slug":"prezident-ilham-%c9%99liyev-az%c9%99rbaycan-i%c9%99t-%c9%99-uzv-dovl%c9%99tl%c9%99rl%c9%99-munasib%c9%99tl%c9%99rin%c9%99-xususi-%c9%99h%c9%99miyy%c9%99t-verir","status":"publish","type":"post","link":"https:\/\/arantv.az\/?p=643541","title":{"rendered":"Prezident \u0130lham \u018fliyev: \u201cAz\u0259rbaycan \u0130\u018fT-\u0259 \u00fczv d\u00f6vl\u0259tl\u0259rl\u0259 m\u00fcnasib\u0259tl\u0259rin\u0259 x\u00fcsusi \u0259h\u0259miyy\u0259t verir\u201d"},"content":{"rendered":"<p>\u201cAz\u0259rbaycan \u0130qtisadi \u018fm\u0259kda\u015fl\u0131q T\u0259\u015fkilat\u0131n\u0131n (\u0130\u018fT) f\u0259al \u00fczv\u00fcd\u00fcr v\u0259 t\u0259\u015fkilata \u00fczv olan d\u00f6vl\u0259tl\u0259rl\u0259 m\u00fcnasib\u0259tl\u0259rin\u0259 x\u00fcsusi \u0259h\u0259miyy\u0259t verir. \u0130\u018fT regionumuzun n\u0259h\u0259ng iqtisadi potensial\u0131ndan daha s\u0259m\u0259r\u0259li istifad\u0259, region \u00f6lk\u0259l\u0259ri aras\u0131nda iqtisadiyyat v\u0259 ticar\u0259t sah\u0259sind\u0259 \u0259laq\u0259l\u0259rin inki\u015faf etdirilm\u0259si bax\u0131m\u0131ndan \u0259lveri\u015fli imkanlara malikdir\u201d.<\/p>\n<p><a href=\"https:\/\/azertag.az\/xeber\/prezident_ilham_eliyev_azerbaycan_iet_e_uzv_dovletlerle_munasibetlerine_xususi_ehemiyyet_verir-2781586\" target=\"_blank\" rel=\"noopener\">AZ\u018fRTAC<\/a>\u00a0x\u0259b\u0259r verir ki, bu fikirl\u0259r Prezident<strong>\u00a0\u0130lham \u018fliyevin<\/strong>\u00a0\u015eu\u015fada ke\u00e7iril\u0259n \u0130qtisadi \u018fm\u0259kda\u015fl\u0131q T\u0259\u015fkilat\u0131n\u0131n Nazirl\u0259r \u015euras\u0131n\u0131n 27-ci iclas\u0131n\u0131n i\u015ftirak\u00e7\u0131lar\u0131na \u00fcnvanlad\u0131\u011f\u0131 m\u00fcraci\u0259td\u0259 yer al\u0131b.<\/p>\n<p>Az\u0259rbaycan\u0131n t\u0259\u015fkilat \u00e7\u0259r\u00e7iv\u0259sind\u0259 \u0259m\u0259kda\u015fl\u0131\u011f\u0131n b\u00fct\u00fcn sah\u0259l\u0259rd\u0259 geni\u015fl\u0259nm\u0259sinin t\u0259r\u0259fdar\u0131 oldu\u011funu diqq\u0259t\u0259 \u00e7atd\u0131ran d\u00f6vl\u0259timizin ba\u015f\u00e7\u0131s\u0131 \u015eu\u015fa \u015f\u0259h\u0259rinin 2026-c\u0131 il \u00fc\u00e7\u00fcn \u0130\u018fT-in turizm paytaxt\u0131 elan edilm\u0259sin\u0259 g\u00f6r\u0259 t\u0259\u015f\u0259kk\u00fcr\u00fcn\u00fc bildirib.<\/p>\n","protected":false},"excerpt":{"rendered":"<p>\u201cAz\u0259rbaycan \u0130qtisadi \u018fm\u0259kda\u015fl\u0131q T\u0259\u015fkilat\u0131n\u0131n (\u0130\u018fT) f\u0259al \u00fczv\u00fcd\u00fcr v\u0259 t\u0259\u015fkilata \u00fczv olan d\u00f6vl\u0259tl\u0259rl\u0259 m\u00fcnasib\u0259tl\u0259rin\u0259 x\u00fcsusi \u0259h\u0259miyy\u0259t verir. \u0130\u018fT regionumuzun n\u0259h\u0259ng iqtisadi potensial\u0131ndan daha s\u0259m\u0259r\u0259li istifad\u0259, region \u00f6lk\u0259l\u0259ri aras\u0131nda iqtisadiyyat v\u0259 ticar\u0259t sah\u0259sind\u0259 \u0259laq\u0259l\u0259rin inki\u015faf etdirilm\u0259si bax\u0131m\u0131ndan \u0259lveri\u015fli imkanlara malikdir\u201d. AZ\u018fRTAC\u00a0x\u0259b\u0259r verir ki, bu fikirl\u0259r Prezident\u00a0\u0130lham \u018fliyevin\u00a0\u015eu\u015fada ke\u00e7iril\u0259n \u0130qtisadi \u018fm\u0259kda\u015fl\u0131q T\u0259\u015fkilat\u0131n\u0131n Nazirl\u0259r \u015euras\u0131n\u0131n 27-ci iclas\u0131n\u0131n i\u015ftirak\u00e7\u0131lar\u0131na \u00fcnvanlad\u0131\u011f\u0131 m\u00fcraci\u0259td\u0259 yer al\u0131b. Az\u0259rbaycan\u0131n t\u0259\u015fkilat \u00e7\u0259r\u00e7iv\u0259sind\u0259 \u0259m\u0259kda\u015fl\u0131\u011f\u0131n b\u00fct\u00fcn sah\u0259l\u0259rd\u0259 geni\u015fl\u0259nm\u0259sinin t\u0259r\u0259fdar\u0131 oldu\u011funu diqq\u0259t\u0259 \u00e7atd\u0131ran d\u00f6vl\u0259timizin ba\u015f\u00e7\u0131s\u0131 \u015eu\u015fa \u015f\u0259h\u0259rinin 2026-c\u0131 il \u00fc\u00e7\u00fcn \u0130\u018fT-in turizm paytaxt\u0131 elan edilm\u0259sin\u0259 g\u00f6r\u0259 t\u0259\u015f\u0259kk\u00fcr\u00fcn\u00fc bildirib.<\/p>\n","protected":false},"author":2,"featured_media":643543,"comment_status":"closed","ping_status":"closed","sticky":false,"template":"","format":"standard","meta":{"om_disable_all_campaigns":false,"_monsterinsights_skip_tracking":false,"_monsterinsights_sitenote_active":false,"_monsterinsights_sitenote_note":"","_monsterinsights_sitenote_category":0},"categories":[4],"tags":[],"aioseo_notices":[],"gutentor_comment":0,"rttpg_featured_image_url":{"full":["https:\/\/arantv.az\/wp-content\/uploads\/2023\/10\/15982589221669462093_1000x669-1.jpg",620,413,false],"landscape":["https:\/\/arantv.az\/wp-content\/uploads\/2023\/10\/15982589221669462093_1000x669-1.jpg",620,413,false],"portraits":["https:\/\/arantv.az\/wp-content\/uploads\/2023\/10\/15982589221669462093_1000x669-1.jpg",620,413,false],"thumbnail":["https:\/\/arantv.az\/wp-content\/uploads\/2023\/10\/15982589221669462093_1000x669-1-500x280.jpg",500,280,true],"medium":["https:\/\/arantv.az\/wp-content\/uploads\/2023\/10\/15982589221669462093_1000x669-1-548x365.jpg",548,365,true],"large":["https:\/\/arantv.az\/wp-content\/uploads\/2023\/10\/15982589221669462093_1000x669-1.jpg",620,413,false],"1536x1536":["https:\/\/arantv.az\/wp-content\/uploads\/2023\/10\/15982589221669462093_1000x669-1.jpg",620,413,false],"2048x2048":["https:\/\/arantv.az\/wp-content\/uploads\/2023\/10\/15982589221669462093_1000x669-1.jpg",620,413,false],"post-thumbnail":["https:\/\/arantv.az\/wp-content\/uploads\/2023\/10\/15982589221669462093_1000x669-1-240x172.jpg",240,172,true],"advps-thumb-one":["https:\/\/arantv.az\/wp-content\/uploads\/2023\/10\/15982589221669462093_1000x669-1.jpg",620,413,false]},"rttpg_author":{"display_name":"V\u00fcsal Rafiqo\u011flu","author_link":"https:\/\/arantv.az\/?author=2"},"rttpg_comment":0,"rttpg_category":"<a href=\"https:\/\/arantv.az\/?cat=4\" rel=\"category\">Siyas\u0259t<\/a>","rttpg_excerpt":"\u201cAz\u0259rbaycan \u0130qtisadi \u018fm\u0259kda\u015fl\u0131q T\u0259\u015fkilat\u0131n\u0131n (\u0130\u018fT) f\u0259al \u00fczv\u00fcd\u00fcr v\u0259 t\u0259\u015fkilata \u00fczv olan d\u00f6vl\u0259tl\u0259rl\u0259 m\u00fcnasib\u0259tl\u0259rin\u0259 x\u00fcsusi \u0259h\u0259miyy\u0259t verir. \u0130\u018fT regionumuzun n\u0259h\u0259ng iqtisadi potensial\u0131ndan daha s\u0259m\u0259r\u0259li istifad\u0259, region \u00f6lk\u0259l\u0259ri aras\u0131nda iqtisadiyyat v\u0259 ticar\u0259t sah\u0259sind\u0259 \u0259laq\u0259l\u0259rin inki\u015faf etdirilm\u0259si bax\u0131m\u0131ndan \u0259lveri\u015fli imkanlara malikdir\u201d. AZ\u018fRTAC\u00a0x\u0259b\u0259r verir ki, bu fikirl\u0259r Prezident\u00a0\u0130lham \u018fliyevin\u00a0\u015eu\u015fada ke\u00e7iril\u0259n \u0130qtisadi \u018fm\u0259kda\u015fl\u0131q T\u0259\u015fkilat\u0131n\u0131n Nazirl\u0259r \u015euras\u0131n\u0131n 27-ci iclas\u0131n\u0131n i\u015ftirak\u00e7\u0131lar\u0131na \u00fcnvanlad\u0131\u011f\u0131&hellip;","_links":{"self":[{"href":"https:\/\/arantv.az\/index.php?rest_route=\/wp\/v2\/posts\/643541"}],"collection":[{"href":"https:\/\/arantv.az\/index.php?rest_route=\/wp\/v2\/posts"}],"about":[{"href":"https:\/\/arantv.az\/index.php?rest_route=\/wp\/v2\/types\/post"}],"author":[{"embeddable":true,"href":"https:\/\/arantv.az\/index.php?rest_route=\/wp\/v2\/users\/2"}],"replies":[{"embeddable":true,"href":"https:\/\/arantv.az\/index.php?rest_route=%2Fwp%2Fv2%2Fcomments&post=643541"}],"version-history":[{"count":0,"href":"https:\/\/arantv.az\/index.php?rest_route=\/wp\/v2\/posts\/643541\/revisions"}],"wp:featuredmedia":[{"embeddable":true,"href":"https:\/\/arantv.az\/index.php?rest_route=\/wp\/v2\/media\/643543"}],"wp:attachment":[{"href":"https:\/\/arantv.az\/index.php?rest_route=%2Fwp%2Fv2%2Fmedia&parent=643541"}],"wp:term":[{"taxonomy":"category","embeddable":true,"href":"https:\/\/arantv.az\/index.php?rest_route=%2Fwp%2Fv2%2Fcategories&post=643541"},{"taxonomy":"post_tag","embeddable":true,"href":"https:\/\/arantv.az\/index.php?rest_route=%2Fwp%2Fv2%2Ftags&post=643541"}],"curies":[{"name":"wp","href":"https:\/\/api.w.org\/{rel}","templated":true}]}}