{"id":643542,"date":"2023-10-10T15:39:56","date_gmt":"2023-10-10T11:39:56","guid":{"rendered":"https:\/\/arantv.az\/?p=643542"},"modified":"2023-10-10T15:39:56","modified_gmt":"2023-10-10T11:39:56","slug":"prezident-i%c9%99t-nazirl%c9%99r-surasinin-27-ci-iclasinin-istirakcilarina-muraci%c9%99t-unvanlayib-yenil%c9%99nib","status":"publish","type":"post","link":"https:\/\/arantv.az\/?p=643542","title":{"rendered":"Prezident \u0130\u018fT Nazirl\u0259r \u015euras\u0131n\u0131n 27-ci iclas\u0131n\u0131n i\u015ftirak\u00e7\u0131lar\u0131na m\u00fcraci\u0259t \u00fcnvanlay\u0131b &#8211; YEN\u0130L\u018fN\u0130B"},"content":{"rendered":"<p align=\"left\">Az\u0259rbaycan Prezidenti\u00a0<strong>\u0130lham \u018fliyev<\/strong>\u00a0\u0130qtisadi \u018fm\u0259kda\u015fl\u0131q T\u0259\u015fkilat\u0131n\u0131n Nazirl\u0259r \u015euras\u0131n\u0131n 27-ci iclas\u0131n\u0131n i\u015ftirak\u00e7\u0131lar\u0131na m\u00fcraci\u0259t \u00fcnvanlay\u0131b.<\/p>\n<p align=\"left\">Bu bar\u0259d\u0259\u00a0<a href=\"https:\/\/azertag.az\/xeber\/iqtisadi_emekdasliq_teskilatinin_nazirler_surasinin_27_ci_iclasinin_istirakchilarina-2781580\" target=\"_blank\" rel=\"noopener\"><strong>AZ\u018fRTAC<\/strong><\/a>\u00a0m\u0259lumat yay\u0131b.<\/p>\n<p align=\"left\">M\u00fcraci\u0259td\u0259 deyilir:<\/p>\n<p align=\"left\">\u201cH\u00f6rm\u0259tli iclas i\u015ftirak\u00e7\u0131lar\u0131!<\/p>\n<p align=\"left\">Az\u0259rbaycan xalq\u0131 \u00fc\u00e7\u00fcn m\u00fcq\u0259dd\u0259s olan, m\u0259d\u0259niyy\u0259t paytaxt\u0131m\u0131z \u015eu\u015fa \u015f\u0259h\u0259rind\u0259 ke\u00e7iril\u0259n \u0130qtisadi \u018fm\u0259kda\u015fl\u0131q T\u0259\u015fkilat\u0131n\u0131n Nazirl\u0259r \u015euras\u0131n\u0131n 27-ci iclas\u0131 m\u00fcnasib\u0259til\u0259 Sizi s\u0259mimi-q\u0259lbd\u0259n salamlay\u0131ram.<\/p>\n<p align=\"left\">Az\u0259rbaycan \u0130qtisadi \u018fm\u0259kda\u015fl\u0131q T\u0259\u015fkilat\u0131n\u0131n f\u0259al \u00fczv\u00fcd\u00fcr v\u0259 t\u0259\u015fkilata \u00fczv olan d\u00f6vl\u0259tl\u0259rl\u0259 m\u00fcnasib\u0259tl\u0259rin\u0259 x\u00fcsusi \u0259h\u0259miyy\u0259t verir. \u0130\u018fT regionumuzun n\u0259h\u0259ng iqtisadi potensial\u0131ndan daha s\u0259m\u0259r\u0259li istifad\u0259, region \u00f6lk\u0259l\u0259ri aras\u0131nda iqtisadiyyat v\u0259 ticar\u0259t sah\u0259sind\u0259 \u0259laq\u0259l\u0259rin inki\u015faf etdirilm\u0259si bax\u0131m\u0131ndan \u0259lveri\u015fli imkanlara malikdir. Az\u0259rbaycan t\u0259\u015fkilat \u00e7\u0259r\u00e7iv\u0259sind\u0259 \u0259m\u0259kda\u015fl\u0131\u011f\u0131n b\u00fct\u00fcn sah\u0259l\u0259rd\u0259 geni\u015fl\u0259nm\u0259sinin t\u0259r\u0259fdar\u0131d\u0131r. Bir ne\u00e7\u0259 g\u00fcn \u00f6nc\u0259 \u015eu\u015fa \u015f\u0259h\u0259rinin 2026-c\u0131 il \u00fc\u00e7\u00fcn \u0130\u018fT-in turizm paytaxt\u0131 elan edilm\u0259sin\u0259 g\u00f6r\u0259 t\u0259\u015f\u0259kk\u00fcr\u00fcm\u00fc bildirir\u0259m.<\/p>\n<p align=\"left\">Siz olduqca \u0259lam\u0259tdar v\u0259 tarixi d\u00f6vrd\u0259 Az\u0259rbaycana g\u0259lmisiniz. Xalq\u0131m\u0131z Az\u0259rbaycan\u0131n suverenliyini, konstitusiya qurulu\u015funu b\u0259rpa etm\u0259sinin sevincini, q\u00fcrurunu ya\u015fay\u0131r. Otuz ild\u0259n sonra \u0259razil\u0259rimizd\u0259 m\u00f6vcud olan \u201cboz\u201d zonan\u0131n aradan qald\u0131r\u0131lmas\u0131, separatizm\u0259 son qoyulmas\u0131 beyn\u0259lxalq h\u00fcququn v\u0259 \u0259dal\u0259tin t\u0259nt\u0259n\u0259sidir.<\/p>\n<p align=\"left\">Az\u0259rbaycan daim s\u00fclh\u00fcn t\u0259r\u0259fdar\u0131 v\u0259 b\u00f6lg\u0259d\u0259 s\u00fclh t\u0259\u015f\u0259bb\u00fcsl\u0259rinin m\u00fc\u0259llifi olub. Regional m\u0259s\u0259l\u0259l\u0259rin bilavasit\u0259 region \u00f6lk\u0259l\u0259rinin i\u015ftirak\u0131 il\u0259 h\u0259ll edilm\u0259si prinsipind\u0259n \u00e7\u0131x\u0131\u015f ed\u0259r\u0259k Az\u0259rbaycan 3+3 \u0259m\u0259kda\u015fl\u0131q format\u0131n\u0131 ir\u0259li s\u00fcr\u00fcb. Haz\u0131rda Erm\u0259nistan-Az\u0259rbaycan m\u00fcnasib\u0259tl\u0259rinin normalla\u015fd\u0131r\u0131lmas\u0131, s\u00fclh m\u00fcqavil\u0259sinin imzalanmas\u0131 v\u0259 C\u0259nubi Qafqaz b\u00f6lg\u0259sinin s\u00fclh v\u0259 \u0259m\u0259kda\u015fl\u0131q m\u0259kan\u0131na \u00e7evrilm\u0259si \u00fc\u00e7\u00fcn tarixi \u015f\u0259rait yaranm\u0131\u015fd\u0131r.<\/p>\n<p align=\"left\">2020-ci ild\u0259 \u0259z\u0259li torpaqlar\u0131m\u0131z Erm\u0259nistan\u0131n i\u015f\u011fal\u0131ndan azad edildikd\u0259n d\u0259rhal sonra burada irimiqyasl\u0131 b\u0259rpa-quruculuq i\u015fl\u0259rin\u0259 ba\u015flan\u0131lm\u0131\u015fd\u0131. Q\u0131sa zaman k\u0259siyind\u0259 bu \u0259razil\u0259rd\u0259 vacib infrastruktur layih\u0259l\u0259ri h\u0259yata ke\u00e7irilmi\u015f, o c\u00fcml\u0259d\u0259n iki yeni hava liman\u0131 tikilib istifad\u0259y\u0259 verilmi\u015fdir. \u00dc\u00e7\u00fcnc\u00fc hava liman\u0131 is\u0259 haz\u0131rda La\u00e7\u0131nda in\u015fa edilir. F\u00fczuli \u015f\u0259h\u0259rind\u0259 art\u0131q in\u015fas\u0131 ba\u015fa \u00e7atm\u0131\u015f m\u0259kt\u0259b\u0259 v\u0259 tikilm\u0259kd\u0259 olan yarad\u0131c\u0131l\u0131q m\u0259rk\u0259zin\u0259 g\u00f6r\u0259 qarda\u015f \u00d6zb\u0259kistana v\u0259 Qazax\u0131stana t\u0259\u015f\u0259kk\u00fcr edir\u0259m. Biz bunu \u00f6lk\u0259l\u0259rimiz aras\u0131nda qarda\u015fl\u0131\u011f\u0131n, h\u0259mr\u0259yliyin v\u0259 dostlu\u011fun n\u00f6vb\u0259ti bariz t\u0259zah\u00fcr\u00fc kimi qiym\u0259tl\u0259ndiririk.<\/p>\n<p align=\"left\">\u0130\u015f\u011faldan azad edilmi\u015f \u0259razil\u0259r\u0259 \u201cB\u00f6y\u00fck Qay\u0131d\u0131\u015f\u201d proqram\u0131 milli prioritetl\u0259rimiz s\u0131ras\u0131ndad\u0131r. U\u011furla icra edil\u0259n proqram \u00e7\u0259r\u00e7iv\u0259sind\u0259 bu g\u00fcn\u0259 q\u0259d\u0259r La\u00e7\u0131n, F\u00fczuli \u015f\u0259h\u0259rl\u0259rin\u0259, A\u011fal\u0131, Zabux v\u0259 Tal\u0131\u015f k\u0259ndl\u0259rin\u0259 k\u00f6\u00e7k\u00fcnl\u0259rin qay\u0131tmas\u0131 t\u0259min olunub. N\u00f6vb\u0259ti 3 ild\u0259 100 min\u0259 q\u0259d\u0259r k\u00f6\u00e7k\u00fcn\u00fcn do\u011fma yurd-yuvalar\u0131na d\u00f6nm\u0259si planla\u015fd\u0131r\u0131l\u0131r. H\u0259yata ke\u00e7iril\u0259n layih\u0259l\u0259r Qaraba\u011f v\u0259 \u015e\u0259rqi Z\u0259ng\u0259zur iqtisadi rayonlar\u0131n\u0131n dir\u00e7\u0259lm\u0259sin\u0259, \u0259halinin dayan\u0131ql\u0131 m\u0259skunla\u015fmas\u0131na xidm\u0259t etm\u0259kl\u0259, habel\u0259 h\u0259min \u0259razil\u0259rin y\u00fcks\u0259k inki\u015faf etmi\u015f regiona \u00e7evrilm\u0259si \u00fc\u00e7\u00fcn \u0259lveri\u015fli \u015f\u0259rait yarad\u0131r.<\/p>\n<p align=\"left\">30 illik i\u015f\u011fal\u0131n Az\u0259rbaycan xalq\u0131 \u00fc\u00e7\u00fcn \u0259n a\u011f\u0131r f\u0259sadlar\u0131ndan biri d\u0259 b\u0259\u015f\u0259ri \u0259h\u0259miyy\u0259t\u0259 malik m\u0259d\u0259ni irsimiz\u0259, o c\u00fcml\u0259d\u0259n \u0130slam dinin\u0259 aid b\u00fct\u00fcn abid\u0259l\u0259r\u0259 q\u0259sd\u0259n vurulmu\u015f ziyand\u0131r. \u018ffsuslar olsun ki, bu d\u00f6vrd\u0259 67 m\u0259scidd\u0259n 65-i yerl\u0259-yeksan edilmi\u015f, qalan m\u0259scidl\u0259r\u0259 qar\u015f\u0131 is\u0259 heyvanlar\u0131n saxlan\u0131lmas\u0131 kimi t\u0259hqiramiz \u0259m\u0259ll\u0259r t\u00f6r\u0259dilmi\u015fdir. Bu g\u00fcnl\u0259rd\u0259 daha bir m\u0259scidin \u2013 Mal\u0131b\u0259yli m\u0259scidinin da\u011f\u0131d\u0131lmas\u0131 v\u0259 t\u00f6vl\u0259 kimi istifad\u0259 edilm\u0259si fakt\u0131 a\u015fkar edilmi\u015fdir. B\u00fct\u00fcn bunlar t\u0259kc\u0259 az\u0259rbaycanl\u0131lar\u0131n deyil, b\u00fct\u00fcn d\u00fcnya m\u00fcs\u0259lmanlar\u0131n\u0131n hissl\u0259rinin t\u0259hqir olunmas\u0131 dem\u0259kdir.<\/p>\n<p align=\"left\">Az\u0259rbaycan\u0131n \u0130\u018fT-d\u0259 s\u0259drlik m\u00f6vzusunun \u201cYa\u015f\u0131l ke\u00e7id v\u0259 qar\u015f\u0131l\u0131ql\u0131 ba\u011flant\u0131lar\u201d kimi m\u00fc\u0259yy\u0259n edilm\u0259si haz\u0131rk\u0131 d\u00f6vrd\u0259 x\u00fcsusi aktuall\u0131q k\u0259sb edir. Dekarbonla\u015fma, \u201cya\u015f\u0131l enerji\u201d n\u00f6vl\u0259rinin art\u0131r\u0131lmas\u0131 kimi m\u0259s\u0259l\u0259l\u0259r \u00f6lk\u0259mizin dayan\u0131ql\u0131 inki\u015faf g\u00fcnd\u0259liyinin \u0259sas\u0131n\u0131 t\u0259\u015fkil edir. Eyni zamanda \u201cya\u015f\u0131l enerji\u201d zonas\u0131 elan edilmi\u015f Qaraba\u011f v\u0259 \u015e\u0259rqi Z\u0259ng\u0259zurda apar\u0131lan geni\u015fmiqyasl\u0131 yenid\u0259nqurma v\u0259 b\u0259rpa i\u015fl\u0259ri \u201ca\u011f\u0131ll\u0131 \u015f\u0259h\u0259r\u201d v\u0259 \u201ca\u011f\u0131ll\u0131 k\u0259nd\u201d konsepsiyas\u0131na uy\u011fun olaraq h\u0259yata ke\u00e7irilir.<\/p>\n<p align=\"left\">Az\u0259rbaycan, eyni zamanda, etibarl\u0131 tranzit \u00f6lk\u0259dir v\u0259 bizim n\u0259qliyyat-logistika infrastrukturumuz b\u00fct\u00fcn \u0130\u018fT \u00f6lk\u0259l\u0259ri \u00fc\u00e7\u00fcn a\u00e7\u0131qd\u0131r. \u015e\u0259rq-Q\u0259rb mar\u015frutu \u00fczr\u0259 y\u00fckda\u015f\u0131malara t\u0259l\u0259bat\u0131n artd\u0131\u011f\u0131n\u0131 n\u0259z\u0259r\u0259 alaraq biz Bak\u0131-Tbilisi-Qars d\u0259mir yolu il\u0259 da\u015f\u0131nan y\u00fckl\u0259rin h\u0259cminin 1 milyon tondan 5 milyon tona \u00e7atd\u0131rma\u011f\u0131 h\u0259d\u0259fl\u0259yirik. H\u0259m\u00e7inin \u0130ran \u0130slam Respublikas\u0131n\u0131n \u0259razisi vasit\u0259sil\u0259 Nax\u00e7\u0131van Muxtar Respublikas\u0131na \u00e7\u0131x\u0131\u015f imkan\u0131 yaradacaq avtomobil v\u0259 d\u0259mir yolunun \u00e7\u0259kilm\u0259si bar\u0259d\u0259 bu \u00f6lk\u0259 il\u0259 raz\u0131l\u0131q \u0259ld\u0259 olunmu\u015fdur. Az\u0259rbaycan, eyni zamanda, \u015eimal-C\u0259nub N\u0259qliyyat D\u0259hlizinin \u00f6t\u00fcr\u00fcc\u00fcl\u00fck qabiliyy\u0259tinin daha da geni\u015fl\u0259ndirilm\u0259si \u00fcz\u0259rind\u0259 f\u0259al \u00e7al\u0131\u015f\u0131r.<\/p>\n<p align=\"left\">\u018fmin\u0259m ki, bu iclas \u00f6lk\u0259l\u0259rimizin v\u0259 b\u00fct\u00f6vl\u00fckd\u0259 regionun davaml\u0131 inki\u015faf\u0131 v\u0259 rifah\u0131 namin\u0259 yeni \u0259m\u0259kda\u015fl\u0131q imkanlar\u0131 \u0259traf\u0131nda faydal\u0131 fikir m\u00fcbadil\u0259si aparmaq v\u0259 s\u0259yl\u0259ri \u0259laq\u0259l\u0259ndirm\u0259k \u00fc\u00e7\u00fcn \u0259h\u0259miyy\u0259tli platforma olacaq, qar\u015f\u0131l\u0131ql\u0131 faydal\u0131 t\u0259r\u0259fda\u015fl\u0131\u011f\u0131n yeni m\u0259zmunla z\u0259nginl\u0259\u015fm\u0259sin\u0259 t\u00f6hf\u0259 ver\u0259c\u0259kdir.<\/p>\n<p align=\"left\">Siz\u0259 \u0259n xo\u015f arzular\u0131m\u0131 yetirir, iclas\u0131n i\u015fin\u0259 u\u011furlar dil\u0259yir\u0259m\u201d.<\/p>\n<p><strong>13:56<\/strong><\/p>\n<p>Az\u0259rbaycan Prezidenti\u00a0<strong>\u0130lham \u018fliyev<\/strong>\u00a0\u015eu\u015fa \u015f\u0259h\u0259rind\u0259 ke\u00e7iril\u0259n \u0130qtisadi \u018fm\u0259kda\u015fl\u0131q T\u0259\u015fkilat\u0131na (\u0130\u018fT) \u00fczv \u00f6lk\u0259l\u0259rin Nazirl\u0259r \u015euras\u0131n\u0131n 27-ci iclas\u0131n\u0131n i\u015ftirak\u00e7\u0131lar\u0131na m\u00fcraci\u0259t \u00fcnvanlay\u0131b.<\/p>\n<p>\u201cReport\u201dun x\u0259b\u0259rin\u0259 g\u00f6r\u0259, m\u00fcraci\u0259tin m\u0259tnini xarici i\u015fl\u0259r naziri Ceyhun Bayramov oxuyub.<\/p>\n","protected":false},"excerpt":{"rendered":"<p>Az\u0259rbaycan Prezidenti\u00a0\u0130lham \u018fliyev\u00a0\u0130qtisadi \u018fm\u0259kda\u015fl\u0131q T\u0259\u015fkilat\u0131n\u0131n Nazirl\u0259r \u015euras\u0131n\u0131n 27-ci iclas\u0131n\u0131n i\u015ftirak\u00e7\u0131lar\u0131na m\u00fcraci\u0259t \u00fcnvanlay\u0131b. Bu bar\u0259d\u0259\u00a0AZ\u018fRTAC\u00a0m\u0259lumat yay\u0131b. M\u00fcraci\u0259td\u0259 deyilir: \u201cH\u00f6rm\u0259tli iclas i\u015ftirak\u00e7\u0131lar\u0131! Az\u0259rbaycan xalq\u0131 \u00fc\u00e7\u00fcn m\u00fcq\u0259dd\u0259s olan, m\u0259d\u0259niyy\u0259t paytaxt\u0131m\u0131z \u015eu\u015fa \u015f\u0259h\u0259rind\u0259 ke\u00e7iril\u0259n \u0130qtisadi \u018fm\u0259kda\u015fl\u0131q T\u0259\u015fkilat\u0131n\u0131n Nazirl\u0259r \u015euras\u0131n\u0131n 27-ci iclas\u0131 m\u00fcnasib\u0259til\u0259 Sizi s\u0259mimi-q\u0259lbd\u0259n salamlay\u0131ram. Az\u0259rbaycan \u0130qtisadi \u018fm\u0259kda\u015fl\u0131q T\u0259\u015fkilat\u0131n\u0131n f\u0259al \u00fczv\u00fcd\u00fcr v\u0259 t\u0259\u015fkilata \u00fczv olan d\u00f6vl\u0259tl\u0259rl\u0259 m\u00fcnasib\u0259tl\u0259rin\u0259 x\u00fcsusi \u0259h\u0259miyy\u0259t verir. \u0130\u018fT regionumuzun n\u0259h\u0259ng iqtisadi potensial\u0131ndan daha s\u0259m\u0259r\u0259li istifad\u0259, region \u00f6lk\u0259l\u0259ri aras\u0131nda iqtisadiyyat v\u0259 ticar\u0259t sah\u0259sind\u0259 \u0259laq\u0259l\u0259rin inki\u015faf etdirilm\u0259si bax\u0131m\u0131ndan \u0259lveri\u015fli imkanlara malikdir. Az\u0259rbaycan t\u0259\u015fkilat \u00e7\u0259r\u00e7iv\u0259sind\u0259 \u0259m\u0259kda\u015fl\u0131\u011f\u0131n b\u00fct\u00fcn sah\u0259l\u0259rd\u0259 geni\u015fl\u0259nm\u0259sinin t\u0259r\u0259fdar\u0131d\u0131r. Bir ne\u00e7\u0259 g\u00fcn \u00f6nc\u0259&hellip;<\/p>\n","protected":false},"author":2,"featured_media":643480,"comment_status":"closed","ping_status":"closed","sticky":false,"template":"","format":"standard","meta":{"om_disable_all_campaigns":false,"_monsterinsights_skip_tracking":false,"_monsterinsights_sitenote_active":false,"_monsterinsights_sitenote_note":"","_monsterinsights_sitenote_category":0},"categories":[4],"tags":[],"aioseo_notices":[],"gutentor_comment":0,"rttpg_featured_image_url":{"full":["https:\/\/arantv.az\/wp-content\/uploads\/2023\/10\/4ba9ea40-9cbb-367e-ab3b-929cf02ffad9_850.jpg",620,413,false],"landscape":["https:\/\/arantv.az\/wp-content\/uploads\/2023\/10\/4ba9ea40-9cbb-367e-ab3b-929cf02ffad9_850.jpg",620,413,false],"portraits":["https:\/\/arantv.az\/wp-content\/uploads\/2023\/10\/4ba9ea40-9cbb-367e-ab3b-929cf02ffad9_850.jpg",620,413,false],"thumbnail":["https:\/\/arantv.az\/wp-content\/uploads\/2023\/10\/4ba9ea40-9cbb-367e-ab3b-929cf02ffad9_850-500x280.jpg",500,280,true],"medium":["https:\/\/arantv.az\/wp-content\/uploads\/2023\/10\/4ba9ea40-9cbb-367e-ab3b-929cf02ffad9_850-548x365.jpg",548,365,true],"large":["https:\/\/arantv.az\/wp-content\/uploads\/2023\/10\/4ba9ea40-9cbb-367e-ab3b-929cf02ffad9_850.jpg",620,413,false],"1536x1536":["https:\/\/arantv.az\/wp-content\/uploads\/2023\/10\/4ba9ea40-9cbb-367e-ab3b-929cf02ffad9_850.jpg",620,413,false],"2048x2048":["https:\/\/arantv.az\/wp-content\/uploads\/2023\/10\/4ba9ea40-9cbb-367e-ab3b-929cf02ffad9_850.jpg",620,413,false],"post-thumbnail":["https:\/\/arantv.az\/wp-content\/uploads\/2023\/10\/4ba9ea40-9cbb-367e-ab3b-929cf02ffad9_850-240x172.jpg",240,172,true],"advps-thumb-one":["https:\/\/arantv.az\/wp-content\/uploads\/2023\/10\/4ba9ea40-9cbb-367e-ab3b-929cf02ffad9_850.jpg",620,413,false]},"rttpg_author":{"display_name":"V\u00fcsal Rafiqo\u011flu","author_link":"https:\/\/arantv.az\/?author=2"},"rttpg_comment":0,"rttpg_category":"<a href=\"https:\/\/arantv.az\/?cat=4\" rel=\"category\">Siyas\u0259t<\/a>","rttpg_excerpt":"Az\u0259rbaycan Prezidenti\u00a0\u0130lham \u018fliyev\u00a0\u0130qtisadi \u018fm\u0259kda\u015fl\u0131q T\u0259\u015fkilat\u0131n\u0131n Nazirl\u0259r \u015euras\u0131n\u0131n 27-ci iclas\u0131n\u0131n i\u015ftirak\u00e7\u0131lar\u0131na m\u00fcraci\u0259t \u00fcnvanlay\u0131b. Bu bar\u0259d\u0259\u00a0AZ\u018fRTAC\u00a0m\u0259lumat yay\u0131b. M\u00fcraci\u0259td\u0259 deyilir: \u201cH\u00f6rm\u0259tli iclas i\u015ftirak\u00e7\u0131lar\u0131! Az\u0259rbaycan xalq\u0131 \u00fc\u00e7\u00fcn m\u00fcq\u0259dd\u0259s olan, m\u0259d\u0259niyy\u0259t paytaxt\u0131m\u0131z \u015eu\u015fa \u015f\u0259h\u0259rind\u0259 ke\u00e7iril\u0259n \u0130qtisadi \u018fm\u0259kda\u015fl\u0131q T\u0259\u015fkilat\u0131n\u0131n Nazirl\u0259r \u015euras\u0131n\u0131n 27-ci iclas\u0131 m\u00fcnasib\u0259til\u0259 Sizi s\u0259mimi-q\u0259lbd\u0259n salamlay\u0131ram. Az\u0259rbaycan \u0130qtisadi \u018fm\u0259kda\u015fl\u0131q T\u0259\u015fkilat\u0131n\u0131n f\u0259al \u00fczv\u00fcd\u00fcr v\u0259 t\u0259\u015fkilata \u00fczv olan d\u00f6vl\u0259tl\u0259rl\u0259 m\u00fcnasib\u0259tl\u0259rin\u0259 x\u00fcsusi \u0259h\u0259miyy\u0259t&hellip;","_links":{"self":[{"href":"https:\/\/arantv.az\/index.php?rest_route=\/wp\/v2\/posts\/643542"}],"collection":[{"href":"https:\/\/arantv.az\/index.php?rest_route=\/wp\/v2\/posts"}],"about":[{"href":"https:\/\/arantv.az\/index.php?rest_route=\/wp\/v2\/types\/post"}],"author":[{"embeddable":true,"href":"https:\/\/arantv.az\/index.php?rest_route=\/wp\/v2\/users\/2"}],"replies":[{"embeddable":true,"href":"https:\/\/arantv.az\/index.php?rest_route=%2Fwp%2Fv2%2Fcomments&post=643542"}],"version-history":[{"count":0,"href":"https:\/\/arantv.az\/index.php?rest_route=\/wp\/v2\/posts\/643542\/revisions"}],"wp:featuredmedia":[{"embeddable":true,"href":"https:\/\/arantv.az\/index.php?rest_route=\/wp\/v2\/media\/643480"}],"wp:attachment":[{"href":"https:\/\/arantv.az\/index.php?rest_route=%2Fwp%2Fv2%2Fmedia&parent=643542"}],"wp:term":[{"taxonomy":"category","embeddable":true,"href":"https:\/\/arantv.az\/index.php?rest_route=%2Fwp%2Fv2%2Fcategories&post=643542"},{"taxonomy":"post_tag","embeddable":true,"href":"https:\/\/arantv.az\/index.php?rest_route=%2Fwp%2Fv2%2Ftags&post=643542"}],"curies":[{"name":"wp","href":"https:\/\/api.w.org\/{rel}","templated":true}]}}