{"id":643548,"date":"2023-10-10T15:44:30","date_gmt":"2023-10-10T11:44:30","guid":{"rendered":"https:\/\/arantv.az\/?p=643548"},"modified":"2023-10-10T15:44:30","modified_gmt":"2023-10-10T11:44:30","slug":"ilham-%c9%99liyev-%c9%99razil%c9%99rimizd%c9%99-separatizm%c9%99-son-qoyulmasi-beyn%c9%99lxalq-huququn-v%c9%99-%c9%99dal%c9%99tin-t%c9%99nt%c9%99n%c9%99sidir","status":"publish","type":"post","link":"https:\/\/arantv.az\/?p=643548","title":{"rendered":"\u0130lham \u018fliyev: \u201c\u018frazil\u0259rimizd\u0259 separatizm\u0259 son qoyulmas\u0131 beyn\u0259lxalq h\u00fcququn v\u0259 \u0259dal\u0259tin t\u0259nt\u0259n\u0259sidir\u201d"},"content":{"rendered":"<p>\u201cXalq\u0131m\u0131z Az\u0259rbaycan\u0131n suverenliyini, konstitusiya qurulu\u015funu b\u0259rpa etm\u0259sinin sevincini, q\u00fcrurunu ya\u015fay\u0131r. Otuz ild\u0259n sonra \u0259razil\u0259rimizd\u0259 m\u00f6vcud olan \u201cboz\u201d zonan\u0131n aradan qald\u0131r\u0131lmas\u0131, separatizm\u0259 son qoyulmas\u0131 beyn\u0259lxalq h\u00fcququn v\u0259 \u0259dal\u0259tin t\u0259nt\u0259n\u0259sidir\u201d.<\/p>\n<p><a href=\"https:\/\/azertag.az\/xeber\/azerbaycan_prezidenti_erazilerimizde_separatizme_son_qoyulmasi_beynelxalq_huququn_ve_edaletin_tentenesidir-2781604\" target=\"_blank\" rel=\"noopener\">AZ\u018fRTAC<\/a>\u00a0x\u0259b\u0259r verir ki, bu fikirl\u0259r Prezident\u00a0<strong>\u0130lham \u018fliyevin\u00a0<\/strong>\u015eu\u015fada ke\u00e7iril\u0259n \u0130qtisadi \u018fm\u0259kda\u015fl\u0131q T\u0259\u015fkilat\u0131n\u0131n Nazirl\u0259r \u015euras\u0131n\u0131n 27-ci iclas\u0131n\u0131n i\u015ftirak\u00e7\u0131lar\u0131na \u00fcnvanlad\u0131\u011f\u0131 m\u00fcraci\u0259td\u0259 yer al\u0131b.<\/p>\n<p>Az\u0259rbaycan\u0131n daim s\u00fclh\u00fcn t\u0259r\u0259fdar\u0131 v\u0259 b\u00f6lg\u0259d\u0259 s\u00fclh t\u0259\u015f\u0259bb\u00fcsl\u0259rinin m\u00fc\u0259llifi oldu\u011funu diqq\u0259t\u0259 \u00e7atd\u0131ran d\u00f6vl\u0259timizin ba\u015f\u00e7\u0131s\u0131 \u0259lav\u0259 edib:<\/p>\n<p>\u201cRegional m\u0259s\u0259l\u0259l\u0259rin bilavasit\u0259 region \u00f6lk\u0259l\u0259rinin i\u015ftirak\u0131 il\u0259 h\u0259ll edilm\u0259si prinsipind\u0259n \u00e7\u0131x\u0131\u015f ed\u0259r\u0259k Az\u0259rbaycan \u201c3+3\u201d \u0259m\u0259kda\u015fl\u0131q format\u0131n\u0131 ir\u0259li s\u00fcr\u00fcb. Haz\u0131rda Erm\u0259nistan-Az\u0259rbaycan m\u00fcnasib\u0259tl\u0259rinin normalla\u015fd\u0131r\u0131lmas\u0131, s\u00fclh m\u00fcqavil\u0259sinin imzalanmas\u0131 v\u0259 C\u0259nubi Qafqaz b\u00f6lg\u0259sinin s\u00fclh v\u0259 \u0259m\u0259kda\u015fl\u0131q m\u0259kan\u0131na \u00e7evrilm\u0259si \u00fc\u00e7\u00fcn tarixi \u015f\u0259rait yaranm\u0131\u015fd\u0131r\u201d.<\/p>\n","protected":false},"excerpt":{"rendered":"<p>\u201cXalq\u0131m\u0131z Az\u0259rbaycan\u0131n suverenliyini, konstitusiya qurulu\u015funu b\u0259rpa etm\u0259sinin sevincini, q\u00fcrurunu ya\u015fay\u0131r. Otuz ild\u0259n sonra \u0259razil\u0259rimizd\u0259 m\u00f6vcud olan \u201cboz\u201d zonan\u0131n aradan qald\u0131r\u0131lmas\u0131, separatizm\u0259 son qoyulmas\u0131 beyn\u0259lxalq h\u00fcququn v\u0259 \u0259dal\u0259tin t\u0259nt\u0259n\u0259sidir\u201d. AZ\u018fRTAC\u00a0x\u0259b\u0259r verir ki, bu fikirl\u0259r Prezident\u00a0\u0130lham \u018fliyevin\u00a0\u015eu\u015fada ke\u00e7iril\u0259n \u0130qtisadi \u018fm\u0259kda\u015fl\u0131q T\u0259\u015fkilat\u0131n\u0131n Nazirl\u0259r \u015euras\u0131n\u0131n 27-ci iclas\u0131n\u0131n i\u015ftirak\u00e7\u0131lar\u0131na \u00fcnvanlad\u0131\u011f\u0131 m\u00fcraci\u0259td\u0259 yer al\u0131b. Az\u0259rbaycan\u0131n daim s\u00fclh\u00fcn t\u0259r\u0259fdar\u0131 v\u0259 b\u00f6lg\u0259d\u0259 s\u00fclh t\u0259\u015f\u0259bb\u00fcsl\u0259rinin m\u00fc\u0259llifi oldu\u011funu diqq\u0259t\u0259 \u00e7atd\u0131ran d\u00f6vl\u0259timizin ba\u015f\u00e7\u0131s\u0131 \u0259lav\u0259 edib: \u201cRegional m\u0259s\u0259l\u0259l\u0259rin bilavasit\u0259 region \u00f6lk\u0259l\u0259rinin i\u015ftirak\u0131 il\u0259 h\u0259ll edilm\u0259si prinsipind\u0259n \u00e7\u0131x\u0131\u015f ed\u0259r\u0259k Az\u0259rbaycan \u201c3+3\u201d \u0259m\u0259kda\u015fl\u0131q format\u0131n\u0131 ir\u0259li s\u00fcr\u00fcb. Haz\u0131rda Erm\u0259nistan-Az\u0259rbaycan m\u00fcnasib\u0259tl\u0259rinin normalla\u015fd\u0131r\u0131lmas\u0131, s\u00fclh m\u00fcqavil\u0259sinin imzalanmas\u0131 v\u0259&hellip;<\/p>\n","protected":false},"author":2,"featured_media":643550,"comment_status":"closed","ping_status":"closed","sticky":false,"template":"","format":"standard","meta":{"om_disable_all_campaigns":false,"_monsterinsights_skip_tracking":false,"_monsterinsights_sitenote_active":false,"_monsterinsights_sitenote_note":"","_monsterinsights_sitenote_category":0},"categories":[4],"tags":[],"aioseo_notices":[],"gutentor_comment":0,"rttpg_featured_image_url":{"full":["https:\/\/arantv.az\/wp-content\/uploads\/2023\/10\/FotoJet-2023-08-01T221521.401-1.jpg",620,413,false],"landscape":["https:\/\/arantv.az\/wp-content\/uploads\/2023\/10\/FotoJet-2023-08-01T221521.401-1.jpg",620,413,false],"portraits":["https:\/\/arantv.az\/wp-content\/uploads\/2023\/10\/FotoJet-2023-08-01T221521.401-1.jpg",620,413,false],"thumbnail":["https:\/\/arantv.az\/wp-content\/uploads\/2023\/10\/FotoJet-2023-08-01T221521.401-1-500x280.jpg",500,280,true],"medium":["https:\/\/arantv.az\/wp-content\/uploads\/2023\/10\/FotoJet-2023-08-01T221521.401-1-548x365.jpg",548,365,true],"large":["https:\/\/arantv.az\/wp-content\/uploads\/2023\/10\/FotoJet-2023-08-01T221521.401-1.jpg",620,413,false],"1536x1536":["https:\/\/arantv.az\/wp-content\/uploads\/2023\/10\/FotoJet-2023-08-01T221521.401-1.jpg",620,413,false],"2048x2048":["https:\/\/arantv.az\/wp-content\/uploads\/2023\/10\/FotoJet-2023-08-01T221521.401-1.jpg",620,413,false],"post-thumbnail":["https:\/\/arantv.az\/wp-content\/uploads\/2023\/10\/FotoJet-2023-08-01T221521.401-1-240x172.jpg",240,172,true],"advps-thumb-one":["https:\/\/arantv.az\/wp-content\/uploads\/2023\/10\/FotoJet-2023-08-01T221521.401-1.jpg",620,413,false]},"rttpg_author":{"display_name":"V\u00fcsal Rafiqo\u011flu","author_link":"https:\/\/arantv.az\/?author=2"},"rttpg_comment":0,"rttpg_category":"<a href=\"https:\/\/arantv.az\/?cat=4\" rel=\"category\">Siyas\u0259t<\/a>","rttpg_excerpt":"\u201cXalq\u0131m\u0131z Az\u0259rbaycan\u0131n suverenliyini, konstitusiya qurulu\u015funu b\u0259rpa etm\u0259sinin sevincini, q\u00fcrurunu ya\u015fay\u0131r. Otuz ild\u0259n sonra \u0259razil\u0259rimizd\u0259 m\u00f6vcud olan \u201cboz\u201d zonan\u0131n aradan qald\u0131r\u0131lmas\u0131, separatizm\u0259 son qoyulmas\u0131 beyn\u0259lxalq h\u00fcququn v\u0259 \u0259dal\u0259tin t\u0259nt\u0259n\u0259sidir\u201d. AZ\u018fRTAC\u00a0x\u0259b\u0259r verir ki, bu fikirl\u0259r Prezident\u00a0\u0130lham \u018fliyevin\u00a0\u015eu\u015fada ke\u00e7iril\u0259n \u0130qtisadi \u018fm\u0259kda\u015fl\u0131q T\u0259\u015fkilat\u0131n\u0131n Nazirl\u0259r \u015euras\u0131n\u0131n 27-ci iclas\u0131n\u0131n i\u015ftirak\u00e7\u0131lar\u0131na \u00fcnvanlad\u0131\u011f\u0131 m\u00fcraci\u0259td\u0259 yer al\u0131b. Az\u0259rbaycan\u0131n daim s\u00fclh\u00fcn t\u0259r\u0259fdar\u0131 v\u0259 b\u00f6lg\u0259d\u0259 s\u00fclh&hellip;","_links":{"self":[{"href":"https:\/\/arantv.az\/index.php?rest_route=\/wp\/v2\/posts\/643548"}],"collection":[{"href":"https:\/\/arantv.az\/index.php?rest_route=\/wp\/v2\/posts"}],"about":[{"href":"https:\/\/arantv.az\/index.php?rest_route=\/wp\/v2\/types\/post"}],"author":[{"embeddable":true,"href":"https:\/\/arantv.az\/index.php?rest_route=\/wp\/v2\/users\/2"}],"replies":[{"embeddable":true,"href":"https:\/\/arantv.az\/index.php?rest_route=%2Fwp%2Fv2%2Fcomments&post=643548"}],"version-history":[{"count":0,"href":"https:\/\/arantv.az\/index.php?rest_route=\/wp\/v2\/posts\/643548\/revisions"}],"wp:featuredmedia":[{"embeddable":true,"href":"https:\/\/arantv.az\/index.php?rest_route=\/wp\/v2\/media\/643550"}],"wp:attachment":[{"href":"https:\/\/arantv.az\/index.php?rest_route=%2Fwp%2Fv2%2Fmedia&parent=643548"}],"wp:term":[{"taxonomy":"category","embeddable":true,"href":"https:\/\/arantv.az\/index.php?rest_route=%2Fwp%2Fv2%2Fcategories&post=643548"},{"taxonomy":"post_tag","embeddable":true,"href":"https:\/\/arantv.az\/index.php?rest_route=%2Fwp%2Fv2%2Ftags&post=643548"}],"curies":[{"name":"wp","href":"https:\/\/api.w.org\/{rel}","templated":true}]}}