{"id":643645,"date":"2023-10-10T18:23:59","date_gmt":"2023-10-10T14:23:59","guid":{"rendered":"https:\/\/arantv.az\/?p=643645"},"modified":"2023-10-10T18:23:59","modified_gmt":"2023-10-10T14:23:59","slug":"az%c9%99rbaycan-v%c9%99-ruminiya-parlament-s%c9%99drl%c9%99rinin-gorusu-olub-foto","status":"publish","type":"post","link":"https:\/\/arantv.az\/?p=643645","title":{"rendered":"Az\u0259rbaycan v\u0259 Rum\u0131niya parlament s\u0259drl\u0259rinin g\u00f6r\u00fc\u015f\u00fc olub &#8211; FOTO"},"content":{"rendered":"<p>Milli M\u0259clisin s\u0259dri Sahib\u0259 Qafarova Rum\u0131niyaya r\u0259smi s\u0259f\u0259ri \u00e7\u0259r\u00e7iv\u0259sind\u0259 bu \u00f6lk\u0259 Parlamentinin Deputatlar Palatas\u0131n\u0131n s\u0259dri Alfred-Robert Simonis il\u0259 g\u00f6r\u00fc\u015f\u00fcb.<\/p>\n<p>Bu bar\u0259d\u0259 Milli M\u0259clisin M\u0259tbuat v\u0259 ictimaiyy\u0259tl\u0259 \u0259laq\u0259l\u0259r \u015f\u00f6b\u0259sind\u0259n m\u0259lumat verilib.<\/p>\n<p>Az\u0259rbaycan\u0131n parlament r\u0259hb\u0259rini Rum\u0131niya parlamentind\u0259 salamlamaqdan m\u0259mnunlu\u011funu bildir\u0259n Alfred-Robert Simonis bu s\u0259f\u0259rin iki \u00f6lk\u0259nin parlamentl\u0259ri aras\u0131nda \u0259m\u0259kda\u015fl\u0131\u011f\u0131n inki\u015faf\u0131na, dostluq m\u00fcnasib\u0259tl\u0259rinin daha da m\u00f6hk\u0259ml\u0259nm\u0259sin\u0259 t\u00f6hf\u0259 ver\u0259c\u0259yin\u0259 inam\u0131n\u0131 ifad\u0259 edib.<\/p>\n<p>O\u00a0qeyd edib ki, \u00f6lk\u0259l\u0259rimiz aras\u0131nda s\u0131x \u0259laq\u0259l\u0259r m\u00f6vcuddur. Deputatlar Palatas\u0131n\u0131n s\u0259dri Az\u0259rbaycan Respublikas\u0131n\u0131n Prezidenti\u00a0<strong>\u0130lham \u018fliyevin<\/strong>\u00a0Rum\u0131niyaya, Rum\u0131niya Prezidenti Klaus Yohannisin Az\u0259rbaycana s\u0259f\u0259rl\u0259rinin iki \u00f6lk\u0259 aras\u0131nda m\u00fcnasib\u0259tl\u0259rin daha da m\u00f6hk\u0259ml\u0259nm\u0259sinin t\u0259zah\u00fcr\u00fc oldu\u011funu bildirib.<\/p>\n<p>Deputatlar Palatas\u0131n\u0131n s\u0259dri iki \u00f6lk\u0259nin parlamentl\u0259ri aras\u0131nda \u0259laq\u0259l\u0259rin inki\u015faf\u0131, bu sah\u0259d\u0259 dostluq qruplar\u0131n\u0131n rolu, h\u0259m\u00e7inin Rum\u0131niya il\u0259 Az\u0259rbaycan aras\u0131nda enerji sah\u0259sind\u0259 h\u0259yata ke\u00e7iril\u0259n birg\u0259 layih\u0259l\u0259rin Avropan\u0131n enerji t\u0259hl\u00fck\u0259sizliyin\u0259 t\u00f6hf\u0259si bar\u0259d\u0259 fikirl\u0259rini b\u00f6l\u00fc\u015f\u00fcb. O, Rum\u0131niya \u00fc\u00e7\u00fcn \u00e7\u0259tin vaxtlarda Az\u0259rbaycan\u0131n g\u00f6st\u0259rdiyi yard\u0131ma g\u00f6r\u0259, Prezident \u0130lham \u018fliyev\u0259 minn\u0259tdarl\u0131\u011f\u0131n\u0131 bildirib.<\/p>\n<p>Az\u0259rbaycan parlament n\u00fcmay\u0259nd\u0259 hey\u0259tin\u0259 g\u00f6st\u0259ril\u0259n y\u00fcks\u0259k qonaqp\u0259rv\u0259rliy\u0259 g\u00f6r\u0259 t\u0259\u015f\u0259kk\u00fcr ed\u0259n spiker Sahib\u0259 Qafarova, bu s\u0259f\u0259rin onun Milli M\u0259clisin s\u0259dri kimi Rum\u0131niyaya ilk r\u0259smi s\u0259f\u0259ri oldu\u011funu, bu s\u0259f\u0259rin \u00f6lk\u0259l\u0259r aras\u0131nda \u0259laq\u0259l\u0259rin daha da m\u00f6hk\u0259ml\u0259nm\u0259sin\u0259 v\u0259 geni\u015fl\u0259nm\u0259sin\u0259 t\u00f6hf\u0259 ver\u0259c\u0259yin\u0259 inam\u0131n\u0131 bildirib.<\/p>\n<p>G\u00f6r\u00fc\u015fd\u0259 vur\u011fulan\u0131b ki, Rum\u0131niya d\u00fcnyada ikinci v\u0259 Avropa \u0130ttifaq\u0131 \u00f6lk\u0259l\u0259ri aras\u0131nda Az\u0259rbaycan\u0131n m\u00fcst\u0259qilliyini tan\u0131yan birinci \u00f6lk\u0259dir. \u00d6t\u0259n il \u00f6lk\u0259l\u0259rimiz aras\u0131nda diplomatik m\u00fcnasib\u0259tl\u0259rin qurulmas\u0131n\u0131n 30 illiyi qeyd edilib. Bu g\u00fcn Az\u0259rbaycanla Rum\u0131niya aras\u0131nda dostluq m\u00fcnasib\u0259tl\u0259ri strateji t\u0259r\u0259fda\u015fl\u0131q s\u0259viyy\u0259sind\u0259 inki\u015faf edir. Az\u0259rbaycan v\u0259 Rum\u0131niya beyn\u0259lxalq t\u0259\u015fkilatlar \u00e7\u0259r\u00e7iv\u0259sind\u0259 d\u0259 u\u011furla \u0259m\u0259kda\u015fl\u0131q edirl\u0259r.<\/p>\n<p>\u0130kit\u0259r\u0259fli m\u00fcnasib\u0259tl\u0259rin inki\u015faf\u0131nda siyasi t\u0259maslar\u0131n m\u00fcst\u0259sna rolunu vur\u011fulayan spiker Sahib\u0259 Qafarova deyib ki, d\u00f6vl\u0259t ba\u015f\u00e7\u0131lar\u0131n\u0131n qar\u015f\u0131l\u0131ql\u0131 s\u0259f\u0259rl\u0259ri \u00f6lk\u0259l\u0259rimiz aras\u0131nda y\u00fcks\u0259k s\u0259viyy\u0259li f\u0259al siyasi dialoqun daha da inki\u015faf\u0131na xidm\u0259t edir.<\/p>\n<p>G\u00f6r\u00fc\u015fd\u0259 enerji \u0259m\u0259kda\u015fl\u0131\u011f\u0131n\u0131n ikit\u0259r\u0259fli \u0259m\u0259kda\u015fl\u0131\u011f\u0131n \u0259sas sah\u0259l\u0259rind\u0259n biri oldu\u011fu diqq\u0259t\u0259 \u00e7atd\u0131r\u0131laraq, qeyd edilib ki, bu ild\u0259n Az\u0259rbaycan qaz\u0131n\u0131n Rum\u0131niyaya ixrac\u0131na ba\u015flan\u0131l\u0131b v\u0259 n\u00f6vb\u0259ti ill\u0259rd\u0259 bu \u0259m\u0259kda\u015fl\u0131q daha da m\u00f6hk\u0259ml\u0259n\u0259c\u0259k. H\u0259m\u00e7inin, \u00f6lk\u0259l\u0259rimiz aras\u0131nda b\u0259rpa olunan enerji sah\u0259sind\u0259 d\u0259 \u0259m\u0259kda\u015fl\u0131q \u00fc\u00e7\u00fcn yeni perspektivl\u0259r yaran\u0131b.<\/p>\n<p>Spiker Sahib\u0259 Qafarova, Az\u0259rbaycanda m\u00fcxt\u0259lif sah\u0259l\u0259r\u0259 investisiya imkanlar\u0131, i\u015f\u011faldan azad edilmi\u015f \u0259razil\u0259rd\u0259 apar\u0131lan geni\u015fmiqyasl\u0131 yenid\u0259nqurma i\u015fl\u0259ri, Az\u0259rbaycan\u0131n m\u00fcasir n\u0259qliyyat infrastrukturu v\u0259 tranzit \u00f6lk\u0259 kimi m\u00fch\u00fcm rolunu n\u0259z\u0259r\u0259 alaraq, m\u00fcxt\u0259lif sah\u0259l\u0259rd\u0259 ikit\u0259r\u0259fli \u0259m\u0259kda\u015fl\u0131\u011f\u0131n daha da inki\u015faf etdirilm\u0259si \u00fc\u00e7\u00fcn m\u00f6vcud olan geni\u015f imkanlar bar\u0259d\u0259 m\u0259lumat verib.<\/p>\n<p>G\u00f6r\u00fc\u015fd\u0259 humanitar sah\u0259d\u0259 \u0259m\u0259kda\u015fl\u0131q m\u0259s\u0259l\u0259l\u0259ri d\u0259 m\u00fczakir\u0259 olunaraq, vur\u011fulan\u0131b ki, t\u0259hsil, elm, m\u0259d\u0259niyy\u0259t sah\u0259l\u0259rind\u0259 \u0259m\u0259kda\u015fl\u0131q, qar\u015f\u0131l\u0131ql\u0131 \u0259sasda m\u0259d\u0259ni t\u0259dbirl\u0259rin ke\u00e7irilm\u0259si xalqlar\u0131m\u0131z\u0131 daha da yax\u0131nla\u015fd\u0131r\u0131r.<\/p>\n<p>G\u00f6r\u00fc\u015fd\u0259 Milli M\u0259clisin s\u0259dri qeyd edib ki, Az\u0259rbaycan il\u0259 Rum\u0131niya aras\u0131nda ikit\u0259r\u0259fli v\u0259 \u00e7oxt\u0259r\u0259fli m\u00fcnasib\u0259tl\u0259r\u0259 m\u00fch\u00fcm v\u0259 m\u00fcsb\u0259t t\u0259sir g\u00f6st\u0259r\u0259n amill\u0259rd\u0259n biri d\u0259 parlamentl\u0259rimizin qar\u015f\u0131l\u0131ql\u0131 f\u0259aliyy\u0259tidir. Bildirilib ki, h\u0259r iki parlamentin s\u0259drl\u0259rinin, dostluq qruplar\u0131n\u0131n, m\u00fcxt\u0259lif n\u00fcmay\u0259nd\u0259 hey\u0259tl\u0259rinin h\u0259m ikit\u0259r\u0259fli \u0259sasda, h\u0259m d\u0259 parlamentl\u0259raras\u0131 t\u0259\u015fkilatlar \u00e7\u0259r\u00e7iv\u0259sind\u0259 qar\u015f\u0131l\u0131ql\u0131 s\u0259f\u0259rl\u0259ri olub.<\/p>\n<p>Sahib\u0259 Qafarova xat\u0131rlad\u0131b ki, bu ilin may\u0131nda Milli M\u0259clisin Az\u0259rbaycan xalq\u0131n\u0131n \u00dcmummilli Lideri Heyd\u0259r \u018fliyevin 100 illik yubileyin\u0259 h\u0259sr olunmu\u015f x\u00fcsusi iclas\u0131nda Rum\u0131niya Parlamentinin Deputatlar Palatas\u0131n\u0131n vitse-prezidenti Vasile Daniel Su\u00e7iu d\u0259 i\u015ftirak edib.<\/p>\n<p>Dostluq qruplar\u0131n\u0131n birg\u0259 f\u0259aliyy\u0259tinin vacibliyi, onlar aras\u0131nda m\u00fcnt\u0259z\u0259m t\u0259maslar\u0131n, dialoq v\u0259 fikir m\u00fcbadil\u0259sinin parlamentl\u0259rimiz aras\u0131nda k\u00f6rp\u00fc rolunu oynad\u0131\u011f\u0131 diqq\u0259t\u0259 \u00e7atd\u0131r\u0131l\u0131b. Bildirilib ki, \u00f6t\u0259n il Milli M\u0259clisin i\u015f\u00e7i qrupu Rum\u0131niyada, Rum\u0131niya parlamentinin dostluq qrupu is\u0259 Az\u0259rbaycanda s\u0259f\u0259rd\u0259 olublar. Onlar i\u015f\u011faldan azad edilmi\u015f \u0259razil\u0259rimiz\u0259, Az\u0259rbaycan\u0131n m\u0259d\u0259niyy\u0259t paytaxt\u0131 \u015eu\u015faya da s\u0259f\u0259r edib, Erm\u0259nistan t\u0259r\u0259find\u0259n da\u011f\u0131d\u0131lan bu \u0259razil\u0259rd\u0259 haz\u0131rda Az\u0259rbaycan t\u0259r\u0259find\u0259n apar\u0131lan geni\u015f quruculuq v\u0259 yenid\u0259nqurma i\u015fl\u0259ri il\u0259 tan\u0131\u015f olublar.<\/p>\n<p>G\u00f6r\u00fc\u015fd\u0259 parlament komit\u0259l\u0259rinin f\u0259aliyy\u0259ti il\u0259 parlamentl\u0259r aras\u0131nda \u0259laq\u0259l\u0259rin daha da d\u0259rinl\u0259\u015fdirilm\u0259si, h\u00fcquqi, iqtisadi, humanitar v\u0259 dig\u0259r sah\u0259l\u0259rd\u0259 qanunvericilik f\u0259aliyy\u0259tind\u0259 t\u0259cr\u00fcb\u0259 m\u00fcbadil\u0259si \u00fc\u00e7\u00fcn \u0259m\u0259kda\u015fl\u0131q imkanlar\u0131 m\u00fczakir\u0259 olunub.<\/p>\n<p>H\u0259m\u00e7inin qeyd edilib ki, parlamentl\u0259rimiz aras\u0131nda beyn\u0259lxalq parlament t\u0259\u015fkilatlar\u0131 \u00e7\u0259r\u00e7iv\u0259sind\u0259 s\u0131x \u0259m\u0259kda\u015fl\u0131\u011f\u0131 daha da inki\u015faf etdirm\u0259k laz\u0131md\u0131r. Bu beyn\u0259lxalq parlament institutlar\u0131nda n\u00fcmay\u0259nd\u0259 hey\u0259tl\u0259rimiz aras\u0131nda birba\u015fa m\u0259sl\u0259h\u0259tl\u0259\u015fm\u0259 mexanizminin yarad\u0131lmas\u0131 m\u00fcmk\u00fcnd\u00fcr. Bu t\u0259\u015fkilatlar daxilind\u0259 yaranan m\u00fcxt\u0259lif m\u0259s\u0259l\u0259l\u0259rd\u0259 m\u00f6vqel\u0259rin v\u0259 \u0259m\u0259kda\u015fl\u0131\u011f\u0131n \u0259laq\u0259l\u0259ndirilm\u0259si \u00e7ox faydal\u0131 olar.<\/p>\n<p>G\u00f6r\u00fc\u015fd\u0259 spiker Sahib\u0259 Qafarova b\u00f6lg\u0259d\u0259 m\u00f6vcud v\u0259ziyy\u0259t bar\u0259d\u0259 qar\u015f\u0131 t\u0259r\u0259f\u0259 geni\u015f m\u0259lumat ver\u0259r\u0259k, bildirib ki, Az\u0259rbaycan i\u015f\u011fal qurban\u0131 olmas\u0131na baxmayaraq, s\u00fclhd\u0259n dan\u0131\u015fma\u011fa ba\u015flayan v\u0259 beyn\u0259lxalq h\u00fcququn 5 prinsipin\u0259, o c\u00fcml\u0259d\u0259n \u0259razi b\u00fct\u00f6vl\u00fcy\u00fcn\u0259 v\u0259 beyn\u0259lxalq s\u0259viyy\u0259d\u0259 tan\u0131nm\u0131\u015f s\u0259rh\u0259dl\u0259rinin toxunulmazl\u0131\u011f\u0131na qar\u015f\u0131l\u0131ql\u0131 h\u00f6rm\u0259t\u0259 \u0259saslanan s\u00fclh m\u00fcqavil\u0259sinin imzalanmas\u0131 t\u0259\u015f\u0259bb\u00fcs\u00fc il\u0259 \u00e7\u0131x\u0131\u015f edib. Sahib\u0259 Qafarova Az\u0259rbaycan\u0131n suverenliyini v\u0259 \u0259razi b\u00fct\u00f6vl\u00fcy\u00fcn\u00fc davaml\u0131 d\u0259st\u0259kl\u0259diyin\u0259 g\u00f6r\u0259 Rum\u0131niya t\u0259r\u0259fin\u0259 t\u0259\u015f\u0259kk\u00fcr edib.<\/p>\n<p>O, diqq\u0259t\u0259 \u00e7atd\u0131r\u0131b ki, Erm\u0259nistan \u00fc\u00e7 ildir ki, Az\u0259rbaycan\u0131n suverenliyini v\u0259 \u0259razi b\u00fct\u00f6vl\u00fcy\u00fcn\u00fc pozmaq \u00fc\u00e7\u00fcn b\u00fct\u00fcn vasit\u0259l\u0259rd\u0259n istifad\u0259 edib, o c\u00fcml\u0259d\u0259n h\u0259rbi-siyasi t\u0259xribatlar, \u0259razil\u0259rin minalanmas\u0131, Az\u0259rbaycan \u0259razil\u0259rind\u0259 separatizmin d\u0259st\u0259kl\u0259nm\u0259si kimi t\u0259xribat\u00e7\u0131 add\u0131mlar\u0131n\u0131 davam etdirib. H\u0259m\u00e7inin Az\u0259rbaycan\u0131n Qaraba\u011f b\u00f6lg\u0259sind\u0259 Erm\u0259nistan\u0131n 10 minlik silahl\u0131 q\u00fcvv\u0259l\u0259ri, qanunsuz marionet rejiminin m\u00f6vcudlu\u011fu v\u0259 davaml\u0131 h\u0259rbi t\u0259xribatlar \u00f6lk\u0259mizi lokal antiterror t\u0259dbirl\u0259ri g\u00f6rm\u0259y\u0259 m\u0259cbur etdi. Spiker x\u00fcsusil\u0259 vur\u011fulay\u0131b ki, bu t\u0259dbirl\u0259r yaln\u0131z qeyri-qanuni h\u0259rbi birl\u0259\u015fm\u0259l\u0259ri v\u0259 h\u0259rbi infrastrukturu h\u0259d\u0259f\u0259 al\u0131b v\u0259 m\u00fclki \u0259haliy\u0259 v\u0259 obyektl\u0259r\u0259 he\u00e7 vaxt h\u00fccum edilm\u0259yib. O, bununla ba\u011fl\u0131 iddialar\u0131n \u0259sass\u0131z oldu\u011funu vur\u011fulay\u0131b.<\/p>\n<p>Terrorla m\u00fcbariz\u0259 t\u0259dbirl\u0259rinin 24 saatdan az m\u00fcdd\u0259td\u0259 \u00f6z m\u0259qs\u0259dl\u0259rin\u0259 \u00e7atd\u0131\u011f\u0131n\u0131, separat\u00e7\u0131 rejimin qanunsuz strukturlar\u0131n\u0131n da\u011f\u0131d\u0131ld\u0131\u011f\u0131n\u0131 v\u0259 Az\u0259rbaycan\u0131n \u00f6z suverenliyini b\u0259rpa etdiyini bildir\u0259n Sahib\u0259 Qafarova qeyd edib ki, art\u0131q Qaraba\u011f b\u00f6lg\u0259sinin etnik erm\u0259nil\u0259rinin reinteqrasiya prosesinin h\u0259yata ke\u00e7irilm\u0259sin\u0259 ba\u015flan\u0131l\u0131b. Q\u0131sa m\u00fcdd\u0259t \u0259rzind\u0259 Az\u0259rbaycan h\u00f6kum\u0259tinin x\u00fcsusi n\u00fcmay\u0259nd\u0259sinin Qaraba\u011f\u0131n erm\u0259ni sakinl\u0259rinin n\u00fcmay\u0259nd\u0259l\u0259ri il\u0259 \u00fc\u00e7 g\u00f6r\u00fc\u015f\u00fc ke\u00e7irilib. Onun s\u00f6zl\u0259rin\u0259 g\u00f6r\u0259, Az\u0259rbaycan v\u0259t\u0259nda\u015f\u0131 olacaq \u015f\u0259xsl\u0259rin b\u00fct\u00fcn h\u00fcquqlar\u0131 v\u0259 t\u0259hl\u00fck\u0259sizliyi t\u0259min olunacaq.<\/p>\n<p>Spiker diqq\u0259t\u0259 \u00e7atd\u0131r\u0131b ki, he\u00e7 kim etnik erm\u0259ni sakinl\u0259ri Qaraba\u011f\u0131 t\u0259rk etm\u0259y\u0259 m\u0259cbur etm\u0259yib. Bununla ba\u011fl\u0131 bir d\u0259n\u0259 d\u0259 olsun fakt yoxdur. Ged\u0259nl\u0259r bunu \u00f6z se\u00e7iml\u0259ri il\u0259 edibl\u0259r v\u0259 Az\u0259rbaycan onlar\u0131n h\u0259r\u0259k\u0259tinin t\u0259hl\u00fck\u0259sizliyini t\u0259min edib. Milli M\u0259clisin s\u0259dri xat\u0131rlad\u0131b ki, BMT-nin \u00f6lk\u0259d\u0259ki Rezident \u018flaq\u0259l\u0259ndirici Ofisinin v\u0259 BMT-nin ixtisasla\u015fm\u0131\u015f qurumlar\u0131n\u0131n t\u0259msil\u00e7il\u0259rind\u0259n ibar\u0259t n\u00fcmay\u0259nd\u0259 hey\u0259ti \u0259raziy\u0259 s\u0259f\u0259r etmi\u015fdi. Onlar\u0131n sonrak\u0131 b\u0259yanat\u0131 dinc \u0259haliy\u0259, m\u00fclki v\u0259 sosial infrastruktura qeyd\u0259 al\u0131nm\u0131\u015f h\u0259r hans\u0131 z\u0259r\u0259rin olmad\u0131\u011f\u0131n\u0131 t\u0259sdiql\u0259yib.<\/p>\n<p>Spiker Sahib\u0259 Qafarova g\u00f6r\u00fc\u015fd\u0259 h\u0259m\u00e7inin, bir s\u0131ra dair\u0259l\u0259rin Az\u0259rbaycana m\u00fcnasib\u0259td\u0259 n\u00fcmayi\u015f etdirdiyi q\u0259r\u0259zli m\u00f6vqeyini, ikili standartlara s\u00f6yk\u0259n\u0259n \u0259dal\u0259tsiz yana\u015fman\u0131 t\u0259nqid edib.<\/p>\n<p>Deputatlar Palatas\u0131n\u0131n s\u0259dri Alfred-Robert Simonis deyib ki, indi m\u00fc\u015fahid\u0259 olunan v\u0259ziyy\u0259t\u0259 baxmayaraq, zaman kimin haql\u0131 oldu\u011funu g\u00f6st\u0259r\u0259c\u0259k. O, \u00f6lk\u0259sinin Az\u0259rbaycan\u0131n \u0259razi b\u00fct\u00f6vl\u00fcy\u00fcn\u00fc h\u0259r zaman d\u0259st\u0259kl\u0259diyini, Qaraba\u011fda ke\u00e7iril\u0259n qondarma \u201cse\u00e7kil\u0259ri\u201d tan\u0131mad\u0131\u011f\u0131n\u0131 bildirib. Onun s\u00f6zl\u0259rin\u0259 g\u00f6r\u0259, qanunun aliliyin\u0259 v\u0259 suverenliy\u0259 h\u00f6rm\u0259t bu \u00f6lk\u0259nin \u0259n\u0259n\u0259sidir.<\/p>\n<p>G\u00f6r\u00fc\u015fd\u0259 qar\u015f\u0131l\u0131ql\u0131 maraq do\u011furan dig\u0259r m\u0259s\u0259l\u0259l\u0259r \u0259traf\u0131nda da m\u00fczakir\u0259l\u0259r apar\u0131l\u0131b.<\/p>\n<p>&nbsp;<\/p>\n<div class=\"gallery\">\n<div class=\"gallery-i\"><img src=\"https:\/\/cdn.oxu.az\/uploads\/W1siZiIsIjIwMjMvMTAvMTAvMTcvMDEvNTYvZDhkMGVkMDMtMmM5OC00OWJhLWJiZDAtZGJlOTFmNmZjZDc1LzFFc2FzIFdoYXRzQXBwIEltYWdlIDIwMjMtMTAtMTAgYXQgMTYuMzQuMjggKDMpXzE2OTY5NDI2NTcuanBnIl0sWyJwIiwiZW5jb2RlIiwianBnIiwiLXF1YWxpdHkgODAiXSxbInAiLCJ0aHVtYiIsIjU5MHg1OTBcdTAwM2UiXV0?sha=aaf9db61476cc5e7\" alt=\"\" \/><\/p>\n<div class=\"gallery-i-caption\"><\/div>\n<\/div>\n<div class=\"gallery-i\"><img src=\"https:\/\/cdn.oxu.az\/uploads\/W1siZiIsIjIwMjMvMTAvMTAvMTcvMDEvNTYvN2E5ZmY5ZDAtMjUwZi00MDUxLTg0ZWMtNDI2OGU4MGRhZjFiLzIgV2hhdHNBcHAgSW1hZ2UgMjAyMy0xMC0xMCBhdCAxNi4zNC4yOCAoMSlfMTY5Njk0MjY4Ny5qcGciXSxbInAiLCJlbmNvZGUiLCJqcGciLCItcXVhbGl0eSA4MCJdLFsicCIsInRodW1iIiwiNTkweDU5MFx1MDAzZSJdXQ?sha=10c409ded67d4efb\" alt=\"\" \/><\/p>\n<div class=\"gallery-i-caption\"><\/div>\n<\/div>\n<div class=\"gallery-i\"><img src=\"https:\/\/cdn.oxu.az\/uploads\/W1siZiIsIjIwMjMvMTAvMTAvMTcvMDEvNTYvODc2Nzk2YTYtZTEzNi00OWY3LWJlMDUtNWYxN2M1ZTNkMWU2LzMgV2hhdHNBcHAgSW1hZ2UgMjAyMy0xMC0xMCBhdCAxNi4zNC4yOCAoMilfMTY5Njk0MjY4Ny5qcGciXSxbInAiLCJlbmNvZGUiLCJqcGciLCItcXVhbGl0eSA4MCJdLFsicCIsInRodW1iIiwiNTkweDU5MFx1MDAzZSJdXQ?sha=9777ab9e5be58f9f\" alt=\"\" \/><\/p>\n<div class=\"gallery-i-caption\"><\/div>\n<\/div>\n<div class=\"gallery-i\"><img src=\"https:\/\/cdn.oxu.az\/uploads\/W1siZiIsIjIwMjMvMTAvMTAvMTcvMDEvNTcvNjFkYTczM2EtNzhiYS00MTgyLWE5NTgtZTk0NzVkMjIyNTc5LzQgV2hhdHNBcHAgSW1hZ2UgMjAyMy0xMC0xMCBhdCAxNi4zNC4yOV8xNjk2OTQyNjg3LmpwZyJdLFsicCIsImVuY29kZSIsImpwZyIsIi1xdWFsaXR5IDgwIl0sWyJwIiwidGh1bWIiLCI1OTB4NTkwXHUwMDNlIl1d?sha=0e0072f36e781dfc\" alt=\"\" \/><\/p>\n<div class=\"gallery-i-caption\"><\/div>\n<\/div>\n<div class=\"gallery-i\"><img src=\"https:\/\/cdn.oxu.az\/uploads\/W1siZiIsIjIwMjMvMTAvMTAvMTcvMDEvNTcvODViMjE0MTctNjk0MS00MmM2LTliMjMtYTMwNTA0ZmUwYTk3LzUgV2hhdHNBcHAgSW1hZ2UgMjAyMy0xMC0xMCBhdCAxNi4zNC4yOSAoMSlfMTY5Njk0MjY4Ny5qcGciXSxbInAiLCJlbmNvZGUiLCJqcGciLCItcXVhbGl0eSA4MCJdLFsicCIsInRodW1iIiwiNTkweDU5MFx1MDAzZSJdXQ?sha=241504bb7729903a\" alt=\"\" \/><\/p>\n<div class=\"gallery-i-caption\"><\/div>\n<\/div>\n<div class=\"gallery-i\"><img src=\"https:\/\/cdn.oxu.az\/uploads\/W1siZiIsIjIwMjMvMTAvMTAvMTcvMDEvNTcvOTEwMTJkYmQtNDM5ZS00OTE4LTg2ZTctYmRmZGNhYjNiM2NiLzcgV2hhdHNBcHAgSW1hZ2UgMjAyMy0xMC0xMCBhdCAxNi4zNC4yOSAoMylfMTY5Njk0MjY4Ny5qcGciXSxbInAiLCJlbmNvZGUiLCJqcGciLCItcXVhbGl0eSA4MCJdLFsicCIsInRodW1iIiwiNTkweDU5MFx1MDAzZSJdXQ?sha=0371e4a563e75a86\" alt=\"\" \/><\/p>\n<div class=\"gallery-i-caption\"><\/div>\n<\/div>\n<div class=\"gallery-i\"><img src=\"https:\/\/cdn.oxu.az\/uploads\/W1siZiIsIjIwMjMvMTAvMTAvMTcvMDEvNTcvZTkxYWU5YjUtZDg4ZC00MWUzLTg1MjktMDUyODMzZGY1YmZlLzggV2hhdHNBcHAgSW1hZ2UgMjAyMy0xMC0xMCBhdCAxNi4zNC4yOSAoMilfMTY5Njk0MjY4Ny5qcGciXSxbInAiLCJlbmNvZGUiLCJqcGciLCItcXVhbGl0eSA4MCJdLFsicCIsInRodW1iIiwiNTkweDU5MFx1MDAzZSJdXQ?sha=69dc42772a3b7c80\" alt=\"\" \/><\/div>\n<\/div>\n","protected":false},"excerpt":{"rendered":"<p>Milli M\u0259clisin s\u0259dri Sahib\u0259 Qafarova Rum\u0131niyaya r\u0259smi s\u0259f\u0259ri \u00e7\u0259r\u00e7iv\u0259sind\u0259 bu \u00f6lk\u0259 Parlamentinin Deputatlar Palatas\u0131n\u0131n s\u0259dri Alfred-Robert Simonis il\u0259 g\u00f6r\u00fc\u015f\u00fcb. Bu bar\u0259d\u0259 Milli M\u0259clisin M\u0259tbuat v\u0259 ictimaiyy\u0259tl\u0259 \u0259laq\u0259l\u0259r \u015f\u00f6b\u0259sind\u0259n m\u0259lumat verilib. Az\u0259rbaycan\u0131n parlament r\u0259hb\u0259rini Rum\u0131niya parlamentind\u0259 salamlamaqdan m\u0259mnunlu\u011funu bildir\u0259n Alfred-Robert Simonis bu s\u0259f\u0259rin iki \u00f6lk\u0259nin parlamentl\u0259ri aras\u0131nda \u0259m\u0259kda\u015fl\u0131\u011f\u0131n inki\u015faf\u0131na, dostluq m\u00fcnasib\u0259tl\u0259rinin daha da m\u00f6hk\u0259ml\u0259nm\u0259sin\u0259 t\u00f6hf\u0259 ver\u0259c\u0259yin\u0259 inam\u0131n\u0131 ifad\u0259 edib. O\u00a0qeyd edib ki, \u00f6lk\u0259l\u0259rimiz aras\u0131nda s\u0131x \u0259laq\u0259l\u0259r m\u00f6vcuddur. Deputatlar Palatas\u0131n\u0131n s\u0259dri Az\u0259rbaycan Respublikas\u0131n\u0131n Prezidenti\u00a0\u0130lham \u018fliyevin\u00a0Rum\u0131niyaya, Rum\u0131niya Prezidenti Klaus Yohannisin Az\u0259rbaycana s\u0259f\u0259rl\u0259rinin iki \u00f6lk\u0259 aras\u0131nda m\u00fcnasib\u0259tl\u0259rin daha da m\u00f6hk\u0259ml\u0259nm\u0259sinin t\u0259zah\u00fcr\u00fc oldu\u011funu bildirib. Deputatlar&hellip;<\/p>\n","protected":false},"author":2,"featured_media":643649,"comment_status":"closed","ping_status":"closed","sticky":false,"template":"","format":"standard","meta":{"om_disable_all_campaigns":false,"_monsterinsights_skip_tracking":false,"_monsterinsights_sitenote_active":false,"_monsterinsights_sitenote_note":"","_monsterinsights_sitenote_category":0},"categories":[4],"tags":[],"aioseo_notices":[],"gutentor_comment":0,"rttpg_featured_image_url":{"full":["https:\/\/arantv.az\/wp-content\/uploads\/2023\/10\/6-WhatsApp-Image-2023-10-10-at-16.34.28_1696942687.jpg",620,413,false],"landscape":["https:\/\/arantv.az\/wp-content\/uploads\/2023\/10\/6-WhatsApp-Image-2023-10-10-at-16.34.28_1696942687.jpg",620,413,false],"portraits":["https:\/\/arantv.az\/wp-content\/uploads\/2023\/10\/6-WhatsApp-Image-2023-10-10-at-16.34.28_1696942687.jpg",620,413,false],"thumbnail":["https:\/\/arantv.az\/wp-content\/uploads\/2023\/10\/6-WhatsApp-Image-2023-10-10-at-16.34.28_1696942687-500x280.jpg",500,280,true],"medium":["https:\/\/arantv.az\/wp-content\/uploads\/2023\/10\/6-WhatsApp-Image-2023-10-10-at-16.34.28_1696942687-548x365.jpg",548,365,true],"large":["https:\/\/arantv.az\/wp-content\/uploads\/2023\/10\/6-WhatsApp-Image-2023-10-10-at-16.34.28_1696942687.jpg",620,413,false],"1536x1536":["https:\/\/arantv.az\/wp-content\/uploads\/2023\/10\/6-WhatsApp-Image-2023-10-10-at-16.34.28_1696942687.jpg",620,413,false],"2048x2048":["https:\/\/arantv.az\/wp-content\/uploads\/2023\/10\/6-WhatsApp-Image-2023-10-10-at-16.34.28_1696942687.jpg",620,413,false],"post-thumbnail":["https:\/\/arantv.az\/wp-content\/uploads\/2023\/10\/6-WhatsApp-Image-2023-10-10-at-16.34.28_1696942687-240x172.jpg",240,172,true],"advps-thumb-one":["https:\/\/arantv.az\/wp-content\/uploads\/2023\/10\/6-WhatsApp-Image-2023-10-10-at-16.34.28_1696942687.jpg",620,413,false]},"rttpg_author":{"display_name":"V\u00fcsal Rafiqo\u011flu","author_link":"https:\/\/arantv.az\/?author=2"},"rttpg_comment":0,"rttpg_category":"<a href=\"https:\/\/arantv.az\/?cat=4\" rel=\"category\">Siyas\u0259t<\/a>","rttpg_excerpt":"Milli M\u0259clisin s\u0259dri Sahib\u0259 Qafarova Rum\u0131niyaya r\u0259smi s\u0259f\u0259ri \u00e7\u0259r\u00e7iv\u0259sind\u0259 bu \u00f6lk\u0259 Parlamentinin Deputatlar Palatas\u0131n\u0131n s\u0259dri Alfred-Robert Simonis il\u0259 g\u00f6r\u00fc\u015f\u00fcb. Bu bar\u0259d\u0259 Milli M\u0259clisin M\u0259tbuat v\u0259 ictimaiyy\u0259tl\u0259 \u0259laq\u0259l\u0259r \u015f\u00f6b\u0259sind\u0259n m\u0259lumat verilib. Az\u0259rbaycan\u0131n parlament r\u0259hb\u0259rini Rum\u0131niya parlamentind\u0259 salamlamaqdan m\u0259mnunlu\u011funu bildir\u0259n Alfred-Robert Simonis bu s\u0259f\u0259rin iki \u00f6lk\u0259nin parlamentl\u0259ri aras\u0131nda \u0259m\u0259kda\u015fl\u0131\u011f\u0131n inki\u015faf\u0131na, dostluq m\u00fcnasib\u0259tl\u0259rinin daha da m\u00f6hk\u0259ml\u0259nm\u0259sin\u0259 t\u00f6hf\u0259 ver\u0259c\u0259yin\u0259&hellip;","_links":{"self":[{"href":"https:\/\/arantv.az\/index.php?rest_route=\/wp\/v2\/posts\/643645"}],"collection":[{"href":"https:\/\/arantv.az\/index.php?rest_route=\/wp\/v2\/posts"}],"about":[{"href":"https:\/\/arantv.az\/index.php?rest_route=\/wp\/v2\/types\/post"}],"author":[{"embeddable":true,"href":"https:\/\/arantv.az\/index.php?rest_route=\/wp\/v2\/users\/2"}],"replies":[{"embeddable":true,"href":"https:\/\/arantv.az\/index.php?rest_route=%2Fwp%2Fv2%2Fcomments&post=643645"}],"version-history":[{"count":0,"href":"https:\/\/arantv.az\/index.php?rest_route=\/wp\/v2\/posts\/643645\/revisions"}],"wp:featuredmedia":[{"embeddable":true,"href":"https:\/\/arantv.az\/index.php?rest_route=\/wp\/v2\/media\/643649"}],"wp:attachment":[{"href":"https:\/\/arantv.az\/index.php?rest_route=%2Fwp%2Fv2%2Fmedia&parent=643645"}],"wp:term":[{"taxonomy":"category","embeddable":true,"href":"https:\/\/arantv.az\/index.php?rest_route=%2Fwp%2Fv2%2Fcategories&post=643645"},{"taxonomy":"post_tag","embeddable":true,"href":"https:\/\/arantv.az\/index.php?rest_route=%2Fwp%2Fv2%2Ftags&post=643645"}],"curies":[{"name":"wp","href":"https:\/\/api.w.org\/{rel}","templated":true}]}}