{"id":643650,"date":"2023-10-10T18:24:57","date_gmt":"2023-10-10T14:24:57","guid":{"rendered":"https:\/\/arantv.az\/?p=643650"},"modified":"2023-10-10T18:24:57","modified_gmt":"2023-10-10T14:24:57","slug":"hakan-fidan-susada-simali-kiprl%c9%99-bagli-cagiris-edib","status":"publish","type":"post","link":"https:\/\/arantv.az\/?p=643650","title":{"rendered":"Hakan Fidan \u015eu\u015fada \u015eimali Kiprl\u0259 ba\u011fl\u0131 \u00e7a\u011f\u0131r\u0131\u015f edib"},"content":{"rendered":"<p>\u201c\u015eimali Kipr T\u00fcrk Respublikas\u0131n\u0131n \u0130qtisadi \u018fm\u0259kda\u015fl\u0131q T\u0259\u015fkilat\u0131n\u0131n (\u0130\u018fT) \u00d6zb\u0259kistan\u0131n paytaxt\u0131 Da\u015fk\u0259ndd\u0259 ke\u00e7iril\u0259c\u0259k zirv\u0259 g\u00f6r\u00fc\u015f\u00fcn\u0259 d\u0259 d\u0259v\u0259t edil\u0259c\u0259yin\u0259 \u0259minik\u201d.<\/p>\n<p>\u201cReport\u201d x\u0259b\u0259r verir ki, bunu T\u00fcrkiy\u0259nin xarici i\u015fl\u0259r naziri Hakan Fidan \u0130\u018fT Nazirl\u0259r \u015euras\u0131n\u0131n oktyabr\u0131n 10-da \u015eu\u015fada ke\u00e7iril\u0259n 27-ci iclas\u0131nda \u00e7\u0131x\u0131\u015f\u0131 zaman\u0131 deyib.<\/p>\n<p>O, \u015eimali Kiprin \u0130\u018fT-in \u00fc\u00e7 m\u00fc\u015fahid\u0259\u00e7i \u00fczv\u00fcnd\u0259n biri oldu\u011funu xat\u0131rlad\u0131b:<\/p>\n<p>\u201cM\u00fc\u015fahid\u0259\u00e7i \u00fczvl\u0259rin \u0130\u018fT-in b\u00fct\u00fcn toplant\u0131lar\u0131na v\u0259 zirv\u0259 g\u00f6r\u00fc\u015fl\u0259rin\u0259 d\u0259v\u0259t edilm\u0259l\u0259rin\u0259 v\u0259 a\u00e7\u0131qlama il\u0259 \u00e7\u0131x\u0131\u015f etm\u0259l\u0259rin\u0259 icaz\u0259 verilm\u0259lidir\u201d.<\/p>\n<p>Qeyd ed\u0259k ki, bu g\u00fcn \u015eu\u015fada Az\u0259rbaycan\u0131n s\u0259drliyi il\u0259 \u0130\u018fT-in Nazirl\u0259ri \u015euras\u0131n\u0131n 27-ci iclas\u0131 ke\u00e7irilib. Toplant\u0131da Az\u0259rbaycan xarici i\u015fl\u0259r naziri Ceyhun Bayramov, T\u00fcrkiy\u0259nin xarici i\u015fl\u0259r naziri Hakan Fidan, Tacikistan\u0131n xarici i\u015fl\u0259r naziri Sirojiddin Muhriddin, \u0130ran xarici i\u015fl\u0259r nazirinin m\u00fcavini Mehdi S\u0259f\u0259ri v\u0259 t\u0259\u015fkilata \u00fczv olan dig\u0259r d\u00f6vl\u0259tl\u0259rin xarici siyas\u0259t idar\u0259l\u0259rinin r\u0259hb\u0259rl\u0259ri v\u0259 t\u0259msil\u00e7il\u0259ri i\u015ftirak edibl\u0259r.<\/p>\n<p>Bundan ba\u015fqa, \u015eimali Kipr T\u00fcrk Respublikas\u0131n\u0131n xarici i\u015fl\u0259r naziri Tahsin Ertu\u011frulo\u011flu m\u00fc\u015fahid\u0259\u00e7i qismind\u0259 t\u0259dbir\u0259 qat\u0131l\u0131b.<\/p>\n<p>\u0130clasda 2023-c\u00fc ild\u0259 \u0130\u018fT kontekstind\u0259 \u0259m\u0259kda\u015fl\u0131q \u00e7\u0259r\u00e7iv\u0259sind\u0259 g\u00f6r\u00fcl\u0259n i\u015fl\u0259r v\u0259 onun n\u0259tic\u0259l\u0259ri qiym\u0259tl\u0259ndirilib, t\u0259\u015fkilat\u0131n g\u00fcnd\u0259liyind\u0259 duran cari m\u0259s\u0259l\u0259l\u0259r m\u00fczakir\u0259 olunub.<\/p>\n","protected":false},"excerpt":{"rendered":"<p>\u201c\u015eimali Kipr T\u00fcrk Respublikas\u0131n\u0131n \u0130qtisadi \u018fm\u0259kda\u015fl\u0131q T\u0259\u015fkilat\u0131n\u0131n (\u0130\u018fT) \u00d6zb\u0259kistan\u0131n paytaxt\u0131 Da\u015fk\u0259ndd\u0259 ke\u00e7iril\u0259c\u0259k zirv\u0259 g\u00f6r\u00fc\u015f\u00fcn\u0259 d\u0259 d\u0259v\u0259t edil\u0259c\u0259yin\u0259 \u0259minik\u201d. \u201cReport\u201d x\u0259b\u0259r verir ki, bunu T\u00fcrkiy\u0259nin xarici i\u015fl\u0259r naziri Hakan Fidan \u0130\u018fT Nazirl\u0259r \u015euras\u0131n\u0131n oktyabr\u0131n 10-da \u015eu\u015fada ke\u00e7iril\u0259n 27-ci iclas\u0131nda \u00e7\u0131x\u0131\u015f\u0131 zaman\u0131 deyib. O, \u015eimali Kiprin \u0130\u018fT-in \u00fc\u00e7 m\u00fc\u015fahid\u0259\u00e7i \u00fczv\u00fcnd\u0259n biri oldu\u011funu xat\u0131rlad\u0131b: \u201cM\u00fc\u015fahid\u0259\u00e7i \u00fczvl\u0259rin \u0130\u018fT-in b\u00fct\u00fcn toplant\u0131lar\u0131na v\u0259 zirv\u0259 g\u00f6r\u00fc\u015fl\u0259rin\u0259 d\u0259v\u0259t edilm\u0259l\u0259rin\u0259 v\u0259 a\u00e7\u0131qlama il\u0259 \u00e7\u0131x\u0131\u015f etm\u0259l\u0259rin\u0259 icaz\u0259 verilm\u0259lidir\u201d. Qeyd ed\u0259k ki, bu g\u00fcn \u015eu\u015fada Az\u0259rbaycan\u0131n s\u0259drliyi il\u0259 \u0130\u018fT-in Nazirl\u0259ri \u015euras\u0131n\u0131n 27-ci iclas\u0131 ke\u00e7irilib. Toplant\u0131da Az\u0259rbaycan xarici i\u015fl\u0259r naziri Ceyhun Bayramov,&hellip;<\/p>\n","protected":false},"author":2,"featured_media":643653,"comment_status":"closed","ping_status":"closed","sticky":false,"template":"","format":"standard","meta":{"om_disable_all_campaigns":false,"_monsterinsights_skip_tracking":false,"_monsterinsights_sitenote_active":false,"_monsterinsights_sitenote_note":"","_monsterinsights_sitenote_category":0},"categories":[4],"tags":[],"aioseo_notices":[],"gutentor_comment":0,"rttpg_featured_image_url":{"full":["https:\/\/arantv.az\/wp-content\/uploads\/2023\/10\/0910923b-fe5b-3842-9a30-f08d0d3c6ad2_850.jpg",620,413,false],"landscape":["https:\/\/arantv.az\/wp-content\/uploads\/2023\/10\/0910923b-fe5b-3842-9a30-f08d0d3c6ad2_850.jpg",620,413,false],"portraits":["https:\/\/arantv.az\/wp-content\/uploads\/2023\/10\/0910923b-fe5b-3842-9a30-f08d0d3c6ad2_850.jpg",620,413,false],"thumbnail":["https:\/\/arantv.az\/wp-content\/uploads\/2023\/10\/0910923b-fe5b-3842-9a30-f08d0d3c6ad2_850-500x280.jpg",500,280,true],"medium":["https:\/\/arantv.az\/wp-content\/uploads\/2023\/10\/0910923b-fe5b-3842-9a30-f08d0d3c6ad2_850-548x365.jpg",548,365,true],"large":["https:\/\/arantv.az\/wp-content\/uploads\/2023\/10\/0910923b-fe5b-3842-9a30-f08d0d3c6ad2_850.jpg",620,413,false],"1536x1536":["https:\/\/arantv.az\/wp-content\/uploads\/2023\/10\/0910923b-fe5b-3842-9a30-f08d0d3c6ad2_850.jpg",620,413,false],"2048x2048":["https:\/\/arantv.az\/wp-content\/uploads\/2023\/10\/0910923b-fe5b-3842-9a30-f08d0d3c6ad2_850.jpg",620,413,false],"post-thumbnail":["https:\/\/arantv.az\/wp-content\/uploads\/2023\/10\/0910923b-fe5b-3842-9a30-f08d0d3c6ad2_850-240x172.jpg",240,172,true],"advps-thumb-one":["https:\/\/arantv.az\/wp-content\/uploads\/2023\/10\/0910923b-fe5b-3842-9a30-f08d0d3c6ad2_850.jpg",620,413,false]},"rttpg_author":{"display_name":"V\u00fcsal Rafiqo\u011flu","author_link":"https:\/\/arantv.az\/?author=2"},"rttpg_comment":0,"rttpg_category":"<a href=\"https:\/\/arantv.az\/?cat=4\" rel=\"category\">Siyas\u0259t<\/a>","rttpg_excerpt":"\u201c\u015eimali Kipr T\u00fcrk Respublikas\u0131n\u0131n \u0130qtisadi \u018fm\u0259kda\u015fl\u0131q T\u0259\u015fkilat\u0131n\u0131n (\u0130\u018fT) \u00d6zb\u0259kistan\u0131n paytaxt\u0131 Da\u015fk\u0259ndd\u0259 ke\u00e7iril\u0259c\u0259k zirv\u0259 g\u00f6r\u00fc\u015f\u00fcn\u0259 d\u0259 d\u0259v\u0259t edil\u0259c\u0259yin\u0259 \u0259minik\u201d. \u201cReport\u201d x\u0259b\u0259r verir ki, bunu T\u00fcrkiy\u0259nin xarici i\u015fl\u0259r naziri Hakan Fidan \u0130\u018fT Nazirl\u0259r \u015euras\u0131n\u0131n oktyabr\u0131n 10-da \u015eu\u015fada ke\u00e7iril\u0259n 27-ci iclas\u0131nda \u00e7\u0131x\u0131\u015f\u0131 zaman\u0131 deyib. O, \u015eimali Kiprin \u0130\u018fT-in \u00fc\u00e7 m\u00fc\u015fahid\u0259\u00e7i \u00fczv\u00fcnd\u0259n biri oldu\u011funu xat\u0131rlad\u0131b: \u201cM\u00fc\u015fahid\u0259\u00e7i \u00fczvl\u0259rin \u0130\u018fT-in b\u00fct\u00fcn&hellip;","_links":{"self":[{"href":"https:\/\/arantv.az\/index.php?rest_route=\/wp\/v2\/posts\/643650"}],"collection":[{"href":"https:\/\/arantv.az\/index.php?rest_route=\/wp\/v2\/posts"}],"about":[{"href":"https:\/\/arantv.az\/index.php?rest_route=\/wp\/v2\/types\/post"}],"author":[{"embeddable":true,"href":"https:\/\/arantv.az\/index.php?rest_route=\/wp\/v2\/users\/2"}],"replies":[{"embeddable":true,"href":"https:\/\/arantv.az\/index.php?rest_route=%2Fwp%2Fv2%2Fcomments&post=643650"}],"version-history":[{"count":0,"href":"https:\/\/arantv.az\/index.php?rest_route=\/wp\/v2\/posts\/643650\/revisions"}],"wp:featuredmedia":[{"embeddable":true,"href":"https:\/\/arantv.az\/index.php?rest_route=\/wp\/v2\/media\/643653"}],"wp:attachment":[{"href":"https:\/\/arantv.az\/index.php?rest_route=%2Fwp%2Fv2%2Fmedia&parent=643650"}],"wp:term":[{"taxonomy":"category","embeddable":true,"href":"https:\/\/arantv.az\/index.php?rest_route=%2Fwp%2Fv2%2Fcategories&post=643650"},{"taxonomy":"post_tag","embeddable":true,"href":"https:\/\/arantv.az\/index.php?rest_route=%2Fwp%2Fv2%2Ftags&post=643650"}],"curies":[{"name":"wp","href":"https:\/\/api.w.org\/{rel}","templated":true}]}}