{"id":643659,"date":"2023-10-10T18:28:31","date_gmt":"2023-10-10T14:28:31","guid":{"rendered":"https:\/\/arantv.az\/?p=643659"},"modified":"2023-10-10T18:28:31","modified_gmt":"2023-10-10T14:28:31","slug":"barselona-az%c9%99rbaycanlilari-erm%c9%99nil%c9%99rin-beyn%c9%99lxalq-platformalarda-s%c9%99sl%c9%99ndirdiyi-%c9%99sassiz-iddialari-ifsa-edibl%c9%99r","status":"publish","type":"post","link":"https:\/\/arantv.az\/?p=643659","title":{"rendered":"Barselona az\u0259rbaycanl\u0131lar\u0131 erm\u0259nil\u0259rin beyn\u0259lxalq platformalarda s\u0259sl\u0259ndirdiyi \u0259sass\u0131z iddialar\u0131 if\u015fa edibl\u0259r"},"content":{"rendered":"<p>\u0130spaniyan\u0131n Barselona \u015f\u0259h\u0259rind\u0259 ya\u015fayan Az\u0259rbaycan icmas\u0131 Erm\u0259nistan r\u0259smil\u0259rinin \u00f6lk\u0259miz\u0259 qar\u015f\u0131 s\u0259sl\u0259ndirdikl\u0259ri \u0259sass\u0131z iddialara hidd\u0259tli etiraz\u0131n\u0131 bildirib.<\/p>\n<p>Bu bar\u0259d\u0259 Diasporla \u0130\u015f \u00fczr\u0259 D\u00f6vl\u0259t Komit\u0259si m\u0259lumat yay\u0131b.<\/p>\n<p>\u201cBarselonada Az\u0259rbaycanl\u0131lar C\u0259miyy\u0259ti\u201d v\u0259 Barselona Az\u0259rbaycan Evinin ad\u0131ndan beyn\u0259lxalq t\u0259\u015fkilatlara \u00fcnvanlanan b\u0259yanatda bildirilib ki, soyda\u015flar\u0131m\u0131z erm\u0259ni n\u00fcmay\u0259nd\u0259l\u0259rinin beyn\u0259lxalq platformalarda \u00f6lk\u0259mizin \u00fcnvan\u0131na s\u0259sl\u0259ndirdikl\u0259ri \u0259sass\u0131z iddialar\u0131 q\u0259tiyy\u0259tl\u0259 r\u0259dd edir:<\/p>\n<p>\u201cAT\u018fT-in dig\u0259r \u00fczv-d\u00f6vl\u0259tin\u0259 qar\u015f\u0131 t\u0259cav\u00fcz t\u0259\u015f\u0259bb\u00fcs\u00fc il\u0259 \u00e7\u0131x\u0131\u015f ed\u0259n, qon\u015fusunun \u0259razisini otuz il\u0259 yax\u0131n qeyri-qanuni i\u015f\u011fal alt\u0131nda saxlayan, beyn\u0259lxalq h\u00fcququ, o c\u00fcml\u0259d\u0259n BMT Nizamnam\u0259sini a\u00e7\u0131q \u015f\u0259kild\u0259 pozan \u00f6lk\u0259 kimi Erm\u0259nistan\u0131n etnik t\u0259mizl\u0259m\u0259 v\u0259 nifr\u0259t kimi anlay\u0131\u015flara istinad etm\u0259y\u0259 haqq\u0131 yoxdur\u201d.<\/p>\n<p>B\u0259yanatda Qaraba\u011f m\u00fcnaqi\u015f\u0259sinin tarixi, Erm\u0259nistan\u0131n \u00f6lk\u0259miz\u0259 v\u0259 xalq\u0131m\u0131za qar\u015f\u0131 apard\u0131\u011f\u0131 q\u0259sbkar, t\u0259cav\u00fczkar, etnik t\u0259mizl\u0259m\u0259, terror, vandalizm siyas\u0259ti bar\u0259d\u0259 faktlara \u0259saslanan \u0259trafl\u0131 m\u0259lumat verilib. S\u00fclhsev\u0259r v\u0259 multikultural Az\u0259rbaycan\u0131n nifr\u0259t v\u0259 d\u00f6z\u00fcms\u00fczl\u00fckl\u0259 m\u00fc\u015fayi\u0259t olunan v\u0259h\u015filikl\u0259rl\u0259 yadda qalan erm\u0259ni t\u0259cav\u00fcz\u00fc v\u0259 i\u015f\u011fal\u0131ndan \u00e7ox \u0259zab \u00e7\u0259kdiyin\u0259 diqq\u0259t c\u0259lb edilib.<\/p>\n<p>Bildirilib ki, erm\u0259ni v\u0259h\u015filiyin\u0259 dair faktlar\u0131n g\u00f6z \u00f6n\u00fcnd\u0259 olmas\u0131na, Az\u0259rbaycan d\u00f6vl\u0259tinin Qaraba\u011f iqtisadi rayonundak\u0131 erm\u0259ni \u0259halisin\u0259 qar\u015f\u0131 he\u00e7 bir etnik t\u0259mizl\u0259m\u0259 aparmad\u0131\u011f\u0131na, Erm\u0259nistan ba\u015f naziri Nikol Pa\u015finyan\u0131n Qranadada Qaraba\u011f da daxil olmaqla Az\u0259rbaycan\u0131n \u0259razi b\u00fct\u00f6vl\u00fcy\u00fcn\u00fc tan\u0131d\u0131\u011f\u0131n\u0131 t\u0259sdiql\u0259diyin\u0259 baxmayaraq, erm\u0259ni n\u00fcmay\u0259nd\u0259 hey\u0259tl\u0259ri israrla Az\u0259rbaycana qar\u015f\u0131 yalan v\u0259 uydurmalara \u0259saslanan \u0259ks-t\u0259bli\u011fat aparma\u011fa, \u00f6z v\u0259h\u015filikl\u0259rini gizl\u0259tm\u0259y\u0259 v\u0259 Az\u0259rbaycan\u0131n n\u00fcfuzunu l\u0259k\u0259l\u0259m\u0259y\u0259 c\u0259hdl\u0259r g\u00f6st\u0259rirl\u0259r.<\/p>\n<p>Tarixi v\u0259t\u0259nl\u0259rin\u0259 d\u0259st\u0259kl\u0259rini ifad\u0259 ed\u0259n Barselona az\u0259rbaycanl\u0131lar\u0131 d\u00fcnya birliyini v\u0259 beyn\u0259lxalq t\u0259\u015fkilatlar\u0131 erm\u0259ni uydurmalar\u0131na inanmama\u011fa, d\u0259qiq mina x\u0259rit\u0259l\u0259rinin t\u0259hvil verilm\u0259si, Az\u0259rbaycanla s\u00fclh m\u00fcqavil\u0259si imzalanmas\u0131, regionda davaml\u0131 s\u00fclh\u00fcn b\u0259rq\u0259rar olmas\u0131 \u00fc\u00e7\u00fcn Erm\u0259nistana t\u0259zyiq g\u00f6st\u0259rm\u0259y\u0259 \u00e7a\u011f\u0131r\u0131blar.<\/p>\n","protected":false},"excerpt":{"rendered":"<p>\u0130spaniyan\u0131n Barselona \u015f\u0259h\u0259rind\u0259 ya\u015fayan Az\u0259rbaycan icmas\u0131 Erm\u0259nistan r\u0259smil\u0259rinin \u00f6lk\u0259miz\u0259 qar\u015f\u0131 s\u0259sl\u0259ndirdikl\u0259ri \u0259sass\u0131z iddialara hidd\u0259tli etiraz\u0131n\u0131 bildirib. Bu bar\u0259d\u0259 Diasporla \u0130\u015f \u00fczr\u0259 D\u00f6vl\u0259t Komit\u0259si m\u0259lumat yay\u0131b. \u201cBarselonada Az\u0259rbaycanl\u0131lar C\u0259miyy\u0259ti\u201d v\u0259 Barselona Az\u0259rbaycan Evinin ad\u0131ndan beyn\u0259lxalq t\u0259\u015fkilatlara \u00fcnvanlanan b\u0259yanatda bildirilib ki, soyda\u015flar\u0131m\u0131z erm\u0259ni n\u00fcmay\u0259nd\u0259l\u0259rinin beyn\u0259lxalq platformalarda \u00f6lk\u0259mizin \u00fcnvan\u0131na s\u0259sl\u0259ndirdikl\u0259ri \u0259sass\u0131z iddialar\u0131 q\u0259tiyy\u0259tl\u0259 r\u0259dd edir: \u201cAT\u018fT-in dig\u0259r \u00fczv-d\u00f6vl\u0259tin\u0259 qar\u015f\u0131 t\u0259cav\u00fcz t\u0259\u015f\u0259bb\u00fcs\u00fc il\u0259 \u00e7\u0131x\u0131\u015f ed\u0259n, qon\u015fusunun \u0259razisini otuz il\u0259 yax\u0131n qeyri-qanuni i\u015f\u011fal alt\u0131nda saxlayan, beyn\u0259lxalq h\u00fcququ, o c\u00fcml\u0259d\u0259n BMT Nizamnam\u0259sini a\u00e7\u0131q \u015f\u0259kild\u0259 pozan \u00f6lk\u0259 kimi Erm\u0259nistan\u0131n etnik t\u0259mizl\u0259m\u0259 v\u0259 nifr\u0259t kimi anlay\u0131\u015flara istinad etm\u0259y\u0259&hellip;<\/p>\n","protected":false},"author":2,"featured_media":643664,"comment_status":"closed","ping_status":"closed","sticky":false,"template":"","format":"standard","meta":{"om_disable_all_campaigns":false,"_monsterinsights_skip_tracking":false,"_monsterinsights_sitenote_active":false,"_monsterinsights_sitenote_note":"","_monsterinsights_sitenote_category":0},"categories":[1],"tags":[],"aioseo_notices":[],"gutentor_comment":0,"rttpg_featured_image_url":{"full":["https:\/\/arantv.az\/wp-content\/uploads\/2023\/10\/20231010044057_Barsa-1.jpg",620,413,false],"landscape":["https:\/\/arantv.az\/wp-content\/uploads\/2023\/10\/20231010044057_Barsa-1.jpg",620,413,false],"portraits":["https:\/\/arantv.az\/wp-content\/uploads\/2023\/10\/20231010044057_Barsa-1.jpg",620,413,false],"thumbnail":["https:\/\/arantv.az\/wp-content\/uploads\/2023\/10\/20231010044057_Barsa-1-500x280.jpg",500,280,true],"medium":["https:\/\/arantv.az\/wp-content\/uploads\/2023\/10\/20231010044057_Barsa-1-548x365.jpg",548,365,true],"large":["https:\/\/arantv.az\/wp-content\/uploads\/2023\/10\/20231010044057_Barsa-1.jpg",620,413,false],"1536x1536":["https:\/\/arantv.az\/wp-content\/uploads\/2023\/10\/20231010044057_Barsa-1.jpg",620,413,false],"2048x2048":["https:\/\/arantv.az\/wp-content\/uploads\/2023\/10\/20231010044057_Barsa-1.jpg",620,413,false],"post-thumbnail":["https:\/\/arantv.az\/wp-content\/uploads\/2023\/10\/20231010044057_Barsa-1-240x172.jpg",240,172,true],"advps-thumb-one":["https:\/\/arantv.az\/wp-content\/uploads\/2023\/10\/20231010044057_Barsa-1.jpg",620,413,false]},"rttpg_author":{"display_name":"V\u00fcsal Rafiqo\u011flu","author_link":"https:\/\/arantv.az\/?author=2"},"rttpg_comment":0,"rttpg_category":"<a href=\"https:\/\/arantv.az\/?cat=1\" rel=\"category\">C\u0259miyy\u0259t<\/a>","rttpg_excerpt":"\u0130spaniyan\u0131n Barselona \u015f\u0259h\u0259rind\u0259 ya\u015fayan Az\u0259rbaycan icmas\u0131 Erm\u0259nistan r\u0259smil\u0259rinin \u00f6lk\u0259miz\u0259 qar\u015f\u0131 s\u0259sl\u0259ndirdikl\u0259ri \u0259sass\u0131z iddialara hidd\u0259tli etiraz\u0131n\u0131 bildirib. Bu bar\u0259d\u0259 Diasporla \u0130\u015f \u00fczr\u0259 D\u00f6vl\u0259t Komit\u0259si m\u0259lumat yay\u0131b. \u201cBarselonada Az\u0259rbaycanl\u0131lar C\u0259miyy\u0259ti\u201d v\u0259 Barselona Az\u0259rbaycan Evinin ad\u0131ndan beyn\u0259lxalq t\u0259\u015fkilatlara \u00fcnvanlanan b\u0259yanatda bildirilib ki, soyda\u015flar\u0131m\u0131z erm\u0259ni n\u00fcmay\u0259nd\u0259l\u0259rinin beyn\u0259lxalq platformalarda \u00f6lk\u0259mizin \u00fcnvan\u0131na s\u0259sl\u0259ndirdikl\u0259ri \u0259sass\u0131z iddialar\u0131 q\u0259tiyy\u0259tl\u0259 r\u0259dd edir: \u201cAT\u018fT-in dig\u0259r \u00fczv-d\u00f6vl\u0259tin\u0259&hellip;","_links":{"self":[{"href":"https:\/\/arantv.az\/index.php?rest_route=\/wp\/v2\/posts\/643659"}],"collection":[{"href":"https:\/\/arantv.az\/index.php?rest_route=\/wp\/v2\/posts"}],"about":[{"href":"https:\/\/arantv.az\/index.php?rest_route=\/wp\/v2\/types\/post"}],"author":[{"embeddable":true,"href":"https:\/\/arantv.az\/index.php?rest_route=\/wp\/v2\/users\/2"}],"replies":[{"embeddable":true,"href":"https:\/\/arantv.az\/index.php?rest_route=%2Fwp%2Fv2%2Fcomments&post=643659"}],"version-history":[{"count":0,"href":"https:\/\/arantv.az\/index.php?rest_route=\/wp\/v2\/posts\/643659\/revisions"}],"wp:featuredmedia":[{"embeddable":true,"href":"https:\/\/arantv.az\/index.php?rest_route=\/wp\/v2\/media\/643664"}],"wp:attachment":[{"href":"https:\/\/arantv.az\/index.php?rest_route=%2Fwp%2Fv2%2Fmedia&parent=643659"}],"wp:term":[{"taxonomy":"category","embeddable":true,"href":"https:\/\/arantv.az\/index.php?rest_route=%2Fwp%2Fv2%2Fcategories&post=643659"},{"taxonomy":"post_tag","embeddable":true,"href":"https:\/\/arantv.az\/index.php?rest_route=%2Fwp%2Fv2%2Ftags&post=643659"}],"curies":[{"name":"wp","href":"https:\/\/api.w.org\/{rel}","templated":true}]}}