{"id":643668,"date":"2023-10-10T18:29:47","date_gmt":"2023-10-10T14:29:47","guid":{"rendered":"https:\/\/arantv.az\/?p=643668"},"modified":"2023-10-10T18:29:47","modified_gmt":"2023-10-10T14:29:47","slug":"turkiy%c9%99-v%c9%99-pakistan-xin-bascilari-susada-gorusubl%c9%99r-foto","status":"publish","type":"post","link":"https:\/\/arantv.az\/?p=643668","title":{"rendered":"T\u00fcrkiy\u0259 v\u0259 Pakistan X\u0130N ba\u015f\u00e7\u0131lar\u0131 \u015eu\u015fada g\u00f6r\u00fc\u015f\u00fcbl\u0259r &#8211; FOTO"},"content":{"rendered":"<p>T\u00fcrkiy\u0259nin xarici i\u015fl\u0259r naziri Hakan Fidan \u015eu\u015fada pakistanl\u0131 h\u0259mkar\u0131 C\u0259lil Abbas Cilani il\u0259 g\u00f6r\u00fc\u015f\u00fcb.<\/p>\n<p>Bu bar\u0259d\u0259 T\u00fcrkiy\u0259nin Xarici \u0130\u015fl\u0259r Nazirliyind\u0259n bildirilib.<\/p>\n<p>T\u0259r\u0259fl\u0259r \u0130qtisadi \u018fm\u0259kda\u015fl\u0131q T\u0259\u015fkilat\u0131n\u0131n Nazirl\u0259r \u015euras\u0131n\u0131n oktyabr\u0131n 10-da \u015eu\u015fada ke\u00e7iril\u0259n 27-ci iclas\u0131 \u00e7\u0259r\u00e7iv\u0259sind\u0259 bir araya g\u0259libl\u0259r.<\/p>\n<p>Hakan Fidan v\u0259 C\u0259lil Abbas Cilani qar\u015f\u0131l\u0131ql\u0131 maraq do\u011furan m\u0259s\u0259l\u0259l\u0259ri m\u00fczakir\u0259 edibl\u0259r.<\/p>\n<p>&nbsp;<\/p>\n<div class=\"gallery\">\n<div class=\"gallery-i\"><img src=\"https:\/\/cdn.oxu.az\/uploads\/W1siZiIsIjIwMjMvMTAvMTAvMTcvMTMvNTMvMGFkYTFmNjAtNzdlOS00N2MxLWE0MTEtZWYwYmViMzI1MTc4L2IzYTdmYzY4LTkwNTctM2RlZi1hMmFlLTNkZGEzNDI2MmQ3ZC5qcGciXSxbInAiLCJlbmNvZGUiLCJqcGciLCItcXVhbGl0eSA4MCJdLFsicCIsInRodW1iIiwiNTkweDU5MFx1MDAzZSJdXQ?sha=13c8cfc0b59d0b39\" alt=\"\" \/><\/div>\n<\/div>\n","protected":false},"excerpt":{"rendered":"<p>T\u00fcrkiy\u0259nin xarici i\u015fl\u0259r naziri Hakan Fidan \u015eu\u015fada pakistanl\u0131 h\u0259mkar\u0131 C\u0259lil Abbas Cilani il\u0259 g\u00f6r\u00fc\u015f\u00fcb. Bu bar\u0259d\u0259 T\u00fcrkiy\u0259nin Xarici \u0130\u015fl\u0259r Nazirliyind\u0259n bildirilib. T\u0259r\u0259fl\u0259r \u0130qtisadi \u018fm\u0259kda\u015fl\u0131q T\u0259\u015fkilat\u0131n\u0131n Nazirl\u0259r \u015euras\u0131n\u0131n oktyabr\u0131n 10-da \u015eu\u015fada ke\u00e7iril\u0259n 27-ci iclas\u0131 \u00e7\u0259r\u00e7iv\u0259sind\u0259 bir araya g\u0259libl\u0259r. Hakan Fidan v\u0259 C\u0259lil Abbas Cilani qar\u015f\u0131l\u0131ql\u0131 maraq do\u011furan m\u0259s\u0259l\u0259l\u0259ri m\u00fczakir\u0259 edibl\u0259r. &nbsp;<\/p>\n","protected":false},"author":2,"featured_media":643671,"comment_status":"closed","ping_status":"closed","sticky":false,"template":"","format":"standard","meta":{"om_disable_all_campaigns":false,"_monsterinsights_skip_tracking":false,"_monsterinsights_sitenote_active":false,"_monsterinsights_sitenote_note":"","_monsterinsights_sitenote_category":0},"categories":[4],"tags":[],"aioseo_notices":[],"gutentor_comment":0,"rttpg_featured_image_url":{"full":["https:\/\/arantv.az\/wp-content\/uploads\/2023\/10\/f3776fc9-1d39-31aa-8e3b-a52e9ea6df1f_850.jpg",620,413,false],"landscape":["https:\/\/arantv.az\/wp-content\/uploads\/2023\/10\/f3776fc9-1d39-31aa-8e3b-a52e9ea6df1f_850.jpg",620,413,false],"portraits":["https:\/\/arantv.az\/wp-content\/uploads\/2023\/10\/f3776fc9-1d39-31aa-8e3b-a52e9ea6df1f_850.jpg",620,413,false],"thumbnail":["https:\/\/arantv.az\/wp-content\/uploads\/2023\/10\/f3776fc9-1d39-31aa-8e3b-a52e9ea6df1f_850-500x280.jpg",500,280,true],"medium":["https:\/\/arantv.az\/wp-content\/uploads\/2023\/10\/f3776fc9-1d39-31aa-8e3b-a52e9ea6df1f_850-548x365.jpg",548,365,true],"large":["https:\/\/arantv.az\/wp-content\/uploads\/2023\/10\/f3776fc9-1d39-31aa-8e3b-a52e9ea6df1f_850.jpg",620,413,false],"1536x1536":["https:\/\/arantv.az\/wp-content\/uploads\/2023\/10\/f3776fc9-1d39-31aa-8e3b-a52e9ea6df1f_850.jpg",620,413,false],"2048x2048":["https:\/\/arantv.az\/wp-content\/uploads\/2023\/10\/f3776fc9-1d39-31aa-8e3b-a52e9ea6df1f_850.jpg",620,413,false],"post-thumbnail":["https:\/\/arantv.az\/wp-content\/uploads\/2023\/10\/f3776fc9-1d39-31aa-8e3b-a52e9ea6df1f_850-240x172.jpg",240,172,true],"advps-thumb-one":["https:\/\/arantv.az\/wp-content\/uploads\/2023\/10\/f3776fc9-1d39-31aa-8e3b-a52e9ea6df1f_850.jpg",620,413,false]},"rttpg_author":{"display_name":"V\u00fcsal Rafiqo\u011flu","author_link":"https:\/\/arantv.az\/?author=2"},"rttpg_comment":0,"rttpg_category":"<a href=\"https:\/\/arantv.az\/?cat=4\" rel=\"category\">Siyas\u0259t<\/a>","rttpg_excerpt":"T\u00fcrkiy\u0259nin xarici i\u015fl\u0259r naziri Hakan Fidan \u015eu\u015fada pakistanl\u0131 h\u0259mkar\u0131 C\u0259lil Abbas Cilani il\u0259 g\u00f6r\u00fc\u015f\u00fcb. Bu bar\u0259d\u0259 T\u00fcrkiy\u0259nin Xarici \u0130\u015fl\u0259r Nazirliyind\u0259n bildirilib. T\u0259r\u0259fl\u0259r \u0130qtisadi \u018fm\u0259kda\u015fl\u0131q T\u0259\u015fkilat\u0131n\u0131n Nazirl\u0259r \u015euras\u0131n\u0131n oktyabr\u0131n 10-da \u015eu\u015fada ke\u00e7iril\u0259n 27-ci iclas\u0131 \u00e7\u0259r\u00e7iv\u0259sind\u0259 bir araya g\u0259libl\u0259r. Hakan Fidan v\u0259 C\u0259lil Abbas Cilani qar\u015f\u0131l\u0131ql\u0131 maraq do\u011furan m\u0259s\u0259l\u0259l\u0259ri m\u00fczakir\u0259 edibl\u0259r. &nbsp;","_links":{"self":[{"href":"https:\/\/arantv.az\/index.php?rest_route=\/wp\/v2\/posts\/643668"}],"collection":[{"href":"https:\/\/arantv.az\/index.php?rest_route=\/wp\/v2\/posts"}],"about":[{"href":"https:\/\/arantv.az\/index.php?rest_route=\/wp\/v2\/types\/post"}],"author":[{"embeddable":true,"href":"https:\/\/arantv.az\/index.php?rest_route=\/wp\/v2\/users\/2"}],"replies":[{"embeddable":true,"href":"https:\/\/arantv.az\/index.php?rest_route=%2Fwp%2Fv2%2Fcomments&post=643668"}],"version-history":[{"count":0,"href":"https:\/\/arantv.az\/index.php?rest_route=\/wp\/v2\/posts\/643668\/revisions"}],"wp:featuredmedia":[{"embeddable":true,"href":"https:\/\/arantv.az\/index.php?rest_route=\/wp\/v2\/media\/643671"}],"wp:attachment":[{"href":"https:\/\/arantv.az\/index.php?rest_route=%2Fwp%2Fv2%2Fmedia&parent=643668"}],"wp:term":[{"taxonomy":"category","embeddable":true,"href":"https:\/\/arantv.az\/index.php?rest_route=%2Fwp%2Fv2%2Fcategories&post=643668"},{"taxonomy":"post_tag","embeddable":true,"href":"https:\/\/arantv.az\/index.php?rest_route=%2Fwp%2Fv2%2Ftags&post=643668"}],"curies":[{"name":"wp","href":"https:\/\/api.w.org\/{rel}","templated":true}]}}