{"id":643676,"date":"2023-10-10T18:31:11","date_gmt":"2023-10-10T14:31:11","guid":{"rendered":"https:\/\/arantv.az\/?p=643676"},"modified":"2023-10-10T18:31:11","modified_gmt":"2023-10-10T14:31:11","slug":"netanyahuya-milli-birlik-hokum%c9%99ti-qurmaq-tapsirilib","status":"publish","type":"post","link":"https:\/\/arantv.az\/?p=643676","title":{"rendered":"Netanyahuya milli birlik h\u00f6kum\u0259ti qurmaq tap\u015f\u0131r\u0131l\u0131b"},"content":{"rendered":"<p>\u0130srail h\u00f6kum\u0259ti koalisiya partiyalar\u0131n\u0131n liderl\u0259ri ba\u015f nazir Benyamin Netanyahuya milli birlik h\u00f6kum\u0259ti qurma\u011f\u0131 tap\u015f\u0131r\u0131blar.<\/p>\n<p>M\u0259lumata g\u00f6r\u0259, q\u0259rar yekdillikl\u0259 q\u0259bul edilib.<\/p>\n<p>Oktyabr\u0131n 9-da Netanyahu m\u00fcxalif\u0259t liderl\u0259rini F\u0259l\u0259stinin H\u018fMAS radikal h\u0259r\u0259kat\u0131 il\u0259 silahl\u0131 m\u00fcnaqi\u015f\u0259 kontekstind\u0259 \u00f6lk\u0259d\u0259 milli birlik h\u00f6kum\u0259ti qurma\u011fa d\u0259v\u0259t edib. Bu m\u0259qs\u0259dl\u0259 ba\u015f nazir oktyabr\u0131n 7-d\u0259 parlament m\u00fcxalif\u0259tinin lideri Yair Lapidl\u0259 g\u00f6r\u00fc\u015f\u00fcb. S\u00f6hb\u0259td\u0259n sonra Lapid siyasi fikir ayr\u0131l\u0131qlar\u0131n\u0131 bir k\u0259nara qoyub Netanyahu il\u0259 birlikd\u0259 milli birlik h\u00f6kum\u0259ti qurma\u011fa haz\u0131r oldu\u011funu a\u00e7\u0131qlay\u0131b.<\/p>\n<p>M\u0259nb\u0259: TASS<\/p>\n","protected":false},"excerpt":{"rendered":"<p>\u0130srail h\u00f6kum\u0259ti koalisiya partiyalar\u0131n\u0131n liderl\u0259ri ba\u015f nazir Benyamin Netanyahuya milli birlik h\u00f6kum\u0259ti qurma\u011f\u0131 tap\u015f\u0131r\u0131blar. M\u0259lumata g\u00f6r\u0259, q\u0259rar yekdillikl\u0259 q\u0259bul edilib. Oktyabr\u0131n 9-da Netanyahu m\u00fcxalif\u0259t liderl\u0259rini F\u0259l\u0259stinin H\u018fMAS radikal h\u0259r\u0259kat\u0131 il\u0259 silahl\u0131 m\u00fcnaqi\u015f\u0259 kontekstind\u0259 \u00f6lk\u0259d\u0259 milli birlik h\u00f6kum\u0259ti qurma\u011fa d\u0259v\u0259t edib. Bu m\u0259qs\u0259dl\u0259 ba\u015f nazir oktyabr\u0131n 7-d\u0259 parlament m\u00fcxalif\u0259tinin lideri Yair Lapidl\u0259 g\u00f6r\u00fc\u015f\u00fcb. S\u00f6hb\u0259td\u0259n sonra Lapid siyasi fikir ayr\u0131l\u0131qlar\u0131n\u0131 bir k\u0259nara qoyub Netanyahu il\u0259 birlikd\u0259 milli birlik h\u00f6kum\u0259ti qurma\u011fa haz\u0131r oldu\u011funu a\u00e7\u0131qlay\u0131b. M\u0259nb\u0259: TASS<\/p>\n","protected":false},"author":2,"featured_media":643678,"comment_status":"closed","ping_status":"closed","sticky":false,"template":"","format":"standard","meta":{"om_disable_all_campaigns":false,"_monsterinsights_skip_tracking":false,"_monsterinsights_sitenote_active":false,"_monsterinsights_sitenote_note":"","_monsterinsights_sitenote_category":0},"categories":[7],"tags":[],"aioseo_notices":[],"gutentor_comment":0,"rttpg_featured_image_url":{"full":["https:\/\/arantv.az\/wp-content\/uploads\/2023\/10\/FotoJet-7-1.jpg",620,413,false],"landscape":["https:\/\/arantv.az\/wp-content\/uploads\/2023\/10\/FotoJet-7-1.jpg",620,413,false],"portraits":["https:\/\/arantv.az\/wp-content\/uploads\/2023\/10\/FotoJet-7-1.jpg",620,413,false],"thumbnail":["https:\/\/arantv.az\/wp-content\/uploads\/2023\/10\/FotoJet-7-1-500x280.jpg",500,280,true],"medium":["https:\/\/arantv.az\/wp-content\/uploads\/2023\/10\/FotoJet-7-1-548x365.jpg",548,365,true],"large":["https:\/\/arantv.az\/wp-content\/uploads\/2023\/10\/FotoJet-7-1.jpg",620,413,false],"1536x1536":["https:\/\/arantv.az\/wp-content\/uploads\/2023\/10\/FotoJet-7-1.jpg",620,413,false],"2048x2048":["https:\/\/arantv.az\/wp-content\/uploads\/2023\/10\/FotoJet-7-1.jpg",620,413,false],"post-thumbnail":["https:\/\/arantv.az\/wp-content\/uploads\/2023\/10\/FotoJet-7-1-240x172.jpg",240,172,true],"advps-thumb-one":["https:\/\/arantv.az\/wp-content\/uploads\/2023\/10\/FotoJet-7-1.jpg",620,413,false]},"rttpg_author":{"display_name":"V\u00fcsal Rafiqo\u011flu","author_link":"https:\/\/arantv.az\/?author=2"},"rttpg_comment":0,"rttpg_category":"<a href=\"https:\/\/arantv.az\/?cat=7\" rel=\"category\">D\u00fcnya<\/a>","rttpg_excerpt":"\u0130srail h\u00f6kum\u0259ti koalisiya partiyalar\u0131n\u0131n liderl\u0259ri ba\u015f nazir Benyamin Netanyahuya milli birlik h\u00f6kum\u0259ti qurma\u011f\u0131 tap\u015f\u0131r\u0131blar. M\u0259lumata g\u00f6r\u0259, q\u0259rar yekdillikl\u0259 q\u0259bul edilib. Oktyabr\u0131n 9-da Netanyahu m\u00fcxalif\u0259t liderl\u0259rini F\u0259l\u0259stinin H\u018fMAS radikal h\u0259r\u0259kat\u0131 il\u0259 silahl\u0131 m\u00fcnaqi\u015f\u0259 kontekstind\u0259 \u00f6lk\u0259d\u0259 milli birlik h\u00f6kum\u0259ti qurma\u011fa d\u0259v\u0259t edib. Bu m\u0259qs\u0259dl\u0259 ba\u015f nazir oktyabr\u0131n 7-d\u0259 parlament m\u00fcxalif\u0259tinin lideri Yair Lapidl\u0259 g\u00f6r\u00fc\u015f\u00fcb. S\u00f6hb\u0259td\u0259n sonra Lapid&hellip;","_links":{"self":[{"href":"https:\/\/arantv.az\/index.php?rest_route=\/wp\/v2\/posts\/643676"}],"collection":[{"href":"https:\/\/arantv.az\/index.php?rest_route=\/wp\/v2\/posts"}],"about":[{"href":"https:\/\/arantv.az\/index.php?rest_route=\/wp\/v2\/types\/post"}],"author":[{"embeddable":true,"href":"https:\/\/arantv.az\/index.php?rest_route=\/wp\/v2\/users\/2"}],"replies":[{"embeddable":true,"href":"https:\/\/arantv.az\/index.php?rest_route=%2Fwp%2Fv2%2Fcomments&post=643676"}],"version-history":[{"count":0,"href":"https:\/\/arantv.az\/index.php?rest_route=\/wp\/v2\/posts\/643676\/revisions"}],"wp:featuredmedia":[{"embeddable":true,"href":"https:\/\/arantv.az\/index.php?rest_route=\/wp\/v2\/media\/643678"}],"wp:attachment":[{"href":"https:\/\/arantv.az\/index.php?rest_route=%2Fwp%2Fv2%2Fmedia&parent=643676"}],"wp:term":[{"taxonomy":"category","embeddable":true,"href":"https:\/\/arantv.az\/index.php?rest_route=%2Fwp%2Fv2%2Fcategories&post=643676"},{"taxonomy":"post_tag","embeddable":true,"href":"https:\/\/arantv.az\/index.php?rest_route=%2Fwp%2Fv2%2Ftags&post=643676"}],"curies":[{"name":"wp","href":"https:\/\/api.w.org\/{rel}","templated":true}]}}