{"id":643680,"date":"2023-10-10T18:32:28","date_gmt":"2023-10-10T14:32:28","guid":{"rendered":"https:\/\/arantv.az\/?p=643680"},"modified":"2023-10-10T18:32:28","modified_gmt":"2023-10-10T14:32:28","slug":"naxcivanin-bir-qrup-t%c9%99hsil-iscisi-t%c9%99ltif-edildi-siyahi","status":"publish","type":"post","link":"https:\/\/arantv.az\/?p=643680","title":{"rendered":"Nax\u00e7\u0131van\u0131n bir qrup t\u0259hsil i\u015f\u00e7isi t\u0259ltif edildi &#8211; S\u0130YAHI"},"content":{"rendered":"<p>Nax\u00e7\u0131van Muxtar Respublikas\u0131 Ali M\u0259clisi s\u0259drinin m\u00fcavini Anar \u0130brahimov oktyabr\u0131n 10-da \u201c\u018fm\u0259kdar m\u00fc\u0259llim\u201d f\u0259xri ad\u0131n\u0131n verilm\u0259si haqq\u0131nda s\u0259r\u0259ncam imzalay\u0131b.<\/p>\n<p>\u201cReport\u201dun yerli b\u00fcrosu x\u0259b\u0259r verir ki, s\u0259r\u0259ncama \u0259sas\u0259n, Nax\u00e7\u0131van Muxtar Respublikas\u0131nda t\u0259hsil sah\u0259sind\u0259 s\u0259m\u0259r\u0259li f\u0259aliyy\u0259tl\u0259rin\u0259 g\u00f6r\u0259 a\u015fa\u011f\u0131dak\u0131 \u015f\u0259xsl\u0259r \u201c\u018fm\u0259kdar m\u00fc\u0259llim\u201d f\u0259xri ad\u0131 il\u0259 t\u0259ltif edilibl\u0259r:<\/p>\n<p>Babayeva G\u00fclnar H\u0259s\u0259n q\u0131z\u0131<\/p>\n<p>C\u0259f\u0259rova Ruhiyy\u0259 Oruc\u0259li q\u0131z\u0131<\/p>\n<p>\u018fliyev Z\u00fclf\u0259li Novruz\u0259li o\u011flu<\/p>\n<p>\u018fliyeva Lami\u0259 S\u0259ft\u0259r q\u0131z\u0131<\/p>\n<p>\u018fliyeva V\u0259sil\u0259 Tahir q\u0131z\u0131<\/p>\n<p>H\u0259s\u0259nova Sara M\u0259mm\u0259d q\u0131z\u0131<\/p>\n<p>H\u00fcseynova S\u0259nub\u0259r C\u0259bi q\u0131z\u0131<\/p>\n<p>M\u0259mm\u0259dova \u018ffsan\u0259 Yaqub q\u0131z\u0131<\/p>\n<p>M\u0259mm\u0259dova R\u0259x\u015f\u0259nd\u0259 Mahmud q\u0131z\u0131<\/p>\n<p>N\u0259sirov \u018fsg\u0259r V\u0259li o\u011flu<\/p>\n<p>Sad\u0131qb\u0259yli Turac A\u011fa q\u0131z\u0131<\/p>\n<p>S\u0259yyadova Aynur R\u0259him q\u0131z\u0131.<\/p>\n","protected":false},"excerpt":{"rendered":"<p>Nax\u00e7\u0131van Muxtar Respublikas\u0131 Ali M\u0259clisi s\u0259drinin m\u00fcavini Anar \u0130brahimov oktyabr\u0131n 10-da \u201c\u018fm\u0259kdar m\u00fc\u0259llim\u201d f\u0259xri ad\u0131n\u0131n verilm\u0259si haqq\u0131nda s\u0259r\u0259ncam imzalay\u0131b. \u201cReport\u201dun yerli b\u00fcrosu x\u0259b\u0259r verir ki, s\u0259r\u0259ncama \u0259sas\u0259n, Nax\u00e7\u0131van Muxtar Respublikas\u0131nda t\u0259hsil sah\u0259sind\u0259 s\u0259m\u0259r\u0259li f\u0259aliyy\u0259tl\u0259rin\u0259 g\u00f6r\u0259 a\u015fa\u011f\u0131dak\u0131 \u015f\u0259xsl\u0259r \u201c\u018fm\u0259kdar m\u00fc\u0259llim\u201d f\u0259xri ad\u0131 il\u0259 t\u0259ltif edilibl\u0259r: Babayeva G\u00fclnar H\u0259s\u0259n q\u0131z\u0131 C\u0259f\u0259rova Ruhiyy\u0259 Oruc\u0259li q\u0131z\u0131 \u018fliyev Z\u00fclf\u0259li Novruz\u0259li o\u011flu \u018fliyeva Lami\u0259 S\u0259ft\u0259r q\u0131z\u0131 \u018fliyeva V\u0259sil\u0259 Tahir q\u0131z\u0131 H\u0259s\u0259nova Sara M\u0259mm\u0259d q\u0131z\u0131 H\u00fcseynova S\u0259nub\u0259r C\u0259bi q\u0131z\u0131 M\u0259mm\u0259dova \u018ffsan\u0259 Yaqub q\u0131z\u0131 M\u0259mm\u0259dova R\u0259x\u015f\u0259nd\u0259 Mahmud q\u0131z\u0131 N\u0259sirov \u018fsg\u0259r V\u0259li o\u011flu Sad\u0131qb\u0259yli Turac A\u011fa q\u0131z\u0131 S\u0259yyadova Aynur&hellip;<\/p>\n","protected":false},"author":2,"featured_media":611553,"comment_status":"closed","ping_status":"closed","sticky":false,"template":"","format":"standard","meta":{"om_disable_all_campaigns":false,"_monsterinsights_skip_tracking":false,"_monsterinsights_sitenote_active":false,"_monsterinsights_sitenote_note":"","_monsterinsights_sitenote_category":0},"categories":[1],"tags":[],"aioseo_notices":[],"gutentor_comment":0,"rttpg_featured_image_url":{"full":["https:\/\/arantv.az\/wp-content\/uploads\/2023\/07\/naxcivan_170123.jpg",637,400,false],"landscape":["https:\/\/arantv.az\/wp-content\/uploads\/2023\/07\/naxcivan_170123.jpg",637,400,false],"portraits":["https:\/\/arantv.az\/wp-content\/uploads\/2023\/07\/naxcivan_170123.jpg",637,400,false],"thumbnail":["https:\/\/arantv.az\/wp-content\/uploads\/2023\/07\/naxcivan_170123-500x280.jpg",500,280,true],"medium":["https:\/\/arantv.az\/wp-content\/uploads\/2023\/07\/naxcivan_170123-581x365.jpg",581,365,true],"large":["https:\/\/arantv.az\/wp-content\/uploads\/2023\/07\/naxcivan_170123.jpg",637,400,false],"1536x1536":["https:\/\/arantv.az\/wp-content\/uploads\/2023\/07\/naxcivan_170123.jpg",637,400,false],"2048x2048":["https:\/\/arantv.az\/wp-content\/uploads\/2023\/07\/naxcivan_170123.jpg",637,400,false],"post-thumbnail":["https:\/\/arantv.az\/wp-content\/uploads\/2023\/07\/naxcivan_170123-240x172.jpg",240,172,true],"advps-thumb-one":["https:\/\/arantv.az\/wp-content\/uploads\/2023\/07\/naxcivan_170123.jpg",637,400,false]},"rttpg_author":{"display_name":"V\u00fcsal Rafiqo\u011flu","author_link":"https:\/\/arantv.az\/?author=2"},"rttpg_comment":0,"rttpg_category":"<a href=\"https:\/\/arantv.az\/?cat=1\" rel=\"category\">C\u0259miyy\u0259t<\/a>","rttpg_excerpt":"Nax\u00e7\u0131van Muxtar Respublikas\u0131 Ali M\u0259clisi s\u0259drinin m\u00fcavini Anar \u0130brahimov oktyabr\u0131n 10-da \u201c\u018fm\u0259kdar m\u00fc\u0259llim\u201d f\u0259xri ad\u0131n\u0131n verilm\u0259si haqq\u0131nda s\u0259r\u0259ncam imzalay\u0131b. \u201cReport\u201dun yerli b\u00fcrosu x\u0259b\u0259r verir ki, s\u0259r\u0259ncama \u0259sas\u0259n, Nax\u00e7\u0131van Muxtar Respublikas\u0131nda t\u0259hsil sah\u0259sind\u0259 s\u0259m\u0259r\u0259li f\u0259aliyy\u0259tl\u0259rin\u0259 g\u00f6r\u0259 a\u015fa\u011f\u0131dak\u0131 \u015f\u0259xsl\u0259r \u201c\u018fm\u0259kdar m\u00fc\u0259llim\u201d f\u0259xri ad\u0131 il\u0259 t\u0259ltif edilibl\u0259r: Babayeva G\u00fclnar H\u0259s\u0259n q\u0131z\u0131 C\u0259f\u0259rova Ruhiyy\u0259 Oruc\u0259li q\u0131z\u0131 \u018fliyev Z\u00fclf\u0259li Novruz\u0259li&hellip;","_links":{"self":[{"href":"https:\/\/arantv.az\/index.php?rest_route=\/wp\/v2\/posts\/643680"}],"collection":[{"href":"https:\/\/arantv.az\/index.php?rest_route=\/wp\/v2\/posts"}],"about":[{"href":"https:\/\/arantv.az\/index.php?rest_route=\/wp\/v2\/types\/post"}],"author":[{"embeddable":true,"href":"https:\/\/arantv.az\/index.php?rest_route=\/wp\/v2\/users\/2"}],"replies":[{"embeddable":true,"href":"https:\/\/arantv.az\/index.php?rest_route=%2Fwp%2Fv2%2Fcomments&post=643680"}],"version-history":[{"count":0,"href":"https:\/\/arantv.az\/index.php?rest_route=\/wp\/v2\/posts\/643680\/revisions"}],"wp:featuredmedia":[{"embeddable":true,"href":"https:\/\/arantv.az\/index.php?rest_route=\/wp\/v2\/media\/611553"}],"wp:attachment":[{"href":"https:\/\/arantv.az\/index.php?rest_route=%2Fwp%2Fv2%2Fmedia&parent=643680"}],"wp:term":[{"taxonomy":"category","embeddable":true,"href":"https:\/\/arantv.az\/index.php?rest_route=%2Fwp%2Fv2%2Fcategories&post=643680"},{"taxonomy":"post_tag","embeddable":true,"href":"https:\/\/arantv.az\/index.php?rest_route=%2Fwp%2Fv2%2Ftags&post=643680"}],"curies":[{"name":"wp","href":"https:\/\/api.w.org\/{rel}","templated":true}]}}