{"id":643682,"date":"2023-10-10T18:32:33","date_gmt":"2023-10-10T14:32:33","guid":{"rendered":"https:\/\/arantv.az\/?p=643682"},"modified":"2023-10-10T18:32:33","modified_gmt":"2023-10-10T14:32:33","slug":"serbiyali-politoloq-az%c9%99rbaycanin-%c9%99razi-butovluyunu-b%c9%99rpa-etm%c9%99si-bizd%c9%99-umid-yaradir","status":"publish","type":"post","link":"https:\/\/arantv.az\/?p=643682","title":{"rendered":"Serbiyal\u0131 politoloq: \u201cAz\u0259rbaycan\u0131n \u0259razi b\u00fct\u00f6vl\u00fcy\u00fcn\u00fc b\u0259rpa etm\u0259si bizd\u0259 \u00fcmid yarad\u0131r\u201d"},"content":{"rendered":"<p>\u201cBelqrad Az\u0259rbaycan\u0131n \u0259razi b\u00fct\u00f6vl\u00fcy\u00fcn\u00fcn b\u0259rpas\u0131nda v\u0259 onun Qaraba\u011f \u00fcz\u0259rind\u0259 n\u0259zar\u0259tind\u0259 Serbiyadak\u0131 separatizm m\u0259s\u0259l\u0259sini h\u0259ll etm\u0259k \u015fans\u0131n\u0131 g\u00f6r\u00fcr\u201d.<\/p>\n<p>Bunu\u00a0\u201cReport\u201da a\u00e7\u0131qlamas\u0131nda serbiyal\u0131 politoloq Mirko Dautovi\u00e7 deyib.<\/p>\n<p>Onun s\u00f6zl\u0259rin\u0259 g\u00f6r\u0259, Az\u0259rbaycan\u0131n Qaraba\u011f b\u00f6lg\u0259si \u00fcz\u0259rind\u0259 tam n\u0259zar\u0259ti b\u0259rpa etm\u0259si Serbiyada n\u0259 vaxtsa Kosovo il\u0259 d\u0259 ba\u011fl\u0131 ox\u015far hadis\u0259l\u0259rin ba\u015f ver\u0259c\u0259yin\u0259 \u00fcmid yarad\u0131r.<\/p>\n<p>Politoloq vur\u011fulay\u0131b ki, Balkan regionu bir \u00e7ox etnik m\u00fcnaqi\u015f\u0259l\u0259rin oldu\u011fu b\u00f6lg\u0259nin s\u00fclh \u015f\u0259raitind\u0259 birg\u0259 ya\u015faya bil\u0259c\u0259yin\u0259 n\u00fcmun\u0259dir:<\/p>\n<p>\u201cM\u0259nim t\u0259klif etdiyim Balkan n\u00fcmun\u0259si ondan ibar\u0259tdir ki, \u00fcmumi iqtisadi maraqlar etnik g\u0259rginliyi v\u0259 \u00f6lk\u0259l\u0259rin qon\u015fular\u0131n\u0131n \u00f6z \u0259razil\u0259rinin bir hiss\u0259sin\u0259 iddia etm\u0259si il\u0259 ba\u011fl\u0131 narahatl\u0131\u011f\u0131n\u0131 aradan qald\u0131ra bil\u0259r. Erm\u0259nistan Bak\u0131, Ankara v\u0259 Tbilisinin iqtisadi t\u0259r\u0259fda\u015f\u0131 olmaqla \u00e7ox \u015fey qazana bil\u0259r. Erm\u0259nistan\u0131n ba\u015f naziri Nikol Pa\u015finyan\u0131n Qranadada ke\u00e7iril\u0259n Avropa Siyasi Birliyinin sammitind\u0259 Az\u0259rbaycan\u0131n s\u0259rh\u0259dl\u0259rini tan\u0131maq q\u0259rar\u0131n\u0131 d\u00fczg\u00fcn istiqam\u0259td\u0259 at\u0131lm\u0131\u015f yax\u015f\u0131 add\u0131m kimi qiym\u0259tl\u0259ndirir\u0259m\u201d.<\/p>\n","protected":false},"excerpt":{"rendered":"<p>\u201cBelqrad Az\u0259rbaycan\u0131n \u0259razi b\u00fct\u00f6vl\u00fcy\u00fcn\u00fcn b\u0259rpas\u0131nda v\u0259 onun Qaraba\u011f \u00fcz\u0259rind\u0259 n\u0259zar\u0259tind\u0259 Serbiyadak\u0131 separatizm m\u0259s\u0259l\u0259sini h\u0259ll etm\u0259k \u015fans\u0131n\u0131 g\u00f6r\u00fcr\u201d. Bunu\u00a0\u201cReport\u201da a\u00e7\u0131qlamas\u0131nda serbiyal\u0131 politoloq Mirko Dautovi\u00e7 deyib. Onun s\u00f6zl\u0259rin\u0259 g\u00f6r\u0259, Az\u0259rbaycan\u0131n Qaraba\u011f b\u00f6lg\u0259si \u00fcz\u0259rind\u0259 tam n\u0259zar\u0259ti b\u0259rpa etm\u0259si Serbiyada n\u0259 vaxtsa Kosovo il\u0259 d\u0259 ba\u011fl\u0131 ox\u015far hadis\u0259l\u0259rin ba\u015f ver\u0259c\u0259yin\u0259 \u00fcmid yarad\u0131r. Politoloq vur\u011fulay\u0131b ki, Balkan regionu bir \u00e7ox etnik m\u00fcnaqi\u015f\u0259l\u0259rin oldu\u011fu b\u00f6lg\u0259nin s\u00fclh \u015f\u0259raitind\u0259 birg\u0259 ya\u015faya bil\u0259c\u0259yin\u0259 n\u00fcmun\u0259dir: \u201cM\u0259nim t\u0259klif etdiyim Balkan n\u00fcmun\u0259si ondan ibar\u0259tdir ki, \u00fcmumi iqtisadi maraqlar etnik g\u0259rginliyi v\u0259 \u00f6lk\u0259l\u0259rin qon\u015fular\u0131n\u0131n \u00f6z \u0259razil\u0259rinin bir hiss\u0259sin\u0259 iddia etm\u0259si il\u0259 ba\u011fl\u0131 narahatl\u0131\u011f\u0131n\u0131&hellip;<\/p>\n","protected":false},"author":2,"featured_media":467693,"comment_status":"closed","ping_status":"closed","sticky":false,"template":"","format":"standard","meta":{"om_disable_all_campaigns":false,"_monsterinsights_skip_tracking":false,"_monsterinsights_sitenote_active":false,"_monsterinsights_sitenote_note":"","_monsterinsights_sitenote_category":0},"categories":[4],"tags":[],"aioseo_notices":[],"gutentor_comment":0,"rttpg_featured_image_url":{"full":["https:\/\/arantv.az\/wp-content\/uploads\/2022\/04\/susa_0256.jpg",800,600,false],"landscape":["https:\/\/arantv.az\/wp-content\/uploads\/2022\/04\/susa_0256.jpg",800,600,false],"portraits":["https:\/\/arantv.az\/wp-content\/uploads\/2022\/04\/susa_0256.jpg",800,600,false],"thumbnail":["https:\/\/arantv.az\/wp-content\/uploads\/2022\/04\/susa_0256-500x280.jpg",500,280,true],"medium":["https:\/\/arantv.az\/wp-content\/uploads\/2022\/04\/susa_0256-487x365.jpg",487,365,true],"large":["https:\/\/arantv.az\/wp-content\/uploads\/2022\/04\/susa_0256.jpg",640,480,false],"1536x1536":["https:\/\/arantv.az\/wp-content\/uploads\/2022\/04\/susa_0256.jpg",800,600,false],"2048x2048":["https:\/\/arantv.az\/wp-content\/uploads\/2022\/04\/susa_0256.jpg",800,600,false],"post-thumbnail":["https:\/\/arantv.az\/wp-content\/uploads\/2022\/04\/susa_0256-240x172.jpg",240,172,true],"advps-thumb-one":["https:\/\/arantv.az\/wp-content\/uploads\/2022\/04\/susa_0256.jpg",800,600,false]},"rttpg_author":{"display_name":"V\u00fcsal Rafiqo\u011flu","author_link":"https:\/\/arantv.az\/?author=2"},"rttpg_comment":0,"rttpg_category":"<a href=\"https:\/\/arantv.az\/?cat=4\" rel=\"category\">Siyas\u0259t<\/a>","rttpg_excerpt":"\u201cBelqrad Az\u0259rbaycan\u0131n \u0259razi b\u00fct\u00f6vl\u00fcy\u00fcn\u00fcn b\u0259rpas\u0131nda v\u0259 onun Qaraba\u011f \u00fcz\u0259rind\u0259 n\u0259zar\u0259tind\u0259 Serbiyadak\u0131 separatizm m\u0259s\u0259l\u0259sini h\u0259ll etm\u0259k \u015fans\u0131n\u0131 g\u00f6r\u00fcr\u201d. Bunu\u00a0\u201cReport\u201da a\u00e7\u0131qlamas\u0131nda serbiyal\u0131 politoloq Mirko Dautovi\u00e7 deyib. Onun s\u00f6zl\u0259rin\u0259 g\u00f6r\u0259, Az\u0259rbaycan\u0131n Qaraba\u011f b\u00f6lg\u0259si \u00fcz\u0259rind\u0259 tam n\u0259zar\u0259ti b\u0259rpa etm\u0259si Serbiyada n\u0259 vaxtsa Kosovo il\u0259 d\u0259 ba\u011fl\u0131 ox\u015far hadis\u0259l\u0259rin ba\u015f ver\u0259c\u0259yin\u0259 \u00fcmid yarad\u0131r. Politoloq vur\u011fulay\u0131b ki, Balkan regionu bir \u00e7ox&hellip;","_links":{"self":[{"href":"https:\/\/arantv.az\/index.php?rest_route=\/wp\/v2\/posts\/643682"}],"collection":[{"href":"https:\/\/arantv.az\/index.php?rest_route=\/wp\/v2\/posts"}],"about":[{"href":"https:\/\/arantv.az\/index.php?rest_route=\/wp\/v2\/types\/post"}],"author":[{"embeddable":true,"href":"https:\/\/arantv.az\/index.php?rest_route=\/wp\/v2\/users\/2"}],"replies":[{"embeddable":true,"href":"https:\/\/arantv.az\/index.php?rest_route=%2Fwp%2Fv2%2Fcomments&post=643682"}],"version-history":[{"count":0,"href":"https:\/\/arantv.az\/index.php?rest_route=\/wp\/v2\/posts\/643682\/revisions"}],"wp:featuredmedia":[{"embeddable":true,"href":"https:\/\/arantv.az\/index.php?rest_route=\/wp\/v2\/media\/467693"}],"wp:attachment":[{"href":"https:\/\/arantv.az\/index.php?rest_route=%2Fwp%2Fv2%2Fmedia&parent=643682"}],"wp:term":[{"taxonomy":"category","embeddable":true,"href":"https:\/\/arantv.az\/index.php?rest_route=%2Fwp%2Fv2%2Fcategories&post=643682"},{"taxonomy":"post_tag","embeddable":true,"href":"https:\/\/arantv.az\/index.php?rest_route=%2Fwp%2Fv2%2Ftags&post=643682"}],"curies":[{"name":"wp","href":"https:\/\/api.w.org\/{rel}","templated":true}]}}