{"id":643686,"date":"2023-10-10T18:33:34","date_gmt":"2023-10-10T14:33:34","guid":{"rendered":"https:\/\/arantv.az\/?p=643686"},"modified":"2023-10-10T18:33:34","modified_gmt":"2023-10-10T14:33:34","slug":"abs-s%c9%99firliyi-munasib%c9%99tl%c9%99rin-normallasmasi-ucun-az%c9%99rbaycan-v%c9%99-erm%c9%99nistan-arasinda-dialoq-lazimdir-foto","status":"publish","type":"post","link":"https:\/\/arantv.az\/?p=643686","title":{"rendered":"AB\u015e s\u0259firliyi: \u201cM\u00fcnasib\u0259tl\u0259rin normalla\u015fmas\u0131 \u00fc\u00e7\u00fcn Az\u0259rbaycan v\u0259 Erm\u0259nistan aras\u0131nda dialoq laz\u0131md\u0131r\u201d &#8211; FOTO"},"content":{"rendered":"<p>Az\u0259rbaycanla Erm\u0259nistan aras\u0131nda m\u00fcnasib\u0259tl\u0259rin normalla\u015fmas\u0131 \u00fc\u00e7\u00fcn \u00f6lk\u0259l\u0259r aras\u0131nda dialoq apar\u0131lmal\u0131d\u0131r.<\/p>\n<p>Bu bar\u0259d\u0259 AB\u015e-nin Az\u0259rbaycandak\u0131 s\u0259firliyinin \u201cX\u201d sosial \u015f\u0259b\u0259k\u0259sind\u0259ki s\u0259hif\u0259sind\u0259 yaz\u0131l\u0131b.<\/p>\n<p>\u201c\u00d6t\u0259n g\u00fcn Bak\u0131da olan AB\u015e D\u00f6vl\u0259t Departamentinin Qafqaz dan\u0131\u015f\u0131qlar\u0131 \u00fczr\u0259 ba\u015f m\u00fc\u015faviri Lui Bono C\u0259nubi Qafqazda davaml\u0131 v\u0259 l\u0259yaq\u0259tli s\u00fclh\u00fcn \u0259ld\u0259 edilm\u0259sind\u0259 AB\u015e-nin Az\u0259rbaycan v\u0259 Erm\u0259nistana d\u0259st\u0259yini m\u00fczakir\u0259 etm\u0259k \u00fc\u00e7\u00fcn y\u00fcks\u0259k v\u0259zif\u0259li \u015f\u0259xsl\u0259rl\u0259 g\u00f6r\u00fc\u015f\u00fcb. M\u00fcnasib\u0259tl\u0259rin normalla\u015fmas\u0131 \u00fc\u00e7\u00fcn t\u0259r\u0259fl\u0259r aras\u0131nda dialoq laz\u0131md\u0131r\u201d, &#8211; dey\u0259 payla\u015f\u0131mda bildirilib.<\/p>\n<div>\n<div class=\"twitter-tweet twitter-tweet-rendered\"><iframe id=\"twitter-widget-0\" class=\"\" title=\"Twitter Tweet\" src=\"https:\/\/platform.twitter.com\/embed\/Tweet.html?creatorScreenName=oxuaz&amp;dnt=false&amp;embedId=twitter-widget-0&amp;features=eyJ0ZndfdGltZWxpbmVfbGlzdCI6eyJidWNrZXQiOltdLCJ2ZXJzaW9uIjpudWxsfSwidGZ3X2ZvbGxvd2VyX2NvdW50X3N1bnNldCI6eyJidWNrZXQiOnRydWUsInZlcnNpb24iOm51bGx9LCJ0ZndfdHdlZXRfZWRpdF9iYWNrZW5kIjp7ImJ1Y2tldCI6Im9uIiwidmVyc2lvbiI6bnVsbH0sInRmd19yZWZzcmNfc2Vzc2lvbiI6eyJidWNrZXQiOiJvbiIsInZlcnNpb24iOm51bGx9LCJ0ZndfZm9zbnJfc29mdF9pbnRlcnZlbnRpb25zX2VuYWJsZWQiOnsiYnVja2V0Ijoib24iLCJ2ZXJzaW9uIjpudWxsfSwidGZ3X21peGVkX21lZGlhXzE1ODk3Ijp7ImJ1Y2tldCI6InRyZWF0bWVudCIsInZlcnNpb24iOm51bGx9LCJ0ZndfZXhwZXJpbWVudHNfY29va2llX2V4cGlyYXRpb24iOnsiYnVja2V0IjoxMjA5NjAwLCJ2ZXJzaW9uIjpudWxsfSwidGZ3X3Nob3dfYmlyZHdhdGNoX3Bpdm90c19lbmFibGVkIjp7ImJ1Y2tldCI6Im9uIiwidmVyc2lvbiI6bnVsbH0sInRmd19kdXBsaWNhdGVfc2NyaWJlc190b19zZXR0aW5ncyI6eyJidWNrZXQiOiJvbiIsInZlcnNpb24iOm51bGx9LCJ0ZndfdXNlX3Byb2ZpbGVfaW1hZ2Vfc2hhcGVfZW5hYmxlZCI6eyJidWNrZXQiOiJvbiIsInZlcnNpb24iOm51bGx9LCJ0ZndfdmlkZW9faGxzX2R5bmFtaWNfbWFuaWZlc3RzXzE1MDgyIjp7ImJ1Y2tldCI6InRydWVfYml0cmF0ZSIsInZlcnNpb24iOm51bGx9LCJ0ZndfbGVnYWN5X3RpbWVsaW5lX3N1bnNldCI6eyJidWNrZXQiOnRydWUsInZlcnNpb24iOm51bGx9LCJ0ZndfdHdlZXRfZWRpdF9mcm9udGVuZCI6eyJidWNrZXQiOiJvbiIsInZlcnNpb24iOm51bGx9fQ%3D%3D&amp;frame=false&amp;hideCard=false&amp;hideThread=false&amp;id=1711628350614090110&amp;lang=en&amp;origin=https%3A%2F%2Foxu.az%2Fpolitics%2F788318&amp;sessionId=6e1e9353e4ab5e96cd3aa03f10d94028c5b4e74f&amp;siteScreenName=oxuaz&amp;theme=light&amp;widgetsVersion=01917f4d1d4cb%3A1696883169554&amp;width=550px\" frameborder=\"0\" scrolling=\"no\" allowfullscreen=\"allowfullscreen\" data-tweet-id=\"1711628350614090110\" data-mce-fragment=\"1\"><\/iframe><\/div>\n<\/div>\n<p>&nbsp;<\/p>\n","protected":false},"excerpt":{"rendered":"<p>Az\u0259rbaycanla Erm\u0259nistan aras\u0131nda m\u00fcnasib\u0259tl\u0259rin normalla\u015fmas\u0131 \u00fc\u00e7\u00fcn \u00f6lk\u0259l\u0259r aras\u0131nda dialoq apar\u0131lmal\u0131d\u0131r. Bu bar\u0259d\u0259 AB\u015e-nin Az\u0259rbaycandak\u0131 s\u0259firliyinin \u201cX\u201d sosial \u015f\u0259b\u0259k\u0259sind\u0259ki s\u0259hif\u0259sind\u0259 yaz\u0131l\u0131b. \u201c\u00d6t\u0259n g\u00fcn Bak\u0131da olan AB\u015e D\u00f6vl\u0259t Departamentinin Qafqaz dan\u0131\u015f\u0131qlar\u0131 \u00fczr\u0259 ba\u015f m\u00fc\u015faviri Lui Bono C\u0259nubi Qafqazda davaml\u0131 v\u0259 l\u0259yaq\u0259tli s\u00fclh\u00fcn \u0259ld\u0259 edilm\u0259sind\u0259 AB\u015e-nin Az\u0259rbaycan v\u0259 Erm\u0259nistana d\u0259st\u0259yini m\u00fczakir\u0259 etm\u0259k \u00fc\u00e7\u00fcn y\u00fcks\u0259k v\u0259zif\u0259li \u015f\u0259xsl\u0259rl\u0259 g\u00f6r\u00fc\u015f\u00fcb. M\u00fcnasib\u0259tl\u0259rin normalla\u015fmas\u0131 \u00fc\u00e7\u00fcn t\u0259r\u0259fl\u0259r aras\u0131nda dialoq laz\u0131md\u0131r\u201d, &#8211; dey\u0259 payla\u015f\u0131mda bildirilib. &nbsp;<\/p>\n","protected":false},"author":2,"featured_media":643689,"comment_status":"closed","ping_status":"closed","sticky":false,"template":"","format":"standard","meta":{"om_disable_all_campaigns":false,"_monsterinsights_skip_tracking":false,"_monsterinsights_sitenote_active":false,"_monsterinsights_sitenote_note":"","_monsterinsights_sitenote_category":0},"categories":[4],"tags":[],"aioseo_notices":[],"gutentor_comment":0,"rttpg_featured_image_url":{"full":["https:\/\/arantv.az\/wp-content\/uploads\/2023\/10\/abs.jpg",620,413,false],"landscape":["https:\/\/arantv.az\/wp-content\/uploads\/2023\/10\/abs.jpg",620,413,false],"portraits":["https:\/\/arantv.az\/wp-content\/uploads\/2023\/10\/abs.jpg",620,413,false],"thumbnail":["https:\/\/arantv.az\/wp-content\/uploads\/2023\/10\/abs-500x280.jpg",500,280,true],"medium":["https:\/\/arantv.az\/wp-content\/uploads\/2023\/10\/abs-548x365.jpg",548,365,true],"large":["https:\/\/arantv.az\/wp-content\/uploads\/2023\/10\/abs.jpg",620,413,false],"1536x1536":["https:\/\/arantv.az\/wp-content\/uploads\/2023\/10\/abs.jpg",620,413,false],"2048x2048":["https:\/\/arantv.az\/wp-content\/uploads\/2023\/10\/abs.jpg",620,413,false],"post-thumbnail":["https:\/\/arantv.az\/wp-content\/uploads\/2023\/10\/abs-240x172.jpg",240,172,true],"advps-thumb-one":["https:\/\/arantv.az\/wp-content\/uploads\/2023\/10\/abs.jpg",620,413,false]},"rttpg_author":{"display_name":"V\u00fcsal Rafiqo\u011flu","author_link":"https:\/\/arantv.az\/?author=2"},"rttpg_comment":0,"rttpg_category":"<a href=\"https:\/\/arantv.az\/?cat=4\" rel=\"category\">Siyas\u0259t<\/a>","rttpg_excerpt":"Az\u0259rbaycanla Erm\u0259nistan aras\u0131nda m\u00fcnasib\u0259tl\u0259rin normalla\u015fmas\u0131 \u00fc\u00e7\u00fcn \u00f6lk\u0259l\u0259r aras\u0131nda dialoq apar\u0131lmal\u0131d\u0131r. Bu bar\u0259d\u0259 AB\u015e-nin Az\u0259rbaycandak\u0131 s\u0259firliyinin \u201cX\u201d sosial \u015f\u0259b\u0259k\u0259sind\u0259ki s\u0259hif\u0259sind\u0259 yaz\u0131l\u0131b. \u201c\u00d6t\u0259n g\u00fcn Bak\u0131da olan AB\u015e D\u00f6vl\u0259t Departamentinin Qafqaz dan\u0131\u015f\u0131qlar\u0131 \u00fczr\u0259 ba\u015f m\u00fc\u015faviri Lui Bono C\u0259nubi Qafqazda davaml\u0131 v\u0259 l\u0259yaq\u0259tli s\u00fclh\u00fcn \u0259ld\u0259 edilm\u0259sind\u0259 AB\u015e-nin Az\u0259rbaycan v\u0259 Erm\u0259nistana d\u0259st\u0259yini m\u00fczakir\u0259 etm\u0259k \u00fc\u00e7\u00fcn y\u00fcks\u0259k v\u0259zif\u0259li \u015f\u0259xsl\u0259rl\u0259 g\u00f6r\u00fc\u015f\u00fcb. M\u00fcnasib\u0259tl\u0259rin&hellip;","_links":{"self":[{"href":"https:\/\/arantv.az\/index.php?rest_route=\/wp\/v2\/posts\/643686"}],"collection":[{"href":"https:\/\/arantv.az\/index.php?rest_route=\/wp\/v2\/posts"}],"about":[{"href":"https:\/\/arantv.az\/index.php?rest_route=\/wp\/v2\/types\/post"}],"author":[{"embeddable":true,"href":"https:\/\/arantv.az\/index.php?rest_route=\/wp\/v2\/users\/2"}],"replies":[{"embeddable":true,"href":"https:\/\/arantv.az\/index.php?rest_route=%2Fwp%2Fv2%2Fcomments&post=643686"}],"version-history":[{"count":0,"href":"https:\/\/arantv.az\/index.php?rest_route=\/wp\/v2\/posts\/643686\/revisions"}],"wp:featuredmedia":[{"embeddable":true,"href":"https:\/\/arantv.az\/index.php?rest_route=\/wp\/v2\/media\/643689"}],"wp:attachment":[{"href":"https:\/\/arantv.az\/index.php?rest_route=%2Fwp%2Fv2%2Fmedia&parent=643686"}],"wp:term":[{"taxonomy":"category","embeddable":true,"href":"https:\/\/arantv.az\/index.php?rest_route=%2Fwp%2Fv2%2Fcategories&post=643686"},{"taxonomy":"post_tag","embeddable":true,"href":"https:\/\/arantv.az\/index.php?rest_route=%2Fwp%2Fv2%2Ftags&post=643686"}],"curies":[{"name":"wp","href":"https:\/\/api.w.org\/{rel}","templated":true}]}}